{"id":2580,"date":"2017-01-31T11:03:41","date_gmt":"2017-01-31T11:03:41","guid":{"rendered":"http:\/\/anatem.info\/?p=2580"},"modified":"2017-01-31T11:03:41","modified_gmt":"2017-01-31T11:03:41","slug":"reactions-officielles-suite-au-retour-du-maroc-a-lunion-africaine","status":"publish","type":"post","link":"https:\/\/anatem.info\/?p=2580","title":{"rendered":"R\u00e9actions officielles suite au retour du Maroc \u00e0 l&rsquo;Union Africaine"},"content":{"rendered":"<h2>La R\u00e9publique centrafricaine se f\u00e9licite du retour du Maroc au sein de l\u2019UA<\/h2>\n<p>La R\u00e9publique centrafricaine s\u2019est f\u00e9licit\u00e9e, le 30 janvier 2017, du retour du Maroc au sein de l\u2019Union africaine (UA), soulignant que le Maroc \u00abest un grand pays qui apportera un grand apport aux efforts de d\u00e9veloppement dans le continent \u00bb.<\/p>\n<p>\u00abNous sommes heureux d\u2019accueillir le Royaume du Maroc au sein de sa grande famille africaine\u00bb, a d\u00e9clar\u00e9 \u00e0 la presse le ministre centrafricain des Affaires \u00e9trang\u00e8res, de l\u2019int\u00e9gration africaine et des Centrafricains de l\u2019\u00e9tranger, Charles Armel Doubane.<\/p>\n<h2>Le Pr\u00e9sident s\u00e9n\u00e9galais se r\u00e9jouit du retour du Maroc au sein de l\u2019UA<\/h2>\n<p>Le Pr\u00e9sident s\u00e9n\u00e9galais, M. Macky Sall, s\u2019est r\u00e9jouit du retour du Maroc au sein de l\u2019Union africaine (UA), soulignant que le Royaume \u00abest dans sa place en Afrique\u00bb.<\/p>\n<p>\u00abNous sommes tr\u00e8s heureux de pouvoir accueillir le Maroc aujourd\u2019hui au sein de l\u2019Union africaine (UA)\u00bb, a d\u00e9clar\u00e9 M. Sall \u00e0 la presse.<\/p>\n<h2>Le retour du Maroc \u00e0 l\u2019UA donne un nouvel \u00e9lan \u00e0 l\u2019int\u00e9gration africaine (ministre b\u00e9ninois des AE)<\/h2>\n<p>Le Benin s\u2019est f\u00e9licit\u00e9, le 30 janvier 2017, du retour du Maroc au sein de l\u2019Union africaine (UA), soulignant que le Royaume demeure un acteur important sur la sc\u00e8ne continentale.<\/p>\n<p>\u00abOn ne peut pas imaginer une famille (africaine) sans un membre aussi important\u00bb que le Maroc, a d\u00e9clar\u00e9 \u00e0 la presse le ministre b\u00e9ninois des Affaires \u00e9trang\u00e8res et de la coop\u00e9ration, M. Aur\u00e9lien Agb\u00e9nonci.<\/p>\n<h2>Le Maroc a un grand r\u00f4le \u00e0 jouer au sein de l\u2019UA (Pr\u00e9sident du Cap Vert)<\/h2>\n<p>Le Maroc a un grand r\u00f4le \u00e0 jouer au sein de l\u2019Union africaine (UA), a d\u00e9clar\u00e9, le 30 janvier 2017, \u00e0 Addis-Abeba, le pr\u00e9sident du Cap Vert, M. Jorge Carlos Fonseca.<\/p>\n<p>Le retour du Maroc au sein de l\u2019UA ne peut \u00eatre que b\u00e9n\u00e9fique pour le continent africain, a dit M. Fonseca dans une d\u00e9claration \u00e0 la presse, en marge du 28\u00e8 sommet des Chefs d&rsquo;Etat et de gouvernement africains, qui s\u2019est ouvert dans la capitale \u00e9thiopienne.<\/p>\n<p><strong>Le retour du Maroc \u00e0 l\u2019UA, un moment qui marquera l&rsquo;histoire contemporaine du continent africain (Institut portugais)<\/strong><\/p>\n<p>Le retour du Maroc au sein de l\u2019Union africaine est un \u00e9v\u00e9nement qui marquera l&rsquo;histoire contemporaine du continent africain, a soulign\u00e9 le pr\u00e9sident de l\u2019Institut luso-arabe pour la coop\u00e9ration (ILAC), Manuel Pechirra.<\/p>\n<p>\u00ab\u00a0La r\u00e9int\u00e9gration du Maroc au sein de sa famille institutionnelle, la principale organisation multilat\u00e9rale africaine, qu\u2019est l&rsquo;Union africaine va renforcer le r\u00f4le central que joue le Maroc entre l&rsquo;Afrique et l&rsquo;Europe gr\u00e2ce \u00e0 l&rsquo;utilisation et la mobilisation d&rsquo;un ensemble de fonds internationaux \u00ab\u00a0, a-t-il dit dans une d\u00e9claration \u00e0 la MAP.<\/p>\n","protected":false},"excerpt":{"rendered":"<p>La R\u00e9publique centrafricaine se f\u00e9licite du retour du Maroc au sein de l\u2019UA La R\u00e9publique centrafricaine s\u2019est f\u00e9licit\u00e9e, le 30<\/p>\n","protected":false},"author":2,"featured_media":0,"comment_status":"closed","ping_status":"closed","sticky":false,"template":"","format":"standard","meta":{"footnotes":""},"categories":[3,62,5,7],"tags":[],"class_list":["post-2580","post","type-post","status-publish","format-standard","hentry","category-accueil","category-afrique","category-maghreb-news","category-presse-marocaine"],"_links":{"self":[{"href":"https:\/\/anatem.info\/index.php?rest_route=\/wp\/v2\/posts\/2580","targetHints":{"allow":["GET"]}}],"collection":[{"href":"https:\/\/anatem.info\/index.php?rest_route=\/wp\/v2\/posts"}],"about":[{"href":"https:\/\/anatem.info\/index.php?rest_route=\/wp\/v2\/types\/post"}],"author":[{"embeddable":true,"href":"https:\/\/anatem.info\/index.php?rest_route=\/wp\/v2\/users\/2"}],"replies":[{"embeddable":true,"href":"https:\/\/anatem.info\/index.php?rest_route=%2Fwp%2Fv2%2Fcomments&post=2580"}],"version-history":[{"count":1,"href":"https:\/\/anatem.info\/index.php?rest_route=\/wp\/v2\/posts\/2580\/revisions"}],"predecessor-version":[{"id":2582,"href":"https:\/\/anatem.info\/index.php?rest_route=\/wp\/v2\/posts\/2580\/revisions\/2582"}],"wp:attachment":[{"href":"https:\/\/anatem.info\/index.php?rest_route=%2Fwp%2Fv2%2Fmedia&parent=2580"}],"wp:term":[{"taxonomy":"category","embeddable":true,"href":"https:\/\/anatem.info\/index.php?rest_route=%2Fwp%2Fv2%2Fcategories&post=2580"},{"taxonomy":"post_tag","embeddable":true,"href":"https:\/\/anatem.info\/index.php?rest_route=%2Fwp%2Fv2%2Ftags&post=2580"}],"curies":[{"name":"wp","href":"https:\/\/api.w.org\/{rel}","templated":true}]}}