{"id":2583,"date":"2017-01-31T12:50:31","date_gmt":"2017-01-31T12:50:31","guid":{"rendered":"http:\/\/anatem.info\/?p=2583"},"modified":"2017-01-31T12:50:31","modified_gmt":"2017-01-31T12:50:31","slug":"comment-sest-passee-ladhesion-du-maroc-a-lunion-africaine","status":"publish","type":"post","link":"https:\/\/anatem.info\/?p=2583","title":{"rendered":"Comment s\u2019est pass\u00e9e l\u2019adh\u00e9sion du Maroc \u00e0 l\u2019Union africaine"},"content":{"rendered":"<p>Tous les obstacles soulev\u00e9s par les Alg\u00e9riens et Sud-Africains contre l\u2019adh\u00e9sion du Maroc \u00e0 l\u2019Union africaine (UA) ont \u00e9t\u00e9 d\u00e9mont\u00e9s, les uns \u00e0 la suite des autres. Le roi Mohammed VI se trouve sur place depuis vendredi dernier, et a multipli\u00e9 les contacts. Et les efforts des adversaires du Maroc se sont poursuivis jusque dans la salle du vote\u2026 avant que le Maroc ne soit acclam\u00e9, et admis.<\/p>\n<p>Les deux Etats oppos\u00e9s au Maroc, en l\u2019occurrence donc Alg\u00e9rie et Afrique du Sud, avaient leur 5<sup>\u00e8me<\/sup> colonne \u00e0 l\u2019int\u00e9rieur du c\u00e9nacle africain. Il s\u2019agit de l\u2019ex-\u00e9pouse du pr\u00e9sident sud-africain Jacob Zuma, Nkosazana Dlamini \u00a0Zuma, pr\u00e9sidente de la Commission africaine jusqu\u2019\u00e0 hier. Elle avait retard\u00e9 la transmission de la demande du Maroc aux Etat membres, puis avait soulev\u00e9 la question de la ratification de l\u2019Acte constitutif du royaume (qui tra\u00eenait un peu les pieds pour cela). Et, une fois cela d\u00e9pass\u00e9 et les instruments de cette ratification d\u00e9pos\u00e9s \u00e0 la Commission, il ne restait plus rien \u00e0 faire. Rien\u00a0? Pas si s\u00fbr\u2026<\/p>\n<p>Le 13 novembre dernier, la Commission \u00ab\u00a0de\u00a0\u00bb Mme Zuma avait sollicit\u00e9 l\u2019avis d\u2019un conseiller juridique. Il devait r\u00e9pondre \u00e0 une s\u00e9rie de questions sur l\u2019\u00e9ligibilit\u00e9 du Maroc et la coh\u00e9rence entre l\u2019Acte constitutif de l\u2019Union africaine, notamment le respect des fronti\u00e8res, et la situation d\u2019occupation par le royaume marocain du Sahara occidental. En plus de l\u2019Alg\u00e9rie, le Nig\u00e9ria, le Zimbabwe, le Soudan du Sud, la Namibie, l\u2019Ouganda, le Mozambique, Malawi, le Lesotho, l\u2019Afrique du Sud et le Kenya sont les autres pays \u00e0 avoir interpell\u00e9 le Conseiller juridique.<\/p>\n<p>Dans sa r\u00e9ponse, ce dernier soulevait la question de l\u2019 \u00ab\u00a0occupation militaire\u00a0\u00bb du Sahara, territoire \u00e0 ses yeux appartenant \u00e0 la RASD, par le Maroc, en plus de la probl\u00e9matique constitutionnelle du Maroc, qui \u00e9voque \u00ab\u00a0<em>les fronti\u00e8res authentiques du Maroc<\/em>\u00a0\u00bb, cela \u00e9tant per\u00e7u comme un \u00e9cueil politique \u00e0 l\u2019adh\u00e9sion du royaume. Alg\u00e9riens et Sud-africains voulaient, hier \u00e0 Addis Abeba, s\u2019assurer que le Maroc ne remettrait jamais en question les fronti\u00e8res issus de l\u2019ind\u00e9pendance, c\u2019est-\u00e0-dire qu\u2019il s\u2019engagerait \u00e0 reconna\u00eetre la RASD. Enfin, le conseiller juridique a rappel\u00e9 le dernier arr\u00eat de la Cour de Justice europ\u00e9enne, qui faisait un distinguo entre le Maroc et le Sahara.<\/p>\n<p>Mais cela \u00e9tait compter sans l\u2019activit\u00e9 d\u00e9bordante de Mohammed VI, \u00e0 Addis Abeba, recevant tour \u00e0 tour les chefs d\u2019Etats acquis \u00e0 l\u2019entr\u00e9e du Maroc \u00e0 l\u2019UA. De son c\u00f4t\u00e9, celui qui devait prendre la t\u00eate de l\u2019UA, le Guin\u00e9en Alpha Cond\u00e9, un grand ami du Maroc, a rencontr\u00e9 les pr\u00e9sident sud-africain et angolais, pour adoucir leur position.<\/p>\n<p>Finalement, lors du Sommet, et alors qu\u2019une dizaine de pays voulaient faire basculer la question de l\u2019adh\u00e9sion de son aspect technique au volet politique sur les relations entre Rabat et la RASD, Alpha Cond\u00e9 a annonc\u00e9 l\u2019accord de 39 pays pour l\u2019entr\u00e9e du Maroc, rappelant \u00e0 ses pairs que c\u2019\u00e9tait cela la d\u00e9mocratie, alors que son homologue s\u00e9n\u00e9galais Macky Sall a rappel\u00e9 que l&rsquo;article 29 de l&rsquo;Acte constitutif de l&rsquo;UA ne mentionne que la majorit\u00e9 pour l&rsquo;adh\u00e9sion, et aucune autre question. Il n\u2019y a donc m\u00eame pas eu vote, mais constat de l\u2019accord d\u2019une large majorit\u00e9. Au total, sur les 42 pays annonc\u00e9s par le Maroc, 39 ont manifest\u00e9 leur soutien, contre une dizaine qui ont \u00e9mis des r\u00e9serves. \u00ab L<em>a coupure \u00e9tait nette entre les pays d\u2019Afrique australe, les plus r\u00e9ticents, et ceux d\u2019Afrique de l\u2019Ouest et du Centre<\/em> \u00bb, confie une source diplomatique pr\u00e9sente sur place.<\/p>\n<p>Il ne restait plus \u00e0 la RASD, dont le chef Brahim Ghali a pr\u00e9sent\u00e9 un v\u00e9ritable r\u00e9quisitoire contre le Maroc et \u00ab\u00a0<em>ses fronti\u00e8res fixes et mobiles<\/em>\u00a0\u00bb, et \u00e0 son repr\u00e9sentant sur place qu\u2019\u00e0 f\u00e9liciter le Maroc, et \u00e0 d\u00e9clarer que son adh\u00e9sion \u00e0 l\u2019UA \u00e9tait\u2026 \u00ab\u00a0<em>une grande victoire pour la RASD<\/em>\u00a0\u00bb. \u00a0On attend pour aujourd\u2019hui le discours du roi Mohammed VI, et la suite des op\u00e9rations pour les mois et ann\u00e9es \u00e0 venir.<\/p>\n<p>Source : http:\/\/www.panorapost.com\/article.php?id=13909<em><strong><br \/>\n<\/strong><\/em><\/p>\n","protected":false},"excerpt":{"rendered":"<p>Tous les obstacles soulev\u00e9s par les Alg\u00e9riens et Sud-Africains contre l\u2019adh\u00e9sion du Maroc \u00e0 l\u2019Union africaine (UA) ont \u00e9t\u00e9 d\u00e9mont\u00e9s,<\/p>\n","protected":false},"author":2,"featured_media":0,"comment_status":"closed","ping_status":"closed","sticky":false,"template":"","format":"standard","meta":{"footnotes":""},"categories":[3,62,5],"tags":[],"class_list":["post-2583","post","type-post","status-publish","format-standard","hentry","category-accueil","category-afrique","category-maghreb-news"],"_links":{"self":[{"href":"https:\/\/anatem.info\/index.php?rest_route=\/wp\/v2\/posts\/2583","targetHints":{"allow":["GET"]}}],"collection":[{"href":"https:\/\/anatem.info\/index.php?rest_route=\/wp\/v2\/posts"}],"about":[{"href":"https:\/\/anatem.info\/index.php?rest_route=\/wp\/v2\/types\/post"}],"author":[{"embeddable":true,"href":"https:\/\/anatem.info\/index.php?rest_route=\/wp\/v2\/users\/2"}],"replies":[{"embeddable":true,"href":"https:\/\/anatem.info\/index.php?rest_route=%2Fwp%2Fv2%2Fcomments&post=2583"}],"version-history":[{"count":1,"href":"https:\/\/anatem.info\/index.php?rest_route=\/wp\/v2\/posts\/2583\/revisions"}],"predecessor-version":[{"id":2585,"href":"https:\/\/anatem.info\/index.php?rest_route=\/wp\/v2\/posts\/2583\/revisions\/2585"}],"wp:attachment":[{"href":"https:\/\/anatem.info\/index.php?rest_route=%2Fwp%2Fv2%2Fmedia&parent=2583"}],"wp:term":[{"taxonomy":"category","embeddable":true,"href":"https:\/\/anatem.info\/index.php?rest_route=%2Fwp%2Fv2%2Fcategories&post=2583"},{"taxonomy":"post_tag","embeddable":true,"href":"https:\/\/anatem.info\/index.php?rest_route=%2Fwp%2Fv2%2Ftags&post=2583"}],"curies":[{"name":"wp","href":"https:\/\/api.w.org\/{rel}","templated":true}]}}