{"id":2586,"date":"2017-01-31T18:33:52","date_gmt":"2017-01-31T18:33:52","guid":{"rendered":"http:\/\/anatem.info\/?p=2586"},"modified":"2017-01-31T18:33:52","modified_gmt":"2017-01-31T18:33:52","slug":"le-maroc-retrouve-sa-grande-famille-africaine","status":"publish","type":"post","link":"https:\/\/anatem.info\/?p=2586","title":{"rendered":"Le Maroc retrouve sa grande famille africaine"},"content":{"rendered":"<p>En effet, r\u00e9unis \u00e0 huis clos, plus de 39 Chefs d\u2019Etat sur les 54 que compte l\u2019Union Africaine (U.A) ont d\u00e9fendu, le 30 janvier 2016, le retour du Maroc au sein de cette organisation panafricaine.<\/p>\n<p>Ainsi donc, apr\u00e8s plus de 30 ans d\u2019absence, le Maroc retrouve-t-il son si\u00e8ge \u00e0 l\u2019U.A et ce, malgr\u00e9 de fortes r\u00e9ticences de l\u2019Alg\u00e9rie et de ses affid\u00e9s, notamment en tentant de contrecarrer en vain le juste retour du Maroc sur des bases juridiques.<\/p>\n<p>Cette d\u00e9cision historique, prise lors du 28<sup>\u00e8me<\/sup> sommet de l\u2019U.A qui se tient \u00e0 Addis Abeba, capitale \u00e9thiopienne, constitue une tr\u00e8s belle victoire pour la diplomatie marocaine et une \u00e9norme d\u00e9route de la diplomatie alg\u00e9rienne et celle de ses soutiens.<\/p>\n<p>D\u00e8s l\u2019annonce faite par le Pr\u00e9sident de l\u2019U.A, Monsieur Alpha Cond\u00e9, les diplomates marocains ont entonn\u00e9 l\u2019hymne national pour saluer ce retour triomphant du Maroc et ce, gr\u00e2ce \u00e0 la vision strat\u00e9gique du Roi Mohammed VI qui vient d\u2019\u00e9crire en lettres d\u2019or une nouvelle page de l\u2019Histoire du Maroc.<\/p>\n<p>Ce retour institutionnel du Maroc au sein de sa famille africaine a ravi plus d\u2019un Chef d\u2019Etat, se r\u00e9jouissant du retour du Maroc dans son environnement continental naturel, et a rendu euphoriques les r\u00e9seaux sociaux<\/p>\n<p>Aujourd\u2019hui, 31 janvier 2017, le Roi Mohammed VI a fait une entr\u00e9e solennelle dans l\u2019h\u00e9micycle, avec un standing ovation et des youyous, pour y si\u00e9ger aux c\u00f4t\u00e9s de ses pairs africains et y prononcer un discours pour acter le retour officiel du Maroc \u00e0 l\u2019U.A et partager avec ses pairs africains sa ferme volont\u00e9 de contribuer au d\u00e9veloppement du continent africain, d\u2019assurer la qui\u00e9tude, le bonheur et la s\u00e9curit\u00e9 des populations sans distinction de race, de religion ou de couleur.<\/p>\n<p>En cette occasion charg\u00e9e d\u2019histoire, le Souverain marocain a assist\u00e9 \u00e0 la c\u00e9r\u00e9monie de prestation de serment du Pr\u00e9sident de la Commission de l\u2019U.A, Moussa Faki Mahamat, et des diff\u00e9rents commissaires.<\/p>\n<p>Par la suite le Roi Mohammed VI a \u00e9t\u00e9 invit\u00e9 \u00e0 prendre la parole devant les Chefs d\u2019Etat africains.<\/p>\n<p>Ainsi, le Roi du Maroc a-t-il prononc\u00e9 un discours empreint de sinc\u00e9rit\u00e9 et de v\u00e9rit\u00e9, qui ne laisse aucun doute sur l\u2019engagement du Chef d\u2019Etat marocain \u00e0 tenir ses promesses envers l\u2019Afrique et que l\u2019on peut r\u00e9sumer comme suit\u00a0:<\/p>\n<p>Le Roi marocain a d\u2019entr\u00e9e rappel\u00e9 l\u2019importance qu\u2019accorde son pays \u00e0 son continent et a rassur\u00e9 les Chefs d\u2019Etat africains quant \u00e0 l\u2019engagement du Maroc envers l\u2019Afrique et que certains s\u2019activent \u00e0 remettre en cause \u00e0 chaque fois.<\/p>\n<p>Le Souverain marocain a, d&rsquo;entr\u00e9e, d\u00e9clar\u00e9 : \u00ab\u00a0il est bon que l\u2019on rentre chez soi\u00a0\u00bb, pour justifier ensuite le d\u00e9part du Maroc de l\u2019UA en 1984, \u00a0en ajoutant \u00ab\u00a0le temps est venu de retrouver l\u2019Union Africaine\u00a0\u00bb et \u00ab\u00a0l\u2019Afrique est ma maison \u00ab\u00a0.<\/p>\n<p>Apr\u00e8s avoir affirm\u00e9 et je le cite\u00a0: \u00ab\u00a0il est bon le l\u2019on rentre chez soi\u00a0\u00bb, pour justifier ensuite le d\u00e9part du Maroc de l\u2019U.A en 1984, ajoutant \u00ab\u00a0le temps est venu de retrouver l\u2019Union Africaine et que l\u2019Afrique est ma maison\u00a0\u00bb.<\/p>\n<p>Poursuivant son intervention, le Chef d\u2019Etat marocain a confirm\u00e9 que le projet de gazoduc reliant le Maroc au Nigeria sera cr\u00e9ateur de richesse, relativisant n\u00e9anmoins sa port\u00e9e puisque ni le gaz, ni le p\u00e9trole ne satisferont les besoins alimentaires de l\u2019Afrique. Le Roi du Maroc a illustr\u00e9 son propos en rappelant que seule l\u2019initiative \u00ab\u00a0Triple A\u00a0\u00bb (Adaptation de l\u2019Agriculture Africaine) d\u00e9fendue par le Maroc lors de la COP 22 \u00e0 Marrakech, a permis l\u2019installation par Rabat d\u2019unit\u00e9s de fabrication de fertilisants en Ethiopie et au Nig\u00e9ria.<\/p>\n<p>S\u2019agissant de l\u2019Union du Maghreb Arabe (UMA), le Roi Mohammed VI n\u2019a pas h\u00e9sit\u00e9 \u00e0 affirmer que sa flamme s\u2019est \u00e9teinte en raison de la disparition d\u2019un int\u00e9r\u00eat commun. Preuve en est, le Maghreb est largement \u00e0 la tra\u00eene dans le commerce intrar\u00e9gional par rapport aux autres sous-r\u00e9gions africaines et qu\u2019il se dissoudra dans son incapacit\u00e9 chronique.<\/p>\n<p>?voquant les d\u00e9g\u00e2ts du colonialisme, le Roi du Maroc a insist\u00e9 sur le fait que l\u2019Afrique est aujourd\u2019hui dirig\u00e9e par \u00ab\u00a0une nouvelle g\u00e9n\u00e9ration de dirigeants d\u00e9complex\u00e9s\u00a0\u00bb, qui \u0153uvrent en faveur de la stabilit\u00e9, de l\u2019ouverture politique, du d\u00e9veloppement \u00e9conomique et du progr\u00e8s social de leurs populations.<\/p>\n<p>Depuis plusieurs d\u00e9cennies, ce sont les pays du Nord qui dictaient la conduite aux pays du Sud, alors que leur taux de croissance ne d\u00e9passe pas celui de nombreux\u00a0pays africains, a tranch\u00e9 Mohammed VI,\u00a0pour qui\u00a0la notion du tiers-mondisme est d\u00e9pass\u00e9e et qu\u2019il est temps que les richesses de l\u2019Afrique profitent \u00e0 l\u2019Afrique !<\/p>\n<p>Le discours d&rsquo;Addis Abeba du Roi Mohammed VI fera date et confirme un retour tant attendu du Maroc \u00e0 L\u2019U.A en respectant l\u2019ensemble des proc\u00e9dures conform\u00e9ment aux textes de cette organisation continentale.<\/p>\n<p>Ce retour victorieux du Maroc au sein de sa famille africaine sera f\u00eat\u00e9 comme il se doit par les peuples marocain et africain.<\/p>\n<p>Aujourd\u2019hui, le drapeau du Maroc a \u00e9t\u00e9 hiss\u00e9 devant le si\u00e8ge de l\u2019U.A o\u00f9 il flotte fi\u00e8rement.<\/p>\n<p>Farid Mnebhi.<\/p>\n","protected":false},"excerpt":{"rendered":"<p>En effet, r\u00e9unis \u00e0 huis clos, plus de 39 Chefs d\u2019Etat sur les 54 que compte l\u2019Union Africaine (U.A) ont<\/p>\n","protected":false},"author":2,"featured_media":0,"comment_status":"closed","ping_status":"closed","sticky":false,"template":"","format":"standard","meta":{"footnotes":""},"categories":[3,62,5],"tags":[],"class_list":["post-2586","post","type-post","status-publish","format-standard","hentry","category-accueil","category-afrique","category-maghreb-news"],"_links":{"self":[{"href":"https:\/\/anatem.info\/index.php?rest_route=\/wp\/v2\/posts\/2586","targetHints":{"allow":["GET"]}}],"collection":[{"href":"https:\/\/anatem.info\/index.php?rest_route=\/wp\/v2\/posts"}],"about":[{"href":"https:\/\/anatem.info\/index.php?rest_route=\/wp\/v2\/types\/post"}],"author":[{"embeddable":true,"href":"https:\/\/anatem.info\/index.php?rest_route=\/wp\/v2\/users\/2"}],"replies":[{"embeddable":true,"href":"https:\/\/anatem.info\/index.php?rest_route=%2Fwp%2Fv2%2Fcomments&post=2586"}],"version-history":[{"count":1,"href":"https:\/\/anatem.info\/index.php?rest_route=\/wp\/v2\/posts\/2586\/revisions"}],"predecessor-version":[{"id":2588,"href":"https:\/\/anatem.info\/index.php?rest_route=\/wp\/v2\/posts\/2586\/revisions\/2588"}],"wp:attachment":[{"href":"https:\/\/anatem.info\/index.php?rest_route=%2Fwp%2Fv2%2Fmedia&parent=2586"}],"wp:term":[{"taxonomy":"category","embeddable":true,"href":"https:\/\/anatem.info\/index.php?rest_route=%2Fwp%2Fv2%2Fcategories&post=2586"},{"taxonomy":"post_tag","embeddable":true,"href":"https:\/\/anatem.info\/index.php?rest_route=%2Fwp%2Fv2%2Ftags&post=2586"}],"curies":[{"name":"wp","href":"https:\/\/api.w.org\/{rel}","templated":true}]}}