{"id":2591,"date":"2017-02-01T10:59:55","date_gmt":"2017-02-01T10:59:55","guid":{"rendered":"http:\/\/anatem.info\/?p=2591"},"modified":"2017-02-01T10:59:55","modified_gmt":"2017-02-01T10:59:55","slug":"autres-reactions-au-retour-du-maroc-au-sein-de-lunion-africaine-ua","status":"publish","type":"post","link":"https:\/\/anatem.info\/?p=2591","title":{"rendered":"Autres r\u00e9actions au Retour du Maroc au sein de l&rsquo;Union Africaine (UA)"},"content":{"rendered":"<h2>Le retour du Maroc \u00e0 l&rsquo;UA, une victoire \u00ab\u00a0remarquable et historique\u00a0\u00bb pour le Royaume (MDS)<\/h2>\n<p>Le retour du Maroc au sein de l&rsquo;Union Africaine (UA), soutenu par l&rsquo;\u00e9crasante majorit\u00e9 des Etats membres de cette organisation, lors du 28e sommet d&rsquo;Addis-Abeba (Ethiopie), constitue une victoire \u00ab\u00a0remarquable et historique\u00a0\u00bb pour le Royaume, s&rsquo;est f\u00e9licit\u00e9, le 31 janvier 2017, le Mouvement d\u00e9mocratique et social (MDS).<\/p>\n<p>Ce retour est le \u00ab\u00a0fruit d&rsquo;une action vigoureuse et de longue haleine\u00a0\u00bb conduite par SM le Roi Mohammed VI depuis des ann\u00e9es aupr\u00e8s des chefs d&rsquo;Etat africains, ajoute le MDS dans un communiqu\u00e9 publi\u00e9 \u00e0 l&rsquo;issue d&rsquo;une r\u00e9union de son bureau politique.<\/p>\n<h2>Le Maroc repr\u00e9sente un acteur \u00abindiscutablement important \u00bb pour le continent africain (D\u00e9put\u00e9 europ\u00e9en)<\/h2>\n<p>Avec la r\u00e9int\u00e9gration du Maroc, l&rsquo;Union Africaine peut maintenant compter sur tous les pays du continent africain, dont le Maroc repr\u00e9sente \u00ab un acteur indiscutablement important \u00bb, a soulign\u00e9, le 31 janvier 2017, le d\u00e9put\u00e9 europ\u00e9en Victor Bostinaru.<\/p>\n<p>\u00ab La r\u00e9int\u00e9gration du Maroc au sein de l&rsquo;Union Africaine est un \u00e9v\u00e8nement tr\u00e8s significatif \u00bb, a affirm\u00e9 l\u2019eurod\u00e9put\u00e9 roumain, \u00e9galement vice-pr\u00e9sident du Groupe de l&rsquo;Alliance Progressiste des Socialistes et D\u00e9mocrates au Parlement europ\u00e9en.<\/p>\n<h2>L\u2019OCI salue le retour du Maroc au sein de l\u2019Union africaine<\/h2>\n<p>L\u2019Organisation de la Coop\u00e9ration Islamique (OCI) a salu\u00e9, le 31 janvier 2017,, le retour du Maroc au sein de l\u2019Union africaine (UA).<\/p>\n<p>Dans un communiqu\u00e9, le secr\u00e9taire g\u00e9n\u00e9ral de l\u2019OCI, Youssef Bin Ahmed Al-Othaimeen, s\u2019est f\u00e9licit\u00e9 de cette \u2018\u2019sage d\u00e9cision qui permettra au Maroc de jouer pleinement son r\u00f4le \u00e0 l\u2019int\u00e9rieur d\u2019un continent africain uni\u2019\u2019.<\/p>\n<p>Il a \u00e9galement formul\u00e9 le v\u0153u de voir le retour du Maroc dans sa grande famille africaine \u2018\u2019renforcer davantage la voix et le poids de l\u2019Afrique au niveau international et faciliter la r\u00e9solution des probl\u00e8mes critiques auxquels fait face le continent\u2019\u2019.<\/p>\n<p>Une majorit\u00e9 \u00e9crasante des pays africains a appuy\u00e9 lundi le retour du Maroc au sein de l\u2019UA, \u00e0 l\u2019occasion du 28\u00e8 sommet de l\u2019institution panafricaine qui se tient \u00e0 Addis-Abeba, la capitale \u00e9thiopienne.<\/p>\n<p>Selon la pr\u00e9sidence de l&rsquo;UA, 39 pays ont exprim\u00e9 leur soutien pour la r\u00e9int\u00e9gration du Maroc au sein de l\u2019Union africaine.<\/p>\n<h2>La Belgique salue la r\u00e9int\u00e9gration du Maroc dans l\u2019Union Africaine<\/h2>\n<p>La Belgique a salu\u00e9, le 31 janvier 2017, la r\u00e9int\u00e9gration du Maroc dans l&rsquo;Union africaine, notant que \u00ab\u00a0cette d\u00e9cision renforcera davantage le partenariat des deux c\u00f4t\u00e9s de la M\u00e9diterran\u00e9e\u00a0\u00bb.<\/p>\n<p>\u00abTout comme l\u2019Union europ\u00e9enne, nous saluons la d\u00e9cision de l&rsquo;Union africaine de r\u00e9int\u00e9grer le Maroc en tant que membre, d\u00e9cision qui r\u00e9unit tout le continent africain au sein de son organisation r\u00e9gionale\u00bb, indique le porte-parole adjoint du minist\u00e8re belge des Affaires \u00e9trang\u00e8res Jos\u00e9 de Pierpont dans une d\u00e9claration \u00e0 la MAP.<\/p>\n<h2>Le retour du Maroc \u00e0 l\u2019UA resserrera les rangs africains (M. Paul Kagam\u00e9)<\/h2>\n<p>Le Pr\u00e9sident du Rwanda, M. Paul Kagam\u00e9, a salu\u00e9, le 31 janvier 2017, \u00e0 Addis-Abeba, le retour du Maroc au sein de l\u2019Union africaine (UA), soulignant que ce retour resserrera les rangs africains.<\/p>\n<p>Dans une d\u00e9claration \u00e0 la presse, M. Kagam\u00e9 s\u2019est f\u00e9licit\u00e9 de la teneur du discours prononc\u00e9, mardi, par Sa Majest\u00e9 le Roi Mohammed VI devant le 28\u00e8 sommet de l\u2019UA, tenu dans la capitale \u00e9thiopienne, notant que le discours Royal d\u00e9montre le r\u00f4le du Maroc en tant que f\u00e9d\u00e9rateur.<\/p>\n<p>\u00abAvec le retour du Maroc, l\u2019Afrique devient plus grande et plus forte\u00bb, a-t-il dit, soulignant que le retour du Royaume \u00abest un atout majeur\u00bb que les pays africains doivent exploiter pour renforcer leur unit\u00e9 et leur solidarit\u00e9.<\/p>\n<h2>Le retour du Maroc \u00e0 l&rsquo;UA, une \u00ab\u00a0claire victoire\u00a0\u00bb pour Rabat (El Pais)<\/h2>\n<p>Le retour du Maroc \u00e0 l\u2019Union Africaine (UA) constitue une \u00ab\u00a0claire victoire\u00a0\u00bb pour Rabat, souligne, le 31 janvier 2017, le quotidien espagnol El Pais, mettant en exergue les relations \u00e9conomiques et diplomatiques ainsi que les liens religieux et spirituels unissant le Royaume avec le reste des pays du continent africain.<\/p>\n<p>Dans un article d\u00e9di\u00e9 \u00e0 cet \u00e9v\u00e9nement, le journal espagnol rel\u00e8ve que \u00ab\u00a0l&rsquo;offensive diplomatique du Maroc\u00a0\u00bb pour retrouver sa place au sein de l&rsquo;UA a pris forme avec le message royal remis au pr\u00e9sident tchadien Idriss Deby Itno, qui \u00e9tait pr\u00e9sident en exercice de l\u2019UA, en juillet dernier lors du 27-\u00e8me sommet de l\u2019organisation.<\/p>\n<p>En r\u00e9alit\u00e9, pr\u00e9cise El Pais, cet \u00e9lan a commenc\u00e9 bien avant avec l\u2019intronisation de SM le Roi Mohammed VI, ajoutant que le Souverain a effectu\u00e9, depuis lors, 41 visites \u00e0 travers le continent, accompagn\u00e9 le plus souvent par des d\u00e9l\u00e9gations d&rsquo;acteurs \u00e9conomiques.<\/p>\n<p>Le journal ib\u00e9rique a mis en exergue, dans le m\u00eames sens, l\u2019importance accord\u00e9e par le Maroc au renforcement de ses relations avec les pays africains dans tous les domaines, en particulier sous le r\u00e8gne de SM le Roi Mohammed VI.<\/p>\n<p>\u00ab\u00a0Le Maroc est devenu le premier investisseur en Afrique de l\u2019ouest et le deuxi\u00e8me \u00e0 l\u2019\u00e9chelle du continent apr\u00e8s l\u2019Afrique du Sud\u00a0\u00bb, rel\u00e8ve le quotidien, faisant observer, en outre, que le transporteur a\u00e9rien national, Royal Air Maroc (RAM), assure des liaisons a\u00e9riennes vers 22 destinations d\u2019Afrique subsaharienne.<\/p>\n<p>Outre le volet \u00e9conomique, El Pais met l\u2019accent sur les liens spirituels et religieux entre le Maroc et l\u2019Afrique subsaharienne, qui ont \u00e9t\u00e9 renforc\u00e9s \u00e0 travers la cr\u00e9ation de la Fondation Mohammed VI des Oul\u00e9mas africains et l\u2019Institut Mohammed VI pour la formation des imams, morchidines et morchidates.<\/p>\n<h2>Sommet de l\u2019UA: Le discours de SM le Roi, \u00abun message positif\u00bb pour l\u2019Afrique (Pr\u00e9sident Burkinab\u00e9)<\/h2>\n<p>Le Pr\u00e9sident du Burkina Faso, M. Roch Marc Christian Kabor\u00e9, a salu\u00e9 le contenu du discours prononc\u00e9, le 31 janvier 2017, par Sa Majest\u00e9 le Roi Mohammed VI lors du 28\u00e8 sommet de l\u2019Union africaine (UA), tenu \u00e0 Addis-Abeba, le qualifiant de \u00abmessage positif\u00bb pour l\u2019Afrique.<\/p>\n<p>Dans une d\u00e9claration \u00e0 la presse, M. Kabor\u00e9 s\u2019est f\u00e9licit\u00e9 du retour du Maroc au sein de l\u2019UA, soulignant que ce retour consolidera le leadership du continent africain.<\/p>\n<p>\u00abLe Maroc est venu pour consolider, renforcer et am\u00e9liorer le leadership de l\u2019Afrique\u00bb, a-t-il dit.<\/p>\n<h2>Le retour du Maroc \u00e0 l&rsquo;Union africaine, \u00ab\u00a0un jour historique\u00a0\u00bb (RFI)<\/h2>\n<p>Le retour du Maroc dans la grande maison africaine, soutenu par l&rsquo;\u00e9crasante majorit\u00e9 des Etats membres de l&rsquo;Union africaine (UA), lors du 28e sommet d&rsquo;Addis-Abeba en Ethiopie, est \u00ab\u00a0un jour historique\u00a0\u00bb, indique mardi Radio France Internationale (RFI), notant que le d\u00e9bat \u00e0 huis clos entre les chefs d\u2019Etat africains a tr\u00e8s vite tourn\u00e9 en faveur du Royaume.<\/p>\n<p>\u00ab\u00a0C\u2019est une victoire personnelle pour le Roi Mohammed VI, qui a mobilis\u00e9 tous les amis du Maroc en faveur du retour de son pays au sein de l&rsquo;organisation panafricaine\u00a0\u00bb, souligne la radio, ajoutant que de nombreux chefs d\u2019Etat se sont exprim\u00e9s en faveur de la r\u00e9int\u00e9gration du Royaume au sein de l&rsquo;UA, dont les pr\u00e9sidents s\u00e9n\u00e9galais Macky Sall, gabonais Ali Bongo, \u00e9quato-Guin\u00e9en Teodoro Obiang Nguema ou encore congolais Denis Sassou Nguesso.<\/p>\n<p>Cit\u00e9 par RFI, le ministre des Affaires \u00e9trang\u00e8res du Congo-Brazzaville Jean-Claude Gakosso indique que le retour du Maroc au sein de l\u2019UA, une d\u00e9cision qui rel\u00e8ve de la maturit\u00e9, est un \u00e9v\u00e9nement tr\u00e8s attendu.<\/p>\n<p>\u00ab\u00a0Voil\u00e0 une grande nation qui compte parmi les fondateurs de notre Union, qui s&rsquo;est retrouv\u00e9e pendant de trop longues ann\u00e9es en-dehors de l&rsquo;Union africaine, alors qu&rsquo;elle est pr\u00e9sente sur le terrain, dans la plupart des pays, par ses investissements, par des interventions diverses. Il \u00e9tait temps que le Maroc revienne dans sa famille naturelle. Les chefs d&rsquo;Etat lui ont fait comprendre que m\u00eame s&rsquo;il y a des probl\u00e8mes, il vaut mieux les r\u00e9soudre en famille\u00a0\u00bb, a-t-il fait valoir.<\/p>\n<p>Le pr\u00e9sident congolais Denis Sassou Nguesso a fait une brillante intervention, en rappelant l&rsquo;histoire et le r\u00f4le que le Maroc a jou\u00e9 aux premi\u00e8res heures de ce qui est devenue l&rsquo;Union africaine et en affirmant que l&rsquo;opinion la plus partag\u00e9e \u00e0 Addis Abeba, \u00e9tait \u00ab\u00a0d&rsquo;accueillir le Maroc \u00e0 bras ouverts. C&rsquo;est un \u00e9v\u00e9nement qu&rsquo;il faut saluer\u00a0\u00bb, conclut la radio.<\/p>\n<p>Une \u00e9crasante majorit\u00e9 de pays africains a soutenu, lundi, le retour du Maroc au sein de l\u2019UA, lors du 28\u00e8 sommet de l\u2019organisation continentale, qui se tient dans la capitale \u00e9thiopienne.<\/p>\n<h2>Le Pr\u00e9sident de l\u2019UA salue la teneur du discours de SM le Roi devant le sommet africain<\/h2>\n<p>Le Pr\u00e9sident guin\u00e9en et Pr\u00e9sident en exercice de l&rsquo;Union africaine (UA), M. Alpha Cond\u00e9, a rendu, le 31 janvier 2017, \u00e0 Addis-Abeba, un vibrant hommage \u00e0 Sa Majest\u00e9 le Roi Mohammed VI, saluant la teneur du discours prononc\u00e9 par le Souverain devant le sommet africain.<\/p>\n<p>Cond\u00e9, qui intervenait lors de la c\u00e9r\u00e9monie de cl\u00f4ture du 28\u00e8me sommet de l\u2019UA, a affirm\u00e9 que Sa Majest\u00e9 le Roi \u00aba parl\u00e9 avec son c\u0153ur\u00bb au momnt o\u00f9 \u00abl&rsquo;Afrique doit prendre son destin en main\u00bb.<\/p>\n<p>Le Pr\u00e9sident guin\u00e9en, qui assurera la pr\u00e9sidence de l\u2019UA pendant les douze prochains mois, a not\u00e9 que l\u2019organisation panafricaine \u00abdoit compter sur ses propres forces\u00bb pour relever les multiples d\u00e9fis pos\u00e9s.<\/p>\n<h2>Sommet de l\u2019UA: Le discours de SM le Roi \u00abest porteur d\u2019espoir\u00bb pour l\u2019Afrique (M. Denis Sassou Nguesso)<\/h2>\n<p>Le Pr\u00e9sident de la R\u00e9publique du Congo, M. Denis Sassou Nguesso, a salu\u00e9, le 31 janvier 2017, \u00e0 Addis-Abeba, la teneur du discours historique prononc\u00e9 par Sa Majest\u00e9 le Roi Mohammed VI lors du 28\u00e8 sommet de l\u2019Union africaine (UA), le qualifiant de \u00abporteur d\u2019espoir\u00bb pour l\u2019Afrique.<\/p>\n<p>\u00abLe discours de Sa Majest\u00e9 le Roi est porteur d\u2019espoir\u00bb, a d\u00e9clar\u00e9 \u00e0 la presse M. Sassou Nguesso, qui a saisi l\u2019occasion pour saluer le retour du Royaume au sein de l\u2019organisation panafricaine.<\/p>\n<p>\u00abNous allons travailler ensemble pour l\u2019avenir de l\u2019Afrique\u00bb, a-t-il dit, relevant qu\u2019en recouvrant son si\u00e8ge au sein de l\u2019UA le Maroc \u00abrevient chez lui parmi sa famille africaine\u00bb.<\/p>\n<p>\u00abC\u2019\u00e9tait notre souhait et c\u2019est aujourd\u2019hui notre satisfaction\u00bb, a dit le Chef d\u2019Etat congolais.<\/p>\n","protected":false},"excerpt":{"rendered":"<p>Le retour du Maroc \u00e0 l&rsquo;UA, une victoire \u00ab\u00a0remarquable et historique\u00a0\u00bb pour le Royaume (MDS) Le retour du Maroc au<\/p>\n","protected":false},"author":2,"featured_media":0,"comment_status":"closed","ping_status":"closed","sticky":false,"template":"","format":"standard","meta":{"footnotes":""},"categories":[3,62,5],"tags":[],"class_list":["post-2591","post","type-post","status-publish","format-standard","hentry","category-accueil","category-afrique","category-maghreb-news"],"_links":{"self":[{"href":"https:\/\/anatem.info\/index.php?rest_route=\/wp\/v2\/posts\/2591","targetHints":{"allow":["GET"]}}],"collection":[{"href":"https:\/\/anatem.info\/index.php?rest_route=\/wp\/v2\/posts"}],"about":[{"href":"https:\/\/anatem.info\/index.php?rest_route=\/wp\/v2\/types\/post"}],"author":[{"embeddable":true,"href":"https:\/\/anatem.info\/index.php?rest_route=\/wp\/v2\/users\/2"}],"replies":[{"embeddable":true,"href":"https:\/\/anatem.info\/index.php?rest_route=%2Fwp%2Fv2%2Fcomments&post=2591"}],"version-history":[{"count":1,"href":"https:\/\/anatem.info\/index.php?rest_route=\/wp\/v2\/posts\/2591\/revisions"}],"predecessor-version":[{"id":2592,"href":"https:\/\/anatem.info\/index.php?rest_route=\/wp\/v2\/posts\/2591\/revisions\/2592"}],"wp:attachment":[{"href":"https:\/\/anatem.info\/index.php?rest_route=%2Fwp%2Fv2%2Fmedia&parent=2591"}],"wp:term":[{"taxonomy":"category","embeddable":true,"href":"https:\/\/anatem.info\/index.php?rest_route=%2Fwp%2Fv2%2Fcategories&post=2591"},{"taxonomy":"post_tag","embeddable":true,"href":"https:\/\/anatem.info\/index.php?rest_route=%2Fwp%2Fv2%2Ftags&post=2591"}],"curies":[{"name":"wp","href":"https:\/\/api.w.org\/{rel}","templated":true}]}}