{"id":2593,"date":"2017-02-01T21:07:45","date_gmt":"2017-02-01T21:07:45","guid":{"rendered":"http:\/\/anatem.info\/?p=2593"},"modified":"2017-02-01T21:07:45","modified_gmt":"2017-02-01T21:07:45","slug":"le-roi-mohammed-vi-au-soudan-du-sud-une-nouvelle-expression-de-la-solidarite-africaine-du-maroc","status":"publish","type":"post","link":"https:\/\/anatem.info\/?p=2593","title":{"rendered":"Le Roi Mohammed VI au Soudan du Sud : une nouvelle expression de la solidarit\u00e9 africaine du Maroc"},"content":{"rendered":"<p><img fetchpriority=\"high\" decoding=\"async\" class=\"size-full wp-image-2594 alignleft\" src=\"http:\/\/anatem.info\/wp-content\/uploads\/2017\/02\/Mar-Ssud.jpg\" alt=\"\" width=\"380\" height=\"264\" srcset=\"https:\/\/anatem.info\/wp-content\/uploads\/2017\/02\/Mar-Ssud.jpg 380w, https:\/\/anatem.info\/wp-content\/uploads\/2017\/02\/Mar-Ssud-300x208.jpg 300w\" sizes=\"(max-width: 380px) 100vw, 380px\" \/>Apr\u00e8s avoir act\u00e9 triomphalement le retour du Maroc au sein de l\u2019Union Africaine (U.A), marqu\u00e9 par un discours historique prononc\u00e9 le 31 janvier 2017 devant les Chefs d\u2019Etat et Gouvernement africains au Sommet de l\u2019U.A \u00e0 Addis Abeba, le Roi du Maroc a poursuivi \u00e0 son p\u00e9riple africain la en arrivant ce 1<sup>er<\/sup> f\u00e9vrier 2017 \u00e0 Juba pour une visite officielle au Soudan du Sud, la premi\u00e8re du genre pour un Souverain marocain.<\/p>\n<p>A sa descente d\u2019avion \u00e0 l\u2019a\u00e9roport international de Juba, le Souverain marocain a \u00e9t\u00e9 accueilli par le Pr\u00e9sident de la R\u00e9publique du Soudan du Sud, Monsieur Salva Kiir Mayardit, ainsi que par des troupes folkloriques locales qui ont ex\u00e9cut\u00e9 des chants et des danses en signe de chaleureuses bienvenues au Roi Mohammed VI.<\/p>\n<p>Par la suite, le cort\u00e8ge officiel a pris la direction de la r\u00e9sidence du Souverain marocain au milieu de chants de troupes folkloriques, des vivats et des ovations d\u2019une foule nombreuse de citoyens sud-soudanais en liesse venus l\u2019acclamer.<\/p>\n<p>Les deux Chefs d\u2019Etat ont eu, ensuite, des entretiens en t\u00eate-\u00e0-t\u00eate qui ont port\u00e9 sur des questions bilat\u00e9rales, r\u00e9gionales, continentales et internationales de l\u2019heure.<\/p>\n<p>A l\u2019issue de ces entretiens le Roi du Maroc et le Pr\u00e9sident du Soudan du Sud ont pr\u00e9sid\u00e9 une c\u00e9r\u00e9monie de signature des 09 accords bilat\u00e9raux ci-apr\u00e8s :<\/p>\n<ul>\n<li>Accord relatif \u00e0 la r\u00e9alisation de la nouvelle ville de Ramciel.<\/li>\n<li>Accord g\u00e9n\u00e9ral de coop\u00e9ration.<\/li>\n<li>Accord sur la promotion et la protection de l\u2019investissement.<\/li>\n<li>Convention sur la non-double imposition et la lutte contre l\u2019\u00e9vasion fiscale en mati\u00e8re d\u2019imp\u00f4t sur le revenu.<\/li>\n<li>M\u00e9morandum d\u2019entente dans le domaine agricole.<\/li>\n<li>M\u00e9morandum d\u2019entente sur la coop\u00e9ration dans le domaine des mines.<\/li>\n<li>M\u00e9morandum d\u2019entente sur la coop\u00e9ration industrielle.<\/li>\n<li>Accord de coop\u00e9ration dans le domaine de la formation professionnelle.<\/li>\n<li>M\u00e9morandum d\u2019entente entre la Conf\u00e9d\u00e9ration g\u00e9n\u00e9rale des entreprises du Maroc (CGEM) et South Sudan Business and employers federation (SSBEF).<\/li>\n<\/ul>\n<p>Pour rappel, le Roi Mohammed VI avait ordonn\u00e9, le 22 janvier 2017, le d\u00e9ploiement \u00e0 Juba d\u2019un h\u00f4pital de campagne multi-sp\u00e9cialit\u00e9s, dans le cadre d\u2019une mission humanitaire au profit des populations de la R\u00e9publique du Soudan du Sud et ce, d\u00e8s le 23 janvier 2017.<\/p>\n<p>Notons que la R\u00e9publique du Soudan du Sud a soutenu le retour du Maroc au sein de l\u2019U.A et a refus\u00e9, lors de la tenue du Sommet d\u2019Addis Abeba, de s\u2019acoquiner avec l\u2019Alg\u00e9rie et de ses affid\u00e9s qui tentaient de retarder le retour du Maroc dans cette instance continentale et donc d\u2019emp\u00eacher le Roi Mohammed VI de prononcer un discours aupr\u00e8s de ses pairs africains.<\/p>\n<p>Farid Mnebhi.<\/p>\n","protected":false},"excerpt":{"rendered":"<p>Apr\u00e8s avoir act\u00e9 triomphalement le retour du Maroc au sein de l\u2019Union Africaine (U.A), marqu\u00e9 par un discours historique prononc\u00e9<\/p>\n","protected":false},"author":2,"featured_media":2594,"comment_status":"closed","ping_status":"closed","sticky":false,"template":"","format":"standard","meta":{"footnotes":""},"categories":[3,62,5],"tags":[],"class_list":["post-2593","post","type-post","status-publish","format-standard","has-post-thumbnail","hentry","category-accueil","category-afrique","category-maghreb-news"],"_links":{"self":[{"href":"https:\/\/anatem.info\/index.php?rest_route=\/wp\/v2\/posts\/2593","targetHints":{"allow":["GET"]}}],"collection":[{"href":"https:\/\/anatem.info\/index.php?rest_route=\/wp\/v2\/posts"}],"about":[{"href":"https:\/\/anatem.info\/index.php?rest_route=\/wp\/v2\/types\/post"}],"author":[{"embeddable":true,"href":"https:\/\/anatem.info\/index.php?rest_route=\/wp\/v2\/users\/2"}],"replies":[{"embeddable":true,"href":"https:\/\/anatem.info\/index.php?rest_route=%2Fwp%2Fv2%2Fcomments&post=2593"}],"version-history":[{"count":1,"href":"https:\/\/anatem.info\/index.php?rest_route=\/wp\/v2\/posts\/2593\/revisions"}],"predecessor-version":[{"id":2595,"href":"https:\/\/anatem.info\/index.php?rest_route=\/wp\/v2\/posts\/2593\/revisions\/2595"}],"wp:featuredmedia":[{"embeddable":true,"href":"https:\/\/anatem.info\/index.php?rest_route=\/wp\/v2\/media\/2594"}],"wp:attachment":[{"href":"https:\/\/anatem.info\/index.php?rest_route=%2Fwp%2Fv2%2Fmedia&parent=2593"}],"wp:term":[{"taxonomy":"category","embeddable":true,"href":"https:\/\/anatem.info\/index.php?rest_route=%2Fwp%2Fv2%2Fcategories&post=2593"},{"taxonomy":"post_tag","embeddable":true,"href":"https:\/\/anatem.info\/index.php?rest_route=%2Fwp%2Fv2%2Ftags&post=2593"}],"curies":[{"name":"wp","href":"https:\/\/api.w.org\/{rel}","templated":true}]}}