{"id":2596,"date":"2017-02-02T11:50:56","date_gmt":"2017-02-02T11:50:56","guid":{"rendered":"http:\/\/anatem.info\/?p=2596"},"modified":"2017-02-02T11:50:56","modified_gmt":"2017-02-02T11:50:56","slug":"sm-le-roi-et-le-chef-de-letat-sud-soudanais-president-la-ceremonie-de-signature-de-neuf-accords-bilateraux","status":"publish","type":"post","link":"https:\/\/anatem.info\/?p=2596","title":{"rendered":"SM le Roi et le Chef de l&rsquo;Etat sud-soudanais pr\u00e9sident la c\u00e9r\u00e9monie de signature de neuf accords bilat\u00e9raux"},"content":{"rendered":"<p><img fetchpriority=\"high\" decoding=\"async\" class=\"size-full wp-image-2597 alignleft\" src=\"http:\/\/anatem.info\/wp-content\/uploads\/2017\/02\/Mar-Ssud2-e1486036211535.jpg\" alt=\"\" width=\"350\" height=\"220\" \/>SM le Roi, Mohammed VI, et le Pr\u00e9sident de la R\u00e9publique du Soudan du Sud, M. Salva Kiir Mayardit, ont pr\u00e9sid\u00e9, le 1ier f\u00e9vrier 2017, au Palais pr\u00e9sidentiel \u00e0 Juba, la c\u00e9r\u00e9monie de signature de neuf accords bilat\u00e9raux dans diff\u00e9rents domaines de coop\u00e9ration entre les deux pays.<\/p>\n<p>Au d\u00e9but de cette c\u00e9r\u00e9monie, le ministre de l&rsquo;Int\u00e9rieur, M. Mohamed Hassad, a prononc\u00e9 une allocution dans laquelle il a soulign\u00e9 que conform\u00e9ment \u00e0 la vision de Sa Majest\u00e9 le Roi en mati\u00e8re de coop\u00e9ration sud-sud et dans le cadre des relations fraternelles entre le Royaume du Maroc et la R\u00e9publique du Soudan du Sud, \u00able Maroc est engag\u00e9 \u00e0 partager son exp\u00e9rience en termes d&rsquo;urbanisation et du d\u00e9veloppement urbain, en vue de soutenir la construction d&rsquo;une nouvelle capitale\u00bb du Soudan du Sud.<\/p>\n<p>Le Royaume a accept\u00e9 de financer les \u00e9tudes de faisabilit\u00e9 technique et financi\u00e8re de ce grand projet \u00e0 hauteur de 5,1 millions de dollars, a pr\u00e9cis\u00e9 le ministre de l&rsquo;Int\u00e9rieur dans son allocution devant SM le Roi et son h\u00f4te, ajoutant que les \u00e9tudes pr\u00e9liminaires vont se concentrer sur l&rsquo;urbanisation et les aspects sociaux, \u00e9conomiques et environnementaux du projet.<\/p>\n<p>Faisant savoir que ces \u00e9tudes vont donner lieu \u00e0 un projet de plan directeur, un montage technique et financier et un plan de r\u00e9alisation, le ministre a not\u00e9 que le Royaume apportera son assistance \u00e0 la R\u00e9publique du Soudan du Sud durant les diff\u00e9rentes phases de la mise en \u0153uvre de ce projet.<\/p>\n<p>Et d&rsquo;ajouter que la gestion d\u00e9l\u00e9gu\u00e9e du projet sera confi\u00e9e, du c\u00f4t\u00e9 marocain, au groupe Al Omrane sous la supervision d&rsquo;un comit\u00e9 ex\u00e9cutif nomm\u00e9 par SM le Roi.<\/p>\n<p>Il a, dans ce sens, annonc\u00e9 la cr\u00e9ation d&rsquo;un comit\u00e9 de suivi du projet, qui devrait se r\u00e9unir au moins deux fois par an.<\/p>\n<p>Les accords sign\u00e9s s&rsquo;inscrivent dans le cadre du renforcement des liens de partenariat et de coop\u00e9ration avec des pays du continent et refl\u00e8tent l&rsquo;engagement sans faille de SM le Roi Mohammed VI pour la consolidation d&rsquo;une coop\u00e9ration Sud-Sud solidaire et agissante, \u00e9rig\u00e9e par le Souverain parmi les axes fondamentaux de la politique \u00e9trang\u00e8re du Royaume, au service des int\u00e9r\u00eats des peuples africains fr\u00e8res.<\/p>\n<p>Voici la liste des accords sign\u00e9s :.<\/p>\n<p>&#8211; Accord relatif \u00e0 la r\u00e9alisation de la nouvelle ville de Ramciel, sign\u00e9 c\u00f4t\u00e9 marocain par le ministre de l\u2019int\u00e9rieur, Mohamed Hassad, le ministre de l\u2019habitat et de la politique de la ville, Nabil Benabdallah et le pr\u00e9sident du Directoire d\u2019Al Omrane Groupe, Badre Kanouni, et c\u00f4t\u00e9 sud-soudanais par M. Mayiik Ayii Deng, ministre \u00e0 la Pr\u00e9sidence.<\/p>\n<p>-Accord g\u00e9n\u00e9ral de coop\u00e9ration, sign\u00e9 par le ministre des Affaires \u00e9trang\u00e8res et de la coop\u00e9ration, Salaheddine Mezouar, et le ministre des affaires \u00e9trang\u00e8res et de la coop\u00e9ration internationale du Soudan du Sud, Deng Alor Kuol<\/p>\n<p>-Accord sur la promotion et la protection de l\u2019investissement, sign\u00e9 par le ministre de l\u2019\u00e9conomie et des finances, Mohamed Boussaid, et le ministre des finances et de la planification du Soudan du Sud, Stephen Dhieu Dau<\/p>\n<p>-Convention sur la non-double imposition et la lutte contre l\u2019\u00e9vasion fiscale en mati\u00e8re d\u2019imp\u00f4t sur le revenu, sign\u00e9e par le ministre de l\u2019\u00e9conomie et des finances, Mohamed Boussaid, et le ministre des finances et de la planification du Soudan du Sud, Stephen Dhieu Dau<\/p>\n<p>-M\u00e9morandum d\u2019entente dans le domaine agricole, sign\u00e9 par le ministre de l\u2019agriculture et de la p\u00eache maritime, Aziz Akhannouch, et le ministre sud-soudanais de l\u2019agriculture et de la s\u00e9curit\u00e9 alimentaire par int\u00e9rim, Kornelio Kon Ngu<\/p>\n<p>-M\u00e9morandum d\u2019entente sur la coop\u00e9ration industrielle, sign\u00e9 par le ministre de l\u2019industrie, du commerce, de l\u2019investissement et de l\u2019\u00e9conomie num\u00e9rique, Moulay Hafid El Alamy, et le ministre du commerce et d\u2019industrie du Soudan du Sud, Moses Hassan Ayet<\/p>\n<p>-M\u00e9morandum d\u2019entente sur la coop\u00e9ration dans le domaine des mines, sign\u00e9 par la directrice g\u00e9n\u00e9rale de l\u2019office national des hydrocarbures et des mines, Mme Amina Benkhadra, et le directeur g\u00e9n\u00e9ral de la direction du d\u00e9veloppement min\u00e9ral du Soudan du Sud, Thongjang Awak Thongjang<\/p>\n<p>-Accord de coop\u00e9ration dans le domaine de la formation professionnelle, sign\u00e9 c\u00f4t\u00e9 marocain par le directeur g\u00e9n\u00e9ral de l\u2019Office de la formation professionnelle et de la promotion du travail, Larbi Bencheikh, et l\u2019ambassadeur, Directeur g\u00e9n\u00e9ral de l\u2019Agence marocaine de la coop\u00e9ration internationale, Mohamed Methqal, et c\u00f4t\u00e9 sud-soudanais par Juac Agok Anyar, directeur g\u00e9n\u00e9ral de TEVT au minist\u00e8re de l\u2019\u00e9ducation g\u00e9n\u00e9rale et de l\u2019enseignement.<\/p>\n<p>-M\u00e9morandum d\u2019entente entre la Conf\u00e9d\u00e9ration g\u00e9n\u00e9rale des entreprises du Maroc (CGEM) et South Sudan Business and employers federation (SSBEF), sign\u00e9 par la pr\u00e9sidente de la CGEM, Mme Miriem Bensalah-Chaqroun, et le pr\u00e9sident de la SSBEF, Ayii Duang Ayii.<\/p>\n","protected":false},"excerpt":{"rendered":"<p>SM le Roi, Mohammed VI, et le Pr\u00e9sident de la R\u00e9publique du Soudan du Sud, M. Salva Kiir Mayardit, ont<\/p>\n","protected":false},"author":2,"featured_media":0,"comment_status":"closed","ping_status":"closed","sticky":false,"template":"","format":"standard","meta":{"footnotes":""},"categories":[3,62,5],"tags":[],"class_list":["post-2596","post","type-post","status-publish","format-standard","hentry","category-accueil","category-afrique","category-maghreb-news"],"_links":{"self":[{"href":"https:\/\/anatem.info\/index.php?rest_route=\/wp\/v2\/posts\/2596","targetHints":{"allow":["GET"]}}],"collection":[{"href":"https:\/\/anatem.info\/index.php?rest_route=\/wp\/v2\/posts"}],"about":[{"href":"https:\/\/anatem.info\/index.php?rest_route=\/wp\/v2\/types\/post"}],"author":[{"embeddable":true,"href":"https:\/\/anatem.info\/index.php?rest_route=\/wp\/v2\/users\/2"}],"replies":[{"embeddable":true,"href":"https:\/\/anatem.info\/index.php?rest_route=%2Fwp%2Fv2%2Fcomments&post=2596"}],"version-history":[{"count":1,"href":"https:\/\/anatem.info\/index.php?rest_route=\/wp\/v2\/posts\/2596\/revisions"}],"predecessor-version":[{"id":2598,"href":"https:\/\/anatem.info\/index.php?rest_route=\/wp\/v2\/posts\/2596\/revisions\/2598"}],"wp:attachment":[{"href":"https:\/\/anatem.info\/index.php?rest_route=%2Fwp%2Fv2%2Fmedia&parent=2596"}],"wp:term":[{"taxonomy":"category","embeddable":true,"href":"https:\/\/anatem.info\/index.php?rest_route=%2Fwp%2Fv2%2Fcategories&post=2596"},{"taxonomy":"post_tag","embeddable":true,"href":"https:\/\/anatem.info\/index.php?rest_route=%2Fwp%2Fv2%2Ftags&post=2596"}],"curies":[{"name":"wp","href":"https:\/\/api.w.org\/{rel}","templated":true}]}}