{"id":2643,"date":"2017-02-25T16:30:40","date_gmt":"2017-02-25T16:30:40","guid":{"rendered":"http:\/\/anatem.info\/?p=2643"},"modified":"2017-02-25T16:30:40","modified_gmt":"2017-02-25T16:30:40","slug":"sm-le-roi-sentretient-avec-le-secretaire-general-de-lonu","status":"publish","type":"post","link":"https:\/\/anatem.info\/?p=2643","title":{"rendered":"SM le Roi s&rsquo;entretient avec le Secr\u00e9taire G\u00e9n\u00e9ral  de l\u2019ONU"},"content":{"rendered":"<p><em>Sa Majest\u00e9 le Roi Mohammed VI, Que Dieu L&rsquo;assiste, a eu, ce jour, un entretien t\u00e9l\u00e9phonique avec Son Excellence Monsieur Antonio Guterres, Secr\u00e9taire G\u00e9n\u00e9ral de l\u2019Organisation des Nations Unies, indique vendredi un communiqu\u00e9 du Cabinet Royal.<\/em><\/p>\n<p>Au cours de cet entretien, Sa Majest\u00e9 le Roi a attir\u00e9 l\u2019attention de Monsieur Guterres sur la situation grave qui s\u00e9vit dans la r\u00e9gion de Guergarate au Sahara marocain, \u00e0 cause des incursions r\u00e9p\u00e9t\u00e9es des \u00e9l\u00e9ments arm\u00e9s du \u00ab\u00a0polisario\u00a0\u00bb et de leurs actes de provocations.<\/p>\n<p>Ces actes se sont pr\u00e9m\u00e9ditamment produits un mois avant le retour du Maroc \u00e0 l\u2019Union Africaine, afin de cr\u00e9er la zizanie et tenter, en vain, de torpiller ce processus, souligne le communiqu\u00e9.<\/p>\n<p>Conform\u00e9ment aux Tr\u00e8s Hautes Instructions Royales, les Minist\u00e8res des Affaires \u00e9trang\u00e8res et de l\u2019Int\u00e9rieur, ainsi que l\u2019Inspection G\u00e9n\u00e9rale des Forces Arm\u00e9es Royales, avaient signal\u00e9, \u00e0 plusieurs reprises, ces actes \u00e0 la Minurso et aux Nations Unies, rappelle le communiqu\u00e9.<\/p>\n<p>Sa Majest\u00e9 le Roi a demand\u00e9 au Secr\u00e9taire G\u00e9n\u00e9ral de l\u2019ONU de prendre les mesures urgentes et n\u00e9cessaires afin de mettre un terme \u00e0 cette situation inadmissible, qui menace s\u00e9rieusement le cessez-le-feu et met en p\u00e9ril la stabilit\u00e9 r\u00e9gionale.<\/p>\n<p>Source : MAP<\/p>\n","protected":false},"excerpt":{"rendered":"<p>Sa Majest\u00e9 le Roi Mohammed VI, Que Dieu L&rsquo;assiste, a eu, ce jour, un entretien t\u00e9l\u00e9phonique avec Son Excellence Monsieur<\/p>\n","protected":false},"author":2,"featured_media":2296,"comment_status":"closed","ping_status":"closed","sticky":false,"template":"","format":"standard","meta":{"footnotes":""},"categories":[3,5,7],"tags":[],"class_list":["post-2643","post","type-post","status-publish","format-standard","has-post-thumbnail","hentry","category-accueil","category-maghreb-news","category-presse-marocaine"],"_links":{"self":[{"href":"https:\/\/anatem.info\/index.php?rest_route=\/wp\/v2\/posts\/2643","targetHints":{"allow":["GET"]}}],"collection":[{"href":"https:\/\/anatem.info\/index.php?rest_route=\/wp\/v2\/posts"}],"about":[{"href":"https:\/\/anatem.info\/index.php?rest_route=\/wp\/v2\/types\/post"}],"author":[{"embeddable":true,"href":"https:\/\/anatem.info\/index.php?rest_route=\/wp\/v2\/users\/2"}],"replies":[{"embeddable":true,"href":"https:\/\/anatem.info\/index.php?rest_route=%2Fwp%2Fv2%2Fcomments&post=2643"}],"version-history":[{"count":1,"href":"https:\/\/anatem.info\/index.php?rest_route=\/wp\/v2\/posts\/2643\/revisions"}],"predecessor-version":[{"id":2644,"href":"https:\/\/anatem.info\/index.php?rest_route=\/wp\/v2\/posts\/2643\/revisions\/2644"}],"wp:featuredmedia":[{"embeddable":true,"href":"https:\/\/anatem.info\/index.php?rest_route=\/wp\/v2\/media\/2296"}],"wp:attachment":[{"href":"https:\/\/anatem.info\/index.php?rest_route=%2Fwp%2Fv2%2Fmedia&parent=2643"}],"wp:term":[{"taxonomy":"category","embeddable":true,"href":"https:\/\/anatem.info\/index.php?rest_route=%2Fwp%2Fv2%2Fcategories&post=2643"},{"taxonomy":"post_tag","embeddable":true,"href":"https:\/\/anatem.info\/index.php?rest_route=%2Fwp%2Fv2%2Ftags&post=2643"}],"curies":[{"name":"wp","href":"https:\/\/api.w.org\/{rel}","templated":true}]}}