{"id":2718,"date":"2017-03-24T19:10:31","date_gmt":"2017-03-24T19:10:31","guid":{"rendered":"http:\/\/anatem.info\/?p=2718"},"modified":"2017-03-24T19:10:31","modified_gmt":"2017-03-24T19:10:31","slug":"sm-le-roi-mohammed-vi-et-le-souverain-du-royaume-hachemite-de-jordanie-inaugurent-a-rabat-la-manifestation-culturelle-et-artistique-lafrique-en-capitale","status":"publish","type":"post","link":"https:\/\/anatem.info\/?p=2718","title":{"rendered":"SM le Roi Mohammed VI et le Souverain du Royaume Hach\u00e9mite de Jordanie inaugurent \u00e0 Rabat la manifestation culturelle et artistique \u00ab\u00a0L&rsquo;Afrique en Capitale\u00a0\u00bb"},"content":{"rendered":"<p>Rabat, 23\/03\/2017 (MAP), Sa Majest\u00e9 le Roi Mohammed VI, que Dieu L\u2019assiste, et le Souverain du Royaume Hach\u00e9mite de Jordanie, SM le Roi Abdallah II Ibn Al Hussein, ont inaugur\u00e9, jeudi au Mus\u00e9e Mohammed VI d\u2019art moderne et contemporain \u00e0 Rabat, la manifestation culturelle et artistique \u201cL\u2019Afrique en Capitale\u201d.<\/p>\n<p>Plac\u00e9e sous le Haut patronage de SM le Roi Mohammed VI, cette manifestation, initi\u00e9e par la Fondation Nationale des Mus\u00e9es en collaboration avec plusieurs op\u00e9rateurs culturels et institutionnels du Royaume, c\u00e9l\u00e8bre l\u2019Art africain en mettant en lumi\u00e8re son dynamisme et la vari\u00e9t\u00e9 de ses modes d\u2019expression.<\/p>\n<p>Ce grand \u00e9v\u00e9nement, qu\u2019abritera Rabat \u201cVille lumi\u00e8re, Capitale marocaine de la culture\u201d jusqu\u2019au 28 avril prochain, s\u2019inscrit en droite ligne des efforts de SM le Roi Mohammed VI visant \u00e0 faire de la culture un v\u00e9ritable levier de d\u00e9veloppement, un vecteur pour le rapprochement des peuples et le brassage culturel, et un outil de promotion des valeurs de tol\u00e9rance, d\u2019ouverture et de partage.<\/p>\n<p>A cette occasion, SM le Roi Mohammed VI et Son illustre h\u00f4te, SM le Roi Abdallah II de Jordanie, ont visit\u00e9 trois expositions mont\u00e9es dans le cadre de cette manifestation, \u00e0 savoir \u201cUn regard contemporain sur l&rsquo;Art africain\u201d, \u201cPr\u00e9sence Commune\u201d, et \u201cM\u00e9morial\u201d.<\/p>\n<p>L\u2019exposition \u201cUn regard contemporain sur l\u2019Art africain\u201d pr\u00e9sente un ensemble d\u2019\u0153uvres d\u2019art issues d\u2019une collection priv\u00e9e unique et offrant, \u00e0 travers des tableaux, des sculptures et des objets de design faites par des artistes africains de renomm\u00e9e, comme Ch\u00e9ri Samba et Ch\u00e9ri Ch\u00e9rin de la R\u00e9publique d\u00e9mocratique du Congo, Cyprien Tokoudagba du B\u00e9nin, Kwame Akoto du Ghana, et Bruce Obomeyoma Onobrakpeya et Ben Osaghae du Nigeria, une exploration originale des tendances de l\u2019art contemporain africain.<\/p>\n<p>Cette s\u00e9lection, qui adopte d\u00e9lib\u00e9r\u00e9ment la diversit\u00e9 des sujets et de leur traitement technique, montre un art africain r\u00e9solument ancr\u00e9 dans ses racines, qui convoque une m\u00e9moire traditionnelle, tribale ou populaire, et met en avant les signes d\u2019hybridation op\u00e9r\u00e9s sous l\u2019impact de la mondialisation artistique et \u00e9conomique.<\/p>\n<p>\u201cPr\u00e9sence commune\u201d est une exposition narrant deux exp\u00e9riences d\u2019un retour aux origines en terres africaines des artistes Kouka Ntadi (peintre franco-congolais) et Wahib Chehata (Tunisie). L\u2019humain et sa mise en lumi\u00e8re sont au coeur du travail de ces artistes qui essayent de repousser les fronti\u00e8res de l\u2019ignorance et d\u2019interpeller tout un chacun sur la place essentielle de l\u2019Homme, tout en rendant un grand hommage \u00e0 la terre africaine.<\/p>\n<p>La troisi\u00e8me exposition \u201cM\u00e9morial\u201d est un hommage \u00e0 trois inspirants photographes qui se sont \u00e9teints : Malek Sidib\u00e9 avec \u201cReportages maliens\u201d, Leila Alaoui avec \u201cLes Marocains\u201d, ou encore Othmane Dilami avec \u201cles musiciens de la transe\u201d.<\/p>\n<p>Outre ces expositions, la manifestation \u201cL\u2019Afrique en Capitale\u201d sera marqu\u00e9e par d\u2019intenses activit\u00e9s culturelles : 36 \u00e9v\u00e9nements dans 18 lieux notamment la Biblioth\u00e8que nationale du Royaume du Maroc, le Mus\u00e9e de Bank Al Maghrib, la Galerie Bab Rouah, la Galerie Bab El K\u00e9bir, Villa des Arts, l&rsquo;Espace Expressions CDG, l&rsquo;Acad\u00e9mie du Royaume du Maroc et le Th\u00e9\u00e2tre Mohammed V. Sont ainsi pr\u00e9vus des expositions d\u2019arts plastiques et d\u2019objets du patrimoine, des concerts de musique, des projections de films, des conf\u00e9rences, et des \u00e9v\u00e9nements d\u2019art urbain.<\/p>\n<p>A cette occasion, le peintre malien Abdoulaye Konat\u00e9, qui expose dans le cadre de cette manifestation \u00e0 l\u2019Espace Expressions CDG, a pr\u00e9sent\u00e9 \u00e0 SM le Roi Mohammed VI et \u00e0 SM le Roi Abdallah II un portfolio de ses diff\u00e9rentes toiles et cr\u00e9ations.<\/p>\n<p>Au terme de la visite des trois expositions, le Souverain Hach\u00e9mite de Jordanie a sign\u00e9 le Livre d\u2019Or du Mus\u00e9e Mohammed VI d\u2019art moderne et contemporain.<\/p>\n<p>A l\u2019issue de la c\u00e9r\u00e9monie d\u2019inauguration, SM le Roi Mohammed VI, que Dieu L\u2019assiste, a accompagn\u00e9 SM le Roi Abdallah II Ibn Al Hussein \u00e0 sa r\u00e9sidence.<\/p>\n","protected":false},"excerpt":{"rendered":"<p>Rabat, 23\/03\/2017 (MAP), Sa Majest\u00e9 le Roi Mohammed VI, que Dieu L\u2019assiste, et le Souverain du Royaume Hach\u00e9mite de Jordanie,<\/p>\n","protected":false},"author":2,"featured_media":2719,"comment_status":"closed","ping_status":"closed","sticky":false,"template":"","format":"standard","meta":{"footnotes":""},"categories":[3,62,5,7],"tags":[],"class_list":["post-2718","post","type-post","status-publish","format-standard","has-post-thumbnail","hentry","category-accueil","category-afrique","category-maghreb-news","category-presse-marocaine"],"_links":{"self":[{"href":"https:\/\/anatem.info\/index.php?rest_route=\/wp\/v2\/posts\/2718","targetHints":{"allow":["GET"]}}],"collection":[{"href":"https:\/\/anatem.info\/index.php?rest_route=\/wp\/v2\/posts"}],"about":[{"href":"https:\/\/anatem.info\/index.php?rest_route=\/wp\/v2\/types\/post"}],"author":[{"embeddable":true,"href":"https:\/\/anatem.info\/index.php?rest_route=\/wp\/v2\/users\/2"}],"replies":[{"embeddable":true,"href":"https:\/\/anatem.info\/index.php?rest_route=%2Fwp%2Fv2%2Fcomments&post=2718"}],"version-history":[{"count":1,"href":"https:\/\/anatem.info\/index.php?rest_route=\/wp\/v2\/posts\/2718\/revisions"}],"predecessor-version":[{"id":2721,"href":"https:\/\/anatem.info\/index.php?rest_route=\/wp\/v2\/posts\/2718\/revisions\/2721"}],"wp:featuredmedia":[{"embeddable":true,"href":"https:\/\/anatem.info\/index.php?rest_route=\/wp\/v2\/media\/2719"}],"wp:attachment":[{"href":"https:\/\/anatem.info\/index.php?rest_route=%2Fwp%2Fv2%2Fmedia&parent=2718"}],"wp:term":[{"taxonomy":"category","embeddable":true,"href":"https:\/\/anatem.info\/index.php?rest_route=%2Fwp%2Fv2%2Fcategories&post=2718"},{"taxonomy":"post_tag","embeddable":true,"href":"https:\/\/anatem.info\/index.php?rest_route=%2Fwp%2Fv2%2Ftags&post=2718"}],"curies":[{"name":"wp","href":"https:\/\/api.w.org\/{rel}","templated":true}]}}