{"id":2731,"date":"2017-04-22T15:13:13","date_gmt":"2017-04-22T15:13:13","guid":{"rendered":"http:\/\/anatem.info\/?p=2731"},"modified":"2017-04-22T15:13:13","modified_gmt":"2017-04-22T15:13:13","slug":"le-maroc-deplore-la-situation-dramatique-des-immigrants-syriens-sur-le-territoire-algerien-et-denonce-les-comportements-inhumains-des-autorites-algeriennes-a-leur-encontre-ministere-de-linterieur","status":"publish","type":"post","link":"https:\/\/anatem.info\/?p=2731","title":{"rendered":"Le Maroc d\u00e9plore la situation dramatique des immigrants syriens sur le territoire alg\u00e9rien et d\u00e9nonce les comportements inhumains des autorit\u00e9s alg\u00e9riennes \u00e0 leur encontre (minist\u00e8re de l&rsquo;Int\u00e9rieur)"},"content":{"rendered":"<p><img fetchpriority=\"high\" decoding=\"async\" class=\"size-full wp-image-2732 alignleft\" src=\"http:\/\/anatem.info\/wp-content\/uploads\/2017\/04\/Syriens.jpg\" alt=\"\" width=\"399\" height=\"306\" \/> Rabat, 21\/04\/2017 (MAP) &#8211; Les autorit\u00e9s marocaines ont d\u00e9plor\u00e9 la situation dramatique des immigrants syriens sur le territoire alg\u00e9rien et les conditions difficiles qu\u2019ils traversent et d\u00e9noncent les comportements inhumains des autorit\u00e9s alg\u00e9riennes \u00e0 l\u2019encontre de ces immigrants.<\/p>\n<p>Un communiqu\u00e9 du minist\u00e8re de l\u2019Int\u00e9rieur indique, le 21 avril 2017, que les autorit\u00e9s marocaines \u00ab\u00a0d\u00e9plorent la situation dramatique de ces immigrants et les conditions difficiles qu\u2019ils traversent dans l\u2019autre partie des fronti\u00e8res marocaines et d\u00e9noncent les comportements inhumains des autorit\u00e9s alg\u00e9riennes \u00e0 l\u2019encontre de ces immigrants surtout qu\u2019il s\u2019agit de femmes et d\u2019enfants dans une situation tr\u00e8s vuln\u00e9rable\u00a0\u00bb.<\/p>\n<p>Les autorit\u00e9s marocaines ont enregistr\u00e9 r\u00e9cemment l\u2019encerclement par les autorit\u00e9s alg\u00e9riennes de 55 citoyens syriens sur le territoire alg\u00e9rien, dans la zone frontali\u00e8re maroco-alg\u00e9rienne, pr\u00e8s de la ville de Figuig, ajoute le minist\u00e8re, pr\u00e9cisant que ces immigrants ont \u00e9t\u00e9 autoris\u00e9s par les autorit\u00e9s alg\u00e9riennes \u00e0 atteindre cette zone frontali\u00e8re via le territoire alg\u00e9rien en plusieurs groupes depuis la nuit du 17 avril 2017.<\/p>\n<p>Les autorit\u00e9s expriment \u00ab\u00a0leur \u00e9tonnement du fait que les autorit\u00e9s alg\u00e9riennes n\u2019ont pas pris en consid\u00e9ration la situation de ces immigrants en les expulsant par force vers le territoire marocain, contrairement aux r\u00e8gles de bon voisinage pr\u00f4n\u00e9es par le Royaume du Maroc\u00a0\u00bb, souligne la m\u00eame source, relevant que l\u2019arriv\u00e9e de ces immigrants \u00e0 cette zone frontali\u00e8re \u00ab\u00a0malgr\u00e9 les difficult\u00e9s li\u00e9es aux reliefs pour y acc\u00e9der via le territoire alg\u00e9rien et les contraintes des conditions m\u00e9t\u00e9orologiques n\u2019aurait pas \u00e9t\u00e9 possible sans l\u2019assistance et le soutien des autorit\u00e9s alg\u00e9riennes\u00a0\u00bb.<\/p>\n<p>\u00ab\u00a0Ce n\u2019est pas la premi\u00e8re fois que les autorit\u00e9s alg\u00e9riennes proc\u00e8dent \u00e0 l\u2019expulsion d\u2019immigrants vers le territoire marocain, des comportements similaires ayant \u00e9t\u00e9 enregistr\u00e9s par le pass\u00e9\u00a0\u00bb, conclut le minist\u00e8re.<\/p>\n","protected":false},"excerpt":{"rendered":"<p>Rabat, 21\/04\/2017 (MAP) &#8211; Les autorit\u00e9s marocaines ont d\u00e9plor\u00e9 la situation dramatique des immigrants syriens sur le territoire alg\u00e9rien et<\/p>\n","protected":false},"author":2,"featured_media":0,"comment_status":"closed","ping_status":"closed","sticky":false,"template":"","format":"standard","meta":{"footnotes":""},"categories":[3,62,5],"tags":[],"class_list":["post-2731","post","type-post","status-publish","format-standard","hentry","category-accueil","category-afrique","category-maghreb-news"],"_links":{"self":[{"href":"https:\/\/anatem.info\/index.php?rest_route=\/wp\/v2\/posts\/2731","targetHints":{"allow":["GET"]}}],"collection":[{"href":"https:\/\/anatem.info\/index.php?rest_route=\/wp\/v2\/posts"}],"about":[{"href":"https:\/\/anatem.info\/index.php?rest_route=\/wp\/v2\/types\/post"}],"author":[{"embeddable":true,"href":"https:\/\/anatem.info\/index.php?rest_route=\/wp\/v2\/users\/2"}],"replies":[{"embeddable":true,"href":"https:\/\/anatem.info\/index.php?rest_route=%2Fwp%2Fv2%2Fcomments&post=2731"}],"version-history":[{"count":1,"href":"https:\/\/anatem.info\/index.php?rest_route=\/wp\/v2\/posts\/2731\/revisions"}],"predecessor-version":[{"id":2733,"href":"https:\/\/anatem.info\/index.php?rest_route=\/wp\/v2\/posts\/2731\/revisions\/2733"}],"wp:attachment":[{"href":"https:\/\/anatem.info\/index.php?rest_route=%2Fwp%2Fv2%2Fmedia&parent=2731"}],"wp:term":[{"taxonomy":"category","embeddable":true,"href":"https:\/\/anatem.info\/index.php?rest_route=%2Fwp%2Fv2%2Fcategories&post=2731"},{"taxonomy":"post_tag","embeddable":true,"href":"https:\/\/anatem.info\/index.php?rest_route=%2Fwp%2Fv2%2Ftags&post=2731"}],"curies":[{"name":"wp","href":"https:\/\/api.w.org\/{rel}","templated":true}]}}