{"id":274,"date":"2013-03-05T15:04:44","date_gmt":"2013-03-05T15:04:44","guid":{"rendered":"http:\/\/anatem.info\/?p=274"},"modified":"2014-02-14T21:05:43","modified_gmt":"2014-02-14T21:05:43","slug":"maroc-activite-royale-sm-le-roi-recoit-le-president-de-la-commission-europeenne","status":"publish","type":"post","link":"https:\/\/anatem.info\/?p=274","title":{"rendered":"Maroc \/ Activit? Royale : SM le Roi re?oit le pr?sident de la Commission Europ?enne"},"content":{"rendered":"<p>Rabat, 1er mars (MAP)- Sa Majest\u00e9 le Roi Mohammed VI, que Dieu L&rsquo;assiste, a re\u00e7u, vendredi au Palais Royal de Rabat, le pr\u00e9sident de la Commission Europ\u00e9enne, M. Jos\u00e9 Manuel Barroso.<\/p>\n<p>Cette audience a \u00e9t\u00e9 l&rsquo;occasion d&rsquo;\u00e9changes constructifs portant sur la profondeur des relations de haut niveau qu&rsquo;entretiennent le Maroc et l&rsquo;Union Europ\u00e9enne tant au niveau \u00e9conomique que politique, ainsi que les perspectives riches de partenariat renouvel\u00e9 entre les deux parties, indique un communiqu\u00e9 du Cabinet Royal.<\/p>\n<p>Sa Majest\u00e9 le Roi que Dieu L&rsquo;assiste, a lou\u00e9 la qualit\u00e9 et l&rsquo;excellence de ces relations, dor\u00e9navant organis\u00e9es dans le cadre du Statut Avanc\u00e9, accord\u00e9 au Maroc en 2008, et S&rsquo;est f\u00e9licit\u00e9 du lancement d&rsquo;un Plan d&rsquo;Action quinquennal (2013-2017) \u00e9tabli conjointement \u00e0 ce titre.<\/p>\n<p>Pour sa part, M. Barroso a exprim\u00e9 \u00e0 Sa Majest\u00e9 le Roi l&rsquo;int\u00e9r\u00eat particulier et l&rsquo;importance manifeste qu&rsquo;accorde l&rsquo;UE \u00e0 ses relations sp\u00e9cifiques avec le Royaume, un partenaire solide et cr\u00e9dible, ainsi qu&rsquo;un mod\u00e8le dans la mise en oeuvre de la Politique Europ\u00e9enne de Voisinage, \u00e0 la faveur des r\u00e9formes engag\u00e9es et des grands chantiers r\u00e9alis\u00e9s sous la conduite du Souverain, dans les domaines politique, \u00e9conomique et socio-culturel.<\/p>\n<p>Lors de cette audience royale, diff\u00e9rentes questions d&rsquo;int\u00e9r\u00eat commun aux niveaux r\u00e9gional et international ont \u00e9t\u00e9 \u00e9voqu\u00e9es, en particulier celles relatives \u00e0 la coop\u00e9ration euro-m\u00e9diterran\u00e9enne, \u00e0 la situation au Maghreb et \u00e0 la s\u00e9curit\u00e9 dans l&rsquo;espace sah\u00e9lo-saharien.<\/p>\n<p>L&rsquo;audience royale s&rsquo;est d\u00e9roul\u00e9e en pr\u00e9sence de la Commissaire europ\u00e9enne aux Affaires int\u00e9rieures, Mme Cecilia Malmstrom, de l&rsquo;ambassadeur, Chef de la d\u00e9l\u00e9gation de l&rsquo;Union europ\u00e9enne \u00e0 Rabat, M. Eneko Landaburu, et du ministre des Affaires \u00e9trang\u00e8res et de la Coop\u00e9ration, M. Saad Dine El Otmani.<\/p>\n<p>A son arriv\u00e9e au Palais Royal, M. Barroso a pass\u00e9 en revue un d\u00e9tachement de la Garde Royale qui rendait les honneurs.(MAP).<\/p>\n","protected":false},"excerpt":{"rendered":"<p>Rabat, 1er mars (MAP)- Sa Majest\u00e9 le Roi Mohammed VI, que Dieu L&rsquo;assiste, a re\u00e7u, vendredi au Palais Royal de<\/p>\n","protected":false},"author":2,"featured_media":0,"comment_status":"open","ping_status":"open","sticky":false,"template":"","format":"standard","meta":{"footnotes":""},"categories":[3,5],"tags":[],"class_list":["post-274","post","type-post","status-publish","format-standard","hentry","category-accueil","category-maghreb-news"],"_links":{"self":[{"href":"https:\/\/anatem.info\/index.php?rest_route=\/wp\/v2\/posts\/274","targetHints":{"allow":["GET"]}}],"collection":[{"href":"https:\/\/anatem.info\/index.php?rest_route=\/wp\/v2\/posts"}],"about":[{"href":"https:\/\/anatem.info\/index.php?rest_route=\/wp\/v2\/types\/post"}],"author":[{"embeddable":true,"href":"https:\/\/anatem.info\/index.php?rest_route=\/wp\/v2\/users\/2"}],"replies":[{"embeddable":true,"href":"https:\/\/anatem.info\/index.php?rest_route=%2Fwp%2Fv2%2Fcomments&post=274"}],"version-history":[{"count":4,"href":"https:\/\/anatem.info\/index.php?rest_route=\/wp\/v2\/posts\/274\/revisions"}],"predecessor-version":[{"id":872,"href":"https:\/\/anatem.info\/index.php?rest_route=\/wp\/v2\/posts\/274\/revisions\/872"}],"wp:attachment":[{"href":"https:\/\/anatem.info\/index.php?rest_route=%2Fwp%2Fv2%2Fmedia&parent=274"}],"wp:term":[{"taxonomy":"category","embeddable":true,"href":"https:\/\/anatem.info\/index.php?rest_route=%2Fwp%2Fv2%2Fcategories&post=274"},{"taxonomy":"post_tag","embeddable":true,"href":"https:\/\/anatem.info\/index.php?rest_route=%2Fwp%2Fv2%2Ftags&post=274"}],"curies":[{"name":"wp","href":"https:\/\/api.w.org\/{rel}","templated":true}]}}