{"id":2758,"date":"2017-05-10T13:01:59","date_gmt":"2017-05-10T13:01:59","guid":{"rendered":"http:\/\/anatem.info\/?p=2758"},"modified":"2017-05-10T13:01:59","modified_gmt":"2017-05-10T13:01:59","slug":"washington-le-prestigieux-prix-du-visionnaire-en-efficacite-energetique-attribue-au-roi-du-maroc-pour-son-leadership-exceptionnel","status":"publish","type":"post","link":"https:\/\/anatem.info\/?p=2758","title":{"rendered":"Washington: Le prestigieux Prix du Visionnaire en Efficacit\u00e9 Energ\u00e9tique attribu\u00e9 au Roi du Maroc pour Son leadership \u201cexceptionnel\u201d"},"content":{"rendered":"<p>Washington, 08\/05\/2017- Le prestigieux Prix du Visionnaire en Efficacit\u00e9 Energ\u00e9tique (Energy Efficency Visionary Award) a \u00e9t\u00e9 attribu\u00e9, lundi \u00e0 Washington, \u00e0 Sa Majest\u00e9 le Roi Mohammed VI, en cons\u00e9cration du leadership \u00ab\u00a0exceptionnel\u00a0\u00bb et \u00ab\u00a0visionnaire\u00a0\u00bb du Souverain en mati\u00e8re d&rsquo;efficacit\u00e9 \u00e9nerg\u00e9tique, lors du Forum Mondial sur l\u2019Efficacit\u00e9 Energ\u00e9tique, marqu\u00e9 par la pr\u00e9sence de l\u2019Ambassadeur du Royaume aux Etats-Unis, Lalla Joumala Alaoui, qui a re\u00e7u ce Prix au nom du Souverain.<\/p>\n<p>Dans un discours prononc\u00e9 \u00e0 cette occasion, Gil Quiniones, co-Pr\u00e9sident du Conseil d\u2019administration de l\u2019Alliance de l\u2019Efficacit\u00e9 Energ\u00e9tique (Alliance to Save Energy, ASE), initiatrice de ce Forum mondial, a soulign\u00e9 que \u201cle Maroc, qui a abrit\u00e9 la 22\u00e8 conf\u00e9rence des parties \u00e0 la Convention-cadre de l\u2019ONU sur les changements climatiques, \u00e0 Marrakech du 7 au 18 novembre 2016, se d\u00e9marque par sa d\u00e9marche exemplaire en mati\u00e8re d\u2019\u00e9nergie renouvelable, sous le leadership visionnaire de Sa Majest\u00e9 le Roi\u201d.<\/p>\n<p>Gr\u00e2ce \u00e0 ce leadership Royal, a-t-il expliqu\u00e9, \u201cle Maroc a \u00e9t\u00e9 en mesure de mettre en place une strat\u00e9gie globale ayant permis une am\u00e9lioration significative de l\u2019efficacit\u00e9 \u00e9nerg\u00e9tique dans le Royaume, sur la voie de la concr\u00e9tisation des objectifs sp\u00e9cifi\u00e9s dans l\u2019Accord de Paris sur le climat\u201d.<\/p>\n<p>Sous l\u2019impulsion de la vision de Sa Majest\u00e9 le Roi, a-t-il poursuivi, il a \u00e9t\u00e9 proc\u00e9d\u00e9 \u00e0 la cr\u00e9ation de l\u2019Agence nationale pour le d\u00e9veloppement des \u00e9nergies renouvelables et de l\u2019efficacit\u00e9 \u00e9nerg\u00e9tique (ADEREE), avec pour but la r\u00e9alisation d\u2019un programme ambitieux portant sur une s\u00e9rie d\u2019objectifs en mati\u00e8re d\u2019\u00e9nergie propre, y compris celui d\u2019atteindre pas moins de 25 \u00e0 30 pc d\u2019\u00e9conomie d\u2019\u00e9nergie \u00e0 travers l\u2019efficacit\u00e9, \u00e0 l\u2019horizon 2030.<\/p>\n<p>\u201cPour toutes ces r\u00e9alisations et pour l\u2019approche adopt\u00e9e par le Maroc en mati\u00e8re d\u2019efficacit\u00e9 \u00e9nerg\u00e9tique, laquelle approche se distingue par son caract\u00e8re r\u00e9solument dirig\u00e9 vers l\u2019avenir, nous sommes ravis et honor\u00e9s d\u2019attribuer \u00e0 Sa Majest\u00e9 le Roi Mohammed VI le Prix du Visionnaire en Efficacit\u00e9 Energ\u00e9tique au titre de l\u2019ann\u00e9e 2017\u201d, a soulign\u00e9 le co-Pr\u00e9sident de l\u2019ASE, lors de cette c\u00e9r\u00e9monie qui s\u2019est d\u00e9roul\u00e9e en pr\u00e9sence notamment de M. Said Mouline, Directeur G\u00e9n\u00e9ral de l\u2019Agence nationale pour le d\u00e9veloppement des \u00e9nergies renouvelables et de l\u2019efficacit\u00e9 \u00e9nerg\u00e9tique.<\/p>\n<p>Fond\u00e9e en 1977, l\u2019Alliance de l\u2019Efficacit\u00e9 Energ\u00e9tique est une coalition d\u2019avant-garde bi-partisane US et \u00e0 but non lucratif, constitu\u00e9e essentiellement d\u2019organisations et de corporations actives dans les domaines technologique, industriel, environnemental et \u00e9nerg\u00e9tique, outre des d\u00e9fenseurs des droits des consommateurs. Elle se fixe pour objectif notamment de promouvoir aux Etats-Unis et \u00e0 l\u2019international l\u2019efficacit\u00e9 et la s\u00e9curit\u00e9 \u00e9nerg\u00e9tiques, et un environnement plus propre, dans les diff\u00e9rents secteurs de l\u2019\u00e9conomie.<\/p>\n","protected":false},"excerpt":{"rendered":"<p>Washington, 08\/05\/2017- Le prestigieux Prix du Visionnaire en Efficacit\u00e9 Energ\u00e9tique (Energy Efficency Visionary Award) a \u00e9t\u00e9 attribu\u00e9, lundi \u00e0 Washington,<\/p>\n","protected":false},"author":2,"featured_media":1946,"comment_status":"closed","ping_status":"closed","sticky":false,"template":"","format":"standard","meta":{"footnotes":""},"categories":[3,62,5,7],"tags":[],"class_list":["post-2758","post","type-post","status-publish","format-standard","has-post-thumbnail","hentry","category-accueil","category-afrique","category-maghreb-news","category-presse-marocaine"],"_links":{"self":[{"href":"https:\/\/anatem.info\/index.php?rest_route=\/wp\/v2\/posts\/2758","targetHints":{"allow":["GET"]}}],"collection":[{"href":"https:\/\/anatem.info\/index.php?rest_route=\/wp\/v2\/posts"}],"about":[{"href":"https:\/\/anatem.info\/index.php?rest_route=\/wp\/v2\/types\/post"}],"author":[{"embeddable":true,"href":"https:\/\/anatem.info\/index.php?rest_route=\/wp\/v2\/users\/2"}],"replies":[{"embeddable":true,"href":"https:\/\/anatem.info\/index.php?rest_route=%2Fwp%2Fv2%2Fcomments&post=2758"}],"version-history":[{"count":1,"href":"https:\/\/anatem.info\/index.php?rest_route=\/wp\/v2\/posts\/2758\/revisions"}],"predecessor-version":[{"id":2759,"href":"https:\/\/anatem.info\/index.php?rest_route=\/wp\/v2\/posts\/2758\/revisions\/2759"}],"wp:featuredmedia":[{"embeddable":true,"href":"https:\/\/anatem.info\/index.php?rest_route=\/wp\/v2\/media\/1946"}],"wp:attachment":[{"href":"https:\/\/anatem.info\/index.php?rest_route=%2Fwp%2Fv2%2Fmedia&parent=2758"}],"wp:term":[{"taxonomy":"category","embeddable":true,"href":"https:\/\/anatem.info\/index.php?rest_route=%2Fwp%2Fv2%2Fcategories&post=2758"},{"taxonomy":"post_tag","embeddable":true,"href":"https:\/\/anatem.info\/index.php?rest_route=%2Fwp%2Fv2%2Ftags&post=2758"}],"curies":[{"name":"wp","href":"https:\/\/api.w.org\/{rel}","templated":true}]}}