{"id":2760,"date":"2017-05-10T13:08:24","date_gmt":"2017-05-10T13:08:24","guid":{"rendered":"http:\/\/anatem.info\/?p=2760"},"modified":"2017-05-10T13:08:24","modified_gmt":"2017-05-10T13:08:24","slug":"sm-le-roi-nous-reiterons-notre-engagement-constant-au-niveau-national-regional-et-continental-a-deployer-tous-les-efforts-pour-favoriser-un-climat-de-developpement-durable-de-lefficacite-e","status":"publish","type":"post","link":"https:\/\/anatem.info\/?p=2760","title":{"rendered":"SM le Roi: Nous r\u00e9it\u00e9rons Notre engagement constant au niveau national, r\u00e9gional et continental, \u00e0 d\u00e9ployer tous les efforts pour favoriser un climat de d\u00e9veloppement durable de l\u2019efficacit\u00e9 \u00e9nerg\u00e9tique"},"content":{"rendered":"<p>Washington, 08\/05\/2017 &#8211; Sa Majest\u00e9 le Roi Mohammed VI a r\u00e9it\u00e9r\u00e9, dans le Message Royal d&rsquo;acceptation du Prix du Visionnaire en Efficacit\u00e9 Energ\u00e9tique, attribu\u00e9 au Souverain, ce lundi 8 mai 2017, \u00e0 Washington, \u00ab\u00a0Notre engagement constant au niveau national, r\u00e9gional et continental, \u00e0 d\u00e9ployer tous les efforts pour favoriser un climat de d\u00e9veloppement durable de l\u2019efficacit\u00e9 \u00e9nerg\u00e9tique, des \u00e9nergies renouvelables, de l&rsquo;innovation technologique et des m\u00e9tiers verts en g\u00e9n\u00e9ral\u00a0\u00bb.<\/p>\n<p>Dans ce message, dont lecture a \u00e9t\u00e9 donn\u00e9e par l\u2019Ambassadeur du Royaume aux Etats-Unis, Lalla Joumala Alaoui, devant le Forum Mondial sur l\u2019Efficacit\u00e9 Energ\u00e9tique, Sa Majest\u00e9 le Roi a fait observer que \u00ab\u00a0l\u2019efficacit\u00e9 \u00e9nerg\u00e9tique constitue, aujourd\u2019hui avec les \u00e9nergies renouvelables, une nouvelle r\u00e9volution dans le secteur \u00e9nerg\u00e9tique de par l\u2019\u00e9volution technologique qui assure une corr\u00e9lation entre ces deux composantes\u00a0\u00bb, soulignant qu\u2019\u00a0\u00bbelles devraient \u00eatre int\u00e9gr\u00e9es et prises en consid\u00e9ration dans les d\u00e9cisions d\u2019investissement et de choix technologique dans l\u2019ensemble des secteurs cl\u00e9s et gros consommateurs d\u2019\u00e9nergie, notamment l\u2019industrie, le b\u00e2timent, le transport, l\u2019\u00e9clairage public et l\u2019agriculture\u00a0\u00bb.<\/p>\n<p>\u00ab\u00a0Notre engagement dans ce domaine s\u2019\u00e9tend au-del\u00e0 du territoire marocain, et s\u2019est mat\u00e9rialis\u00e9 de mani\u00e8re concr\u00e8te par les actions et les projets que Nous avons lanc\u00e9s, dans le cadre de partenariats gagnants-gagnants, particuli\u00e8rement avec nos pays fr\u00e8res africains\u00a0\u00bb, a soutenu le Souverain.<\/p>\n<p>Cet engagement a \u00e9t\u00e9 \u00e9galement perceptible \u00e0 l\u2019occasion de la COP 22, organis\u00e9e avec succ\u00e8s \u00e0 Marrakech et marqu\u00e9e par l\u2019organisation \u00e0 Notre initiative du Sommet Africain de l\u2019Action pour harmoniser l\u2019action du continent pour un d\u00e9veloppement sobre en carbone\u00a0\u00bb, a pr\u00e9cis\u00e9 SM le Roi.<\/p>\n<p>e Souverain a not\u00e9 que \u00ab\u00a0le d\u00e9fi qui se pose de mani\u00e8re pressante \u00e0 notre monde d\u2019aujourd\u2019hui n\u2019est pas tant de manquer de ressources \u00e9nerg\u00e9tiques que de mobiliser les investissements indispensables en la mati\u00e8re\u00a0\u00bb, en insistant qu\u2019\u201dil est, donc, n\u00e9cessaire de construire les infrastructures \u00e9nerg\u00e9tiques n\u00e9cessaires et de d\u00e9velopper des technologies alternatives\u00a0\u00bb.<\/p>\n<p>C\u2019est pourquoi le Royaume du Maroc \u0153uvre constamment pour s\u2019adapter en permanence aux mutations \u00e0 venir en vue d\u2019assurer son d\u00e9veloppement \u00e9conomique et social et r\u00e9pondre durablement \u00e0 ses besoins croissants en \u00e9nergie. La s\u00e9curit\u00e9 d\u2019approvisionnement, la disponibilit\u00e9 de l\u2019\u00e9nergie ainsi que l\u2019efficacit\u00e9 \u00e9nerg\u00e9tique et la pr\u00e9servation de l\u2019environnement sont les piliers de sa strat\u00e9gie \u00e9nerg\u00e9tique\u00a0\u00bb, a dit le Souverain.<br \/>\nEt Sa Majest\u00e9 le Roi de souligner que \u00ab\u00a0Notre engagement dans la voie de d\u00e9veloppement d\u2019un mod\u00e8le \u00e9nerg\u00e9tique efficient et d\u00e9carbonis\u00e9 au b\u00e9n\u00e9fice du bien-\u00eatre et de la prosp\u00e9rit\u00e9 de nos citoyens s\u2019appuie prioritairement sur la mont\u00e9e en puissance des \u00e9nergies renouvelables et le renforcement de l\u2019efficacit\u00e9 \u00e9nerg\u00e9tique\u00a0\u00bb.<br \/>\n\u00ab\u00a0Ainsi, \u00e0 l\u2019occasion de la COP 21, Nous avons donn\u00e9 une forte impulsion au d\u00e9veloppement des \u00e9nergies renouvelables pour porter leur part de 42% en 2020 \u00e0 52% en 2030. Egalement, dans le cadre de Notre vision \u00e9nerg\u00e9tique 2030, Nous avons hiss\u00e9 l\u2019efficacit\u00e9 \u00e9nerg\u00e9tique au rang de priorit\u00e9, en tant que m\u00e9canisme efficient permettant d\u2019\u00e9conomiser les ressources \u00e9nerg\u00e9tiques, d\u2019en assurer la conservation et d\u2019en rationaliser la consommation\u00a0\u00bb, a rappel\u00e9 Sa Majest\u00e9 le Roi.<\/p>\n<p>Et le Souverain de relever que \u00ab\u00a0quelques ann\u00e9es seulement apr\u00e8s son lancement, le nouveau mod\u00e8le \u00e9nerg\u00e9tique marocain a port\u00e9 ses fruits avec l\u2019installation de nouvelles capacit\u00e9s d\u2019\u00e9nergies renouvelables, notamment solaires, \u00e9oliennes et hydrauliques et le lancement d\u2019une batterie d\u2019actions cibl\u00e9es visant la rationalisation de la consommation \u00e9nerg\u00e9tique\u00a0\u00bb, ajoutant que \u00ab\u00a0Nous multiplions nos efforts pour changer profond\u00e9ment nos modes actuels de production et de consommation d\u2019\u00e9nergie, pour les rendre efficients, efficaces et viables\u00a0\u00bb.<\/p>\n<p>&nbsp;<\/p>\n","protected":false},"excerpt":{"rendered":"<p>Washington, 08\/05\/2017 &#8211; Sa Majest\u00e9 le Roi Mohammed VI a r\u00e9it\u00e9r\u00e9, dans le Message Royal d&rsquo;acceptation du Prix du Visionnaire<\/p>\n","protected":false},"author":2,"featured_media":1946,"comment_status":"closed","ping_status":"closed","sticky":false,"template":"","format":"standard","meta":{"footnotes":""},"categories":[3,62,5,7],"tags":[],"class_list":["post-2760","post","type-post","status-publish","format-standard","has-post-thumbnail","hentry","category-accueil","category-afrique","category-maghreb-news","category-presse-marocaine"],"_links":{"self":[{"href":"https:\/\/anatem.info\/index.php?rest_route=\/wp\/v2\/posts\/2760","targetHints":{"allow":["GET"]}}],"collection":[{"href":"https:\/\/anatem.info\/index.php?rest_route=\/wp\/v2\/posts"}],"about":[{"href":"https:\/\/anatem.info\/index.php?rest_route=\/wp\/v2\/types\/post"}],"author":[{"embeddable":true,"href":"https:\/\/anatem.info\/index.php?rest_route=\/wp\/v2\/users\/2"}],"replies":[{"embeddable":true,"href":"https:\/\/anatem.info\/index.php?rest_route=%2Fwp%2Fv2%2Fcomments&post=2760"}],"version-history":[{"count":1,"href":"https:\/\/anatem.info\/index.php?rest_route=\/wp\/v2\/posts\/2760\/revisions"}],"predecessor-version":[{"id":2761,"href":"https:\/\/anatem.info\/index.php?rest_route=\/wp\/v2\/posts\/2760\/revisions\/2761"}],"wp:featuredmedia":[{"embeddable":true,"href":"https:\/\/anatem.info\/index.php?rest_route=\/wp\/v2\/media\/1946"}],"wp:attachment":[{"href":"https:\/\/anatem.info\/index.php?rest_route=%2Fwp%2Fv2%2Fmedia&parent=2760"}],"wp:term":[{"taxonomy":"category","embeddable":true,"href":"https:\/\/anatem.info\/index.php?rest_route=%2Fwp%2Fv2%2Fcategories&post=2760"},{"taxonomy":"post_tag","embeddable":true,"href":"https:\/\/anatem.info\/index.php?rest_route=%2Fwp%2Fv2%2Ftags&post=2760"}],"curies":[{"name":"wp","href":"https:\/\/api.w.org\/{rel}","templated":true}]}}