{"id":2762,"date":"2017-05-10T16:31:38","date_gmt":"2017-05-10T16:31:38","guid":{"rendered":"http:\/\/anatem.info\/?p=2762"},"modified":"2017-05-10T16:31:38","modified_gmt":"2017-05-10T16:31:38","slug":"les-soldats-marocains-en-premiere-ligne-pour-le-maintien-de-la-paix-et-de-la-securite-en-afrique-et-dans-le-monde","status":"publish","type":"post","link":"https:\/\/anatem.info\/?p=2762","title":{"rendered":"Les soldats marocains en premi\u00e8re ligne pour le maintien de la paix et de la s\u00e9curit\u00e9 en Afrique et dans le monde"},"content":{"rendered":"<p>Des soldats des Forces Arm\u00e9es Royales marocaines de la Mission Multidimensionnelle de Stabilisation des Nations Unies en Centrafrique (MINUSCA), en mission d\u2019escorte et de s\u00e9curisation d\u2019une \u00e9quipe de g\u00e9nie militaire cambodgienne, ont \u00e9t\u00e9 victimes, le 08 mai 2017, d&rsquo;une l\u00e2che agression pr\u00e8s de Bangassou, Sud-Est de la ville de Bria, pr\u00e8s de la fronti\u00e8re avec la R\u00e9publique D\u00e9mocratique du Congo.<br \/>\nUne horrible embuscade perp\u00e9tr\u00e9e par des \u00e9l\u00e9ments arm\u00e9s appartenant soit \u00e0 l&rsquo;Unit\u00e9 Pour la Centrafrique (UPC), une faction issue de l\u2019ex-Seleka, pro-musulmans, soit \u00e0 des villageois apparent\u00e9s aux ex-anti-balakas, majoritairement chr\u00e9tiens, qui s&rsquo;entretuent pour le contr\u00f4le des mines aurif\u00e8res et de diamant mais aussi du b\u00e9tail entre autres ressources du pays.<br \/>\nLe bilan de cette attaque, tr\u00e8s lourd, s&rsquo;\u00e9l\u00e8ve \u00e0 quatre soldats cambodgiens tu\u00e9s, dont trois sauvagement assassin\u00e9s, sept militaires marocains, bless\u00e9s, dont un gri\u00e8vement, et un soldat marocain toujours port\u00e9 disparu.<br \/>\nCette violente attaque, la plus meurtri\u00e8re contre la MINUSCA depuis sa cr\u00e9ation en avril 2014, vient renforcer le climat d\u2019ins\u00e9curit\u00e9 croissant qui r\u00e8gne en R\u00e9publique de Centrafrique, o\u00f9 en janvier 2017, deux Casques bleus marocains avaient d\u00e9j\u00e0 \u00e9t\u00e9 tu\u00e9s dans des circonstances similaires et confirme la spirale de violence jamais vue dans laquelle s&rsquo;est enferm\u00e9e ce pays depuis 2014 et qui n&rsquo;\u00e9pargne aucune r\u00e9gion, except\u00e9e Bangui, la capitale.<br \/>\nCette attaque criminelle a \u00e9t\u00e9 fermement condamn\u00e9e par le\u00a0 Secr\u00e9taire G\u00e9n\u00e9ral de l&rsquo;Organisation des Nations-Unies (ONU), Antonio Guterres, qui l&rsquo;a qualifi\u00e9e de \u00ab\u00a0crime de guerre\u00a0\u00bb.<br \/>\nAussi, apr\u00e8s avoir appris cette sanglante attaque, contre des \u00e9l\u00e9ments des Forces Arm\u00e9s Royales marocaines de la MINUSCA, le Secr\u00e9taire G\u00e9n\u00e9ral de l&rsquo;ONU, Antonio Guterres, a contact\u00e9 par t\u00e9l\u00e9phone, le 09 mai 2017, l\u2019Ambassadeur Repr\u00e9sentant Permanent du Maroc aupr\u00e8s des Nations-Unies pour lui demander de transmettre au Roi Mohammed VI \u00ab\u00a0sa solidarit\u00e9 personnelle et celle de l\u2019ensemble de l\u2019ONU avec le Maroc\u00a0\u00bb et il a \u00ab\u00a0salu\u00e9 la bravoure des casques bleus marocains qui paient un lourd tribut au maintien de la paix et de la s\u00e9curit\u00e9 en Afrique\u00a0\u00bb.<br \/>\nFarid Mnebhi.<\/p>\n","protected":false},"excerpt":{"rendered":"<p>Des soldats des Forces Arm\u00e9es Royales marocaines de la Mission Multidimensionnelle de Stabilisation des Nations Unies en Centrafrique (MINUSCA), en<\/p>\n","protected":false},"author":2,"featured_media":0,"comment_status":"closed","ping_status":"closed","sticky":false,"template":"","format":"standard","meta":{"footnotes":""},"categories":[3,62,5,7],"tags":[],"class_list":["post-2762","post","type-post","status-publish","format-standard","hentry","category-accueil","category-afrique","category-maghreb-news","category-presse-marocaine"],"_links":{"self":[{"href":"https:\/\/anatem.info\/index.php?rest_route=\/wp\/v2\/posts\/2762","targetHints":{"allow":["GET"]}}],"collection":[{"href":"https:\/\/anatem.info\/index.php?rest_route=\/wp\/v2\/posts"}],"about":[{"href":"https:\/\/anatem.info\/index.php?rest_route=\/wp\/v2\/types\/post"}],"author":[{"embeddable":true,"href":"https:\/\/anatem.info\/index.php?rest_route=\/wp\/v2\/users\/2"}],"replies":[{"embeddable":true,"href":"https:\/\/anatem.info\/index.php?rest_route=%2Fwp%2Fv2%2Fcomments&post=2762"}],"version-history":[{"count":1,"href":"https:\/\/anatem.info\/index.php?rest_route=\/wp\/v2\/posts\/2762\/revisions"}],"predecessor-version":[{"id":2764,"href":"https:\/\/anatem.info\/index.php?rest_route=\/wp\/v2\/posts\/2762\/revisions\/2764"}],"wp:attachment":[{"href":"https:\/\/anatem.info\/index.php?rest_route=%2Fwp%2Fv2%2Fmedia&parent=2762"}],"wp:term":[{"taxonomy":"category","embeddable":true,"href":"https:\/\/anatem.info\/index.php?rest_route=%2Fwp%2Fv2%2Fcategories&post=2762"},{"taxonomy":"post_tag","embeddable":true,"href":"https:\/\/anatem.info\/index.php?rest_route=%2Fwp%2Fv2%2Ftags&post=2762"}],"curies":[{"name":"wp","href":"https:\/\/api.w.org\/{rel}","templated":true}]}}