{"id":2765,"date":"2017-05-11T16:33:44","date_gmt":"2017-05-11T16:33:44","guid":{"rendered":"http:\/\/anatem.info\/?p=2765"},"modified":"2017-05-11T16:34:21","modified_gmt":"2017-05-11T16:34:21","slug":"entretien-telephonique-entre-sm-le-roi-mohammed-vi-et-m-emmanuel-macron-president-elu-de-la-republique-francaise","status":"publish","type":"post","link":"https:\/\/anatem.info\/?p=2765","title":{"rendered":"Entretien t\u00e9l\u00e9phonique entre SM le Roi Mohammed VI et M. Emmanuel Macron, Pr\u00e9sident \u00e9lu de la R\u00e9publique Fran\u00e7aise"},"content":{"rendered":"<p>Le Roi du Maroc, SM Mohammed VI, a eu, le 9 mai 2017, un entretien t\u00e9l\u00e9phonique avec le Pr\u00e9sident \u00e9lu de la R\u00e9publique Fran\u00e7aise, M. Emmanuel Macron, indique un communiqu\u00e9 du Cabinet Royal, dont voici le texte int\u00e9gral:<\/p>\n<p>\u00a0\u00bb Sa Majest\u00e9 le Roi Mohammed VI, que Dieu L\u2019assiste, a eu, ce jour, un entretien t\u00e9l\u00e9phonique avec M. Emmanuel Macron, pr\u00e9sident \u00e9lu de la R\u00e9publique Fran\u00e7aise.<\/p>\n<p>Au cours de cet entretien, le Souverain a r\u00e9it\u00e9r\u00e9 Ses vives f\u00e9licitations \u00e0 M. Macron pour son acc\u00e8s \u00e0 la magistrature supr\u00eame, qui a \u00e9t\u00e9 marqu\u00e9 par un large soutien \u00e0 sa vision pour l\u2019avenir de la R\u00e9publique Fran\u00e7aise et le bien-\u00eatre de l\u2019ensemble de ses concitoyens.<\/p>\n<p>L\u2019entretien a \u00e9t\u00e9 l\u2019occasion pour relever le caract\u00e8re singulier des relations qui lient les deux pays dans l\u2019ensemble des domaines, ainsi que la volont\u00e9 partag\u00e9e de consolider et d\u2019enrichir ce partenariat d\u2019exception \u00ab\u00a0. (MAP)<\/p>\n","protected":false},"excerpt":{"rendered":"<p>Le Roi du Maroc, SM Mohammed VI, a eu, le 9 mai 2017, un entretien t\u00e9l\u00e9phonique avec le Pr\u00e9sident \u00e9lu<\/p>\n","protected":false},"author":2,"featured_media":0,"comment_status":"closed","ping_status":"closed","sticky":false,"template":"","format":"standard","meta":{"footnotes":""},"categories":[3,62,7],"tags":[],"class_list":["post-2765","post","type-post","status-publish","format-standard","hentry","category-accueil","category-afrique","category-presse-marocaine"],"_links":{"self":[{"href":"https:\/\/anatem.info\/index.php?rest_route=\/wp\/v2\/posts\/2765","targetHints":{"allow":["GET"]}}],"collection":[{"href":"https:\/\/anatem.info\/index.php?rest_route=\/wp\/v2\/posts"}],"about":[{"href":"https:\/\/anatem.info\/index.php?rest_route=\/wp\/v2\/types\/post"}],"author":[{"embeddable":true,"href":"https:\/\/anatem.info\/index.php?rest_route=\/wp\/v2\/users\/2"}],"replies":[{"embeddable":true,"href":"https:\/\/anatem.info\/index.php?rest_route=%2Fwp%2Fv2%2Fcomments&post=2765"}],"version-history":[{"count":2,"href":"https:\/\/anatem.info\/index.php?rest_route=\/wp\/v2\/posts\/2765\/revisions"}],"predecessor-version":[{"id":2767,"href":"https:\/\/anatem.info\/index.php?rest_route=\/wp\/v2\/posts\/2765\/revisions\/2767"}],"wp:attachment":[{"href":"https:\/\/anatem.info\/index.php?rest_route=%2Fwp%2Fv2%2Fmedia&parent=2765"}],"wp:term":[{"taxonomy":"category","embeddable":true,"href":"https:\/\/anatem.info\/index.php?rest_route=%2Fwp%2Fv2%2Fcategories&post=2765"},{"taxonomy":"post_tag","embeddable":true,"href":"https:\/\/anatem.info\/index.php?rest_route=%2Fwp%2Fv2%2Ftags&post=2765"}],"curies":[{"name":"wp","href":"https:\/\/api.w.org\/{rel}","templated":true}]}}