{"id":2769,"date":"2017-05-13T14:04:28","date_gmt":"2017-05-13T14:04:28","guid":{"rendered":"http:\/\/anatem.info\/?p=2769"},"modified":"2017-05-13T14:10:25","modified_gmt":"2017-05-13T14:10:25","slug":"algerie-le-calvaire-dun-groupe-de-refugies-syriens","status":"publish","type":"post","link":"https:\/\/anatem.info\/?p=2769","title":{"rendered":"Calvaire de r\u00e9fugi\u00e9s syriens \u00e0 l&rsquo;ouest de l&rsquo;Alg\u00e9rie : Mais o\u00f9 sont pass\u00e9s les d\u00e9fenseurs des Droits de l&rsquo;Homme ?"},"content":{"rendered":"<p><img fetchpriority=\"high\" decoding=\"async\" class=\" wp-image-2770 alignleft\" src=\"http:\/\/anatem.info\/wp-content\/uploads\/2017\/05\/refugies-syriens.jpg\" alt=\"\" width=\"424\" height=\"233\" \/>Des centaines de milliers de ressortissants syriens fuient l&rsquo;horreur de la guerre civile et du terrorisme dans leur pays \u00e0 la recherche d&rsquo;une terre d&rsquo;accueil dans l&rsquo;espoir de vivre dans la dignit\u00e9 et la s\u00e9curit\u00e9.<br \/>\nDes milliers d&rsquo;entre eux sont parvenus \u00e0 trouver refuge en Alg\u00e9rie, via ses fronti\u00e8res poreuses, contrairement aux d\u00e9clarations mensong\u00e8res des responsables politiques et s\u00e9curitaires alg\u00e9riens affirmant qu&rsquo;elles \u00e9taient totalement verrouill\u00e9es.<br \/>\nCette forfaiture du r\u00e9gime alg\u00e9rien s&rsquo;explique tout simplement par l&rsquo;incapacit\u00e9 des responsables alg\u00e9riens d&rsquo;assumer leurs\u00a0 responsabilit\u00e9s internationales sur les plans \u00e9thique, moral et politique \u00e0 l&rsquo;endroit de la trag\u00e9die humanitaire qui frappe le peuple syrien de plein fouet ; une trag\u00e9die exploit\u00e9e de mani\u00e8re immonde et ignoble par les dirigeants alg\u00e9riens dans le seul but de d\u00e9stabiliser son voisin, le Maroc.<br \/>\nNul ne peut contester, \u00e0 la date du 12 mai 2017, l&rsquo;exploitation immorale \u00e0 laquelle s&rsquo;adonnent les responsables d&rsquo;Alger et sa soldatesque dans la la manipulation sadique et sinistre de la d\u00e9tresse des r\u00e9fugi\u00e9s syriens et autres pour l&rsquo;instrumentaliser \u00e0 des fins bassement politiciennes.<br \/>\nPour m\u00e9moire, en 2014\u00a0 le nombre de r\u00e9fugi\u00e9s Syriens a fortement augment\u00e9\u00a0 au Maroc, tous arriv\u00e9s d&rsquo;Alg\u00e9rie de mani\u00e8re ill\u00e9gale, soulevant des interrogations s\u00e9curitaires li\u00e9es au terrorisme. C&rsquo;est pourquoi, seuls 1400 d&rsquo;entre eux ont vu leur situation r\u00e9gularis\u00e9e par les autorit\u00e9s marocaines. Un chiffre incontestable puisque confirm\u00e9 par le responsable de la communication onusien, Marc Faw.<br \/>\nQuant aux r\u00e9fugi\u00e9s maliens, nig\u00e9riens, libyens, soudanais, tchadiens et autres, le Maroc a r\u00e9gularis\u00e9, en 2014, la situation de 16000 d&rsquo;entre eux sur 27000 demandes re\u00e7ues lors d\u2019une op\u00e9ration exceptionnelle de r\u00e9gularisation d\u00e9cr\u00e9t\u00e9e par le Roi Mohammed VI, une op\u00e9ration reconduite sur instruction du Souverain marocain en 2016.<br \/>\nPoursuivant ses manoeuvres sadiques et barbares, les responsables politiques et militaires alg\u00e9riens ont, une nouvelle fois, exploit\u00e9, le 17 avril 2017, la d\u00e9tresse extr\u00eame d&rsquo;une cinquantaine de r\u00e9fugi\u00e9s syriens ayant fui la guerre en les encerclant, alors qu&rsquo;ils devaient s&rsquo;approvisionner en eau, puis les d\u00e9porter dans des conditions abominables vers la fronti\u00e8re alg\u00e9ro-marocaine.<br \/>\nCes 56 r\u00e9fugi\u00e9s syriens, dont 20 femmes et 20 enfants, vivent \u00e0 l&rsquo;heure actuelle dans des conditions atroces, sans aucune assistance humanitaire des autorit\u00e9s alg\u00e9riennes et les organisations humanitaires internationales ne pipent pas un mot sur ce drame humain en raison de leur accointance connue avec le r\u00e9gime alg\u00e9rien.<br \/>\nComme l&rsquo;a parfaitement d\u00e9clar\u00e9 le Ministre marocain d\u00e9l\u00e9gu\u00e9 \u00e0 l\u2019Immigration, Abdelkrim Benatiq, lors d\u2019une rencontre avec des associations et des ONG, l\u2019Alg\u00e9rie doit prendre ses responsabilit\u00e9s et ne pas profiter de la d\u00e9tresse des r\u00e9fugi\u00e9s syriens pour cr\u00e9er des probl\u00e8mes \u00e0 la fronti\u00e8re alg\u00e9ro-marocaine en tentant d&rsquo;exposer le Maroc \u00e0 une vague incontr\u00f4l\u00e9e d\u2019immigration. Le Maroc a d\u00e9j\u00e0 r\u00e9gularis\u00e9 la situation de 5 000 Syriens sur son territoire remplissant ainsi \u00ab sa part du contrat \u00bb, a t&rsquo;il affirm\u00e9 tout en exhortant l\u2019Alg\u00e9rie \u00e0 en faire de m\u00eame.<br \/>\nJ&rsquo;invite les lecteurs \u00e0 visionner les images odieuses diffus\u00e9es, le 24 avril 2017, sur la cha\u00eene de t\u00e9l\u00e9vision Medit1TV, elles parlent d&rsquo;elles-m\u00eames, mais aussi cette vid\u00e9o poignante m\u00e9diatis\u00e9e, le 12 mai 2017, par le site \u00e9lectronique \u00ab\u00a0360.ma\u00a0\u00bb sous le titre \u00ab\u00a0Vid\u00e9o. \u00ab\u00a0Nous sommes en train de mourir ici. Aidez-nous!\u00a0\u00bb ; un v\u00e9ritable SOS d&rsquo;enfants syriens bloqu\u00e9s entre le Maroc et l&rsquo;Alg\u00e9rie par la faute des responsables alg\u00e9riens.<br \/>\nAu fait, que sont devenues ces associations des Droits de l&rsquo;Homme, m\u00e9dias, ONG&rsquo;s, femmes et hommes politiques europ\u00e9ens qui n&rsquo;ont de cesse de s&rsquo;attaquer au Maroc ? Un silence coupable qui explique tout !<br \/>\nFarid Mnebhi.<\/p>\n","protected":false},"excerpt":{"rendered":"<p>Des centaines de milliers de ressortissants syriens fuient l&rsquo;horreur de la guerre civile et du terrorisme dans leur pays \u00e0<\/p>\n","protected":false},"author":2,"featured_media":0,"comment_status":"closed","ping_status":"closed","sticky":false,"template":"","format":"standard","meta":{"footnotes":""},"categories":[3,62,5],"tags":[],"class_list":["post-2769","post","type-post","status-publish","format-standard","hentry","category-accueil","category-afrique","category-maghreb-news"],"_links":{"self":[{"href":"https:\/\/anatem.info\/index.php?rest_route=\/wp\/v2\/posts\/2769","targetHints":{"allow":["GET"]}}],"collection":[{"href":"https:\/\/anatem.info\/index.php?rest_route=\/wp\/v2\/posts"}],"about":[{"href":"https:\/\/anatem.info\/index.php?rest_route=\/wp\/v2\/types\/post"}],"author":[{"embeddable":true,"href":"https:\/\/anatem.info\/index.php?rest_route=\/wp\/v2\/users\/2"}],"replies":[{"embeddable":true,"href":"https:\/\/anatem.info\/index.php?rest_route=%2Fwp%2Fv2%2Fcomments&post=2769"}],"version-history":[{"count":5,"href":"https:\/\/anatem.info\/index.php?rest_route=\/wp\/v2\/posts\/2769\/revisions"}],"predecessor-version":[{"id":2775,"href":"https:\/\/anatem.info\/index.php?rest_route=\/wp\/v2\/posts\/2769\/revisions\/2775"}],"wp:attachment":[{"href":"https:\/\/anatem.info\/index.php?rest_route=%2Fwp%2Fv2%2Fmedia&parent=2769"}],"wp:term":[{"taxonomy":"category","embeddable":true,"href":"https:\/\/anatem.info\/index.php?rest_route=%2Fwp%2Fv2%2Fcategories&post=2769"},{"taxonomy":"post_tag","embeddable":true,"href":"https:\/\/anatem.info\/index.php?rest_route=%2Fwp%2Fv2%2Ftags&post=2769"}],"curies":[{"name":"wp","href":"https:\/\/api.w.org\/{rel}","templated":true}]}}