{"id":2782,"date":"2017-05-18T09:48:51","date_gmt":"2017-05-18T09:48:51","guid":{"rendered":"http:\/\/anatem.info\/?p=2782"},"modified":"2017-05-18T09:48:51","modified_gmt":"2017-05-18T09:48:51","slug":"invetiture-de-leila-aichi-la-colere-de-la-societe-civile-marocaine-et-des-franco-marocains","status":"publish","type":"post","link":"https:\/\/anatem.info\/?p=2782","title":{"rendered":"Invetiture de Le\u00efla A\u00efchi : La col\u00e8re de la soci\u00e9t\u00e9 civile marocaine et des franco-marocains"},"content":{"rendered":"<p>Du jamais vu dans l&rsquo;histoire politique de la V\u00e8me R\u00e9publique Fran\u00e7aise ! Une investiture pour les l\u00e9gislatives qui soul\u00e8ve un toll\u00e9 en France et suscite la col\u00e8re et une avalanche de\u00a0 protestations de la part de la soci\u00e9t\u00e9 civile marocaine et des franco-marocains.<br \/>\nLe\u00efla A\u00efchi, dont l&rsquo;investiture \u00e0 la 9\u00e8me circonscription des Fran\u00e7ais de l&rsquo;\u00e9tranger par \u00ab\u00a0La R\u00e9publique En Marche\u00a0\u00bb a \u00e9t\u00e9 valid\u00e9e \u00e0 la demande du MoDem, de Fran\u00e7ois Bayrou, est connue pour \u00eatre une activiste pro-polisario notoire.<br \/>\nCette candidature d&rsquo;une activiste sectaire dans une circonscription o\u00f9 les \u00e9lecteurs install\u00e9s au Maroc sont les plus nombreux d\u00e9montre l\u2019amateurisme des \u00e9quipes de \u00ab\u00a0la R\u00e9publique En Marche\u00a0\u00bb et leur m\u00e9connaissance du terrain.<br \/>\nD&rsquo;ailleurs, les repr\u00e9sentants d&rsquo; \u00ab\u00a0En Marche\u00a0\u00bb au Maroc se sont d\u00e9solidaris\u00e9s de cette investiture et refusent de faire campagne pour cette candidate. Une d\u00e9cision qui a \u00e9t\u00e9 suivie par les comit\u00e9s du S\u00e9n\u00e9gal, C\u00f4te d&rsquo;Ivoire et Tunisie.<br \/>\nParmi les multiples r\u00e9actions en France, citons celui du \u00ab\u00a0Cercle Eug\u00e8ne Delacroix\u00a0\u00bb, un regroupement d&rsquo;\u00e9lus fran\u00e7ais d&rsquo;origine marocaine, et celui de Monsieur Jack Lang, Pr\u00e9sident de l&rsquo;Institut du Monde Arabe dans lesquelles ils jugent \u00ab\u00a0de choquant, d&rsquo;inacceptable, d&rsquo;inadmissible, d&rsquo;inconcevable et d&rsquo;incompr\u00e9hensible l&rsquo;investiture de l&rsquo;activiste pro-polisario\u00a0\u00bb.<br \/>\nD&rsquo;ailleurs, pour nombre de Fran\u00e7ais, il serait r\u00e9voltant que cette personne si\u00e8ge \u00e0 l&rsquo;Assembl\u00e9e Nationale au nom du principal mouvement politique alors qu&rsquo;elle affiche clairement des positions tr\u00e8s proches du polisario, et donc de l&rsquo;Alg\u00e9rie, et diam\u00e9tralement oppos\u00e9e \u00e0 la position de la France, qui est affirm\u00e9e m\u00eame aux Nations-Unies et ce, en vue de d\u00e9stabiliser la relation s\u00e9culaire qui unit la France et le Royaume du Maroc.<br \/>\nFace \u00e0 ce toll\u00e9 politique, Le\u00efla A\u00efchi, s&rsquo;est fendue d&rsquo;un communiqu\u00e9, rendu public le 16 mai 2017, dans lequel elle nie tout attachement avec les terro-polisariens.<br \/>\nUn mensonge qui en dit long sur ses objectifs anti-marocains dans le Sacro-Saint de la R\u00e9publique Fran\u00e7aise quand on sait qu&rsquo;en 2013 elle s&rsquo;\u00e9tait illustr\u00e9e, en sa qualit\u00e9 de S\u00e9natrice de Paris, en poussant ses coll\u00e8gues de la Commission des Affaires Etrang\u00e8res \u00e0 organiser un d\u00e9bat sur les \u00ab\u00a0Droits de l&rsquo;Homme au Sahara Occidental\u00a0\u00bb.<br \/>\nUn d\u00e9bat \u00e0 charge, en pr\u00e9sence d&rsquo;une forte d\u00e9l\u00e9gation de dirigeants polisariens et alg\u00e9riens, o\u00f9 elle s\u2019\u00e9tait \u00ab alarm\u00e9e de l\u2019indiff\u00e9rence internationale quant au sort r\u00e9serv\u00e9 au peuple sahraoui \u00bb, et avait \u00ab\u00a0d\u00e9nonc\u00e9 l\u2019alignement syst\u00e9matique de la France sur la politique marocaine au Sahara occidental, et ce, malgr\u00e9 les graves violations des droits de l\u2019homme constat\u00e9es par les ONG&rsquo;s humanitaires\u00a0\u00bb, ajoutant encore que \u00ab le Sahara occidental et ses habitants subissent l\u2019occupation marocaine depuis pr\u00e8s de quarante ans et proph\u00e9tisant que le Sahara pourrait conna\u00eetre le m\u00eame sort que le Nord du Mali\u00a0\u00bb.<br \/>\nLa photographie, jointe \u00e0 ce papier, montrant l&rsquo;accueil r\u00e9serv\u00e9 par Le\u00efla A\u00efchi au criminel polisarien Mohamed Sidati au S\u00e9nat, est plus que parlante.<br \/>\nCe sinistre individu est connu pour son acharnement \u00e0 vouloir d\u00e9stabiliser l&rsquo;ensemble de la r\u00e9gion du Maghreb et de la zone sah\u00e9lo-saharienne et est un membre actif du mouvement terroriste arm\u00e9 du polisario, soutenu par l&rsquo;Alg\u00e9rie et install\u00e9 sur le territoire alg\u00e9rien.<br \/>\nSi Le\u00efla A\u00efchi nie, aujourd&rsquo;hui, tout d&rsquo;un bloc et d\u00e9ment avoir des positions hostiles au Maroc, eu des paroles d\u00e9plac\u00e9es \u00e0 l\u2019encontre du Maroc, de son peuple et de la personne de son Roi, c&rsquo;est que les enjeux \u00e9lectoraux sont pass\u00e9s par l\u00e0.<br \/>\nCette 9\u00e8me circonscription est l\u2019une des plus importantes circonscriptions avec 152 000 Fran\u00e7ais inscrits sur les registres consulaires, couvrant 16 pays d\u2019Afrique dont les pays du Maghreb, et dont le Maroc compte pour le tiers de l&rsquo;\u00e9lectorat. Autant dire une formidable d\u00e9faite programm\u00e9e pour Le\u00efla A\u00efchi.<br \/>\nNon ! Le\u00efla A\u00efchi vous ne duperez pas les \u00e9lecteurs avec vos mensonges car vous \u00eates notoirement connue comme une fervente adepte du \u00ab\u00a0retourne culotte politique\u00a0\u00bb, \u00e9cologiste puis soutien de Val\u00e9rie P\u00e9cresse (droite) avant d\u2019atterrir au MoDem (centre) de Fran\u00e7ois Bayrou et de finir sur la liste de \u00ab\u00a0La R\u00e9publique En marche\u00a0\u00bb (ni droite, ni gauche).<br \/>\nFarid Mnebhi.<\/p>\n","protected":false},"excerpt":{"rendered":"<p>Du jamais vu dans l&rsquo;histoire politique de la V\u00e8me R\u00e9publique Fran\u00e7aise ! Une investiture pour les l\u00e9gislatives qui soul\u00e8ve un<\/p>\n","protected":false},"author":2,"featured_media":0,"comment_status":"closed","ping_status":"closed","sticky":false,"template":"","format":"standard","meta":{"footnotes":""},"categories":[3,8],"tags":[],"class_list":["post-2782","post","type-post","status-publish","format-standard","hentry","category-accueil","category-provinces-du-sud"],"_links":{"self":[{"href":"https:\/\/anatem.info\/index.php?rest_route=\/wp\/v2\/posts\/2782","targetHints":{"allow":["GET"]}}],"collection":[{"href":"https:\/\/anatem.info\/index.php?rest_route=\/wp\/v2\/posts"}],"about":[{"href":"https:\/\/anatem.info\/index.php?rest_route=\/wp\/v2\/types\/post"}],"author":[{"embeddable":true,"href":"https:\/\/anatem.info\/index.php?rest_route=\/wp\/v2\/users\/2"}],"replies":[{"embeddable":true,"href":"https:\/\/anatem.info\/index.php?rest_route=%2Fwp%2Fv2%2Fcomments&post=2782"}],"version-history":[{"count":1,"href":"https:\/\/anatem.info\/index.php?rest_route=\/wp\/v2\/posts\/2782\/revisions"}],"predecessor-version":[{"id":2784,"href":"https:\/\/anatem.info\/index.php?rest_route=\/wp\/v2\/posts\/2782\/revisions\/2784"}],"wp:attachment":[{"href":"https:\/\/anatem.info\/index.php?rest_route=%2Fwp%2Fv2%2Fmedia&parent=2782"}],"wp:term":[{"taxonomy":"category","embeddable":true,"href":"https:\/\/anatem.info\/index.php?rest_route=%2Fwp%2Fv2%2Fcategories&post=2782"},{"taxonomy":"post_tag","embeddable":true,"href":"https:\/\/anatem.info\/index.php?rest_route=%2Fwp%2Fv2%2Ftags&post=2782"}],"curies":[{"name":"wp","href":"https:\/\/api.w.org\/{rel}","templated":true}]}}