{"id":2789,"date":"2017-05-21T21:55:47","date_gmt":"2017-05-21T21:55:47","guid":{"rendered":"http:\/\/anatem.info\/?p=2789"},"modified":"2017-05-21T21:55:47","modified_gmt":"2017-05-21T21:55:47","slug":"les-diplomates-algeriens-confondent-enceintes-onusiennes-et-rings-de-box","status":"publish","type":"post","link":"https:\/\/anatem.info\/?p=2789","title":{"rendered":"Les diplomates alg\u00e9riens confondent enceintes onusiennes et rings de box"},"content":{"rendered":"<div>Une premi\u00e8re dans les annales diplomatiques s&rsquo;est produite le 18 mai 2017 \u00e0 Saint-Vincent-et-Grenadines, dans les Cara\u00efbes, lors d&rsquo;un s\u00e9minaire organis\u00e9 sous l&rsquo;\u00e9gide de l&rsquo;Organisation des Nations-Unies (ONU) sur les territoires non-autonomes.<br \/>\nEn effet, alors que le Comit\u00e9 Sp\u00e9cial des 24, un comit\u00e9 de l\u2019ONU sur la d\u00e9colonisation, tenait une r\u00e9union sur l\u2019\u00eele de Sainte-Lucie, le 3\u00e8me personnage dans l&rsquo;organigramme du Minist\u00e8re alg\u00e9rien des Affaires Etrang\u00e8res, Soufiane Mimouni, pensant \u00eatre en terre conquise, a l\u00e2chement agress\u00e9 physiquement l\u2019adjoint de l&rsquo;Ambassadeur marocain \u00e0 Sainte-Lucie, Mohamed Ali El Khamlichi, qui a \u00e9t\u00e9 transport\u00e9 \u00e0 l&rsquo;h\u00f4pital pour y recevoir les soins n\u00e9cessaires.<br \/>\nCe grave incident, contraire aux usages diplomatiques, est la r\u00e9sultante du ferme soutien des d\u00e9l\u00e9gations pr\u00e9sentes \u00e0 la participation des repr\u00e9sentants l\u00e9gitimement \u00e9lus des populations des provinces sahariennes marocaines \u00e0 cette r\u00e9union onusienne.<br \/>\nLa venue de Sahraouis marocains, v\u00e9ritables repr\u00e9sentants des habitants des provinces sahariennes, contestant la pr\u00e9sence du polisario, a provoqu\u00e9 une crise d&rsquo;hyst\u00e9rie de ce responsable diplomatique alg\u00e9rien au point d&rsquo;en venir aux mains en pr\u00e9sence des d\u00e9l\u00e9gations des pays pr\u00e9sents et du Secr\u00e9tariat de l\u2019ONU.<br \/>\nCe comportement agressif du diplomate alg\u00e9rien traduit l&rsquo;extr\u00eame nervosit\u00e9 de la diplomatie alg\u00e9rienne \u00e0 la suite des \u00e9volutions r\u00e9centes qu&rsquo;a connues le dossier du Sahara marocain, notamment le retour du Maroc \u00e0 l\u2019Union Africaine, la derni\u00e8re r\u00e9solution du Conseil de S\u00e9curit\u00e9 de l&rsquo;ONU, l&rsquo;issue de la crise de Guerguerate et les dispositions du budget am\u00e9ricain 2017.<br \/>\nCette agression atteste \u00e9galement de l&rsquo;implication directe de l&rsquo;Alg\u00e9rie dans le dossier du Sahara marocain, alors qu&rsquo;elle pr\u00e9tend faussement \u00eatre simple observatrice.<br \/>\nOui ! L&rsquo;Alg\u00e9rie a donn\u00e9 naissance en 1973 au polisario pour emp\u00eacher le Maroc de faire valoir ses droits historiques et l\u00e9gitimes sur son Sahara.<br \/>\nPour m\u00e9moire, le Maroc avait inscrit cette question du Sahara, alors sous occupation espagnole, aux Nations-Unies d\u00e8s 1963 et, \u00e0 cette date, le polisario n&rsquo;existait pas.<br \/>\nCe mouvement\u00a0 s\u00e9cessionniste fera parler de lui pour la premi\u00e8re fois en 1973 sur ordre des responsables alg\u00e9riens, dirig\u00e9s alors par un certain dictateur Boumedienne.<br \/>\nCette pure cr\u00e9ation alg\u00e9rienne poursuivra ses manoeuvres d\u00e9stabilisatrices contre le Maroc, mais aussi contre des pays de la zone Sah\u00e9lo-Saharienne, sous les ordres d&rsquo;anciens trouffions de l&rsquo;arm\u00e9e fran\u00e7aise, aujourd&rsquo;hui galonn\u00e9s, apr\u00e8s la mort de Boumedienne.<br \/>\nL&rsquo;Alg\u00e9rie, apr\u00e8s ce grave incident diplomatique, condamn\u00e9 par le Maroc et la communaut\u00e9 internationale, ne peut plus se cacher derri\u00e8re son pseudo statut d\u2019observateur et se doit d&rsquo;assumer ses responsabilit\u00e9s et de s\u2019asseoir autour de la table des n\u00e9gociations pour contribuer pleinement \u00e0 la mise en \u0153uvre de la derni\u00e8re r\u00e9solution du Conseil de S\u00e9curit\u00e9 de l&rsquo;ONU afin de trouver la solution n\u00e9goci\u00e9e sur le Sahara marocain.<br \/>\nLes dirigeants alg\u00e9riens doivent comprendre que la conviction de la communaut\u00e9 internationale sur la justesse de la cause nationale marocaine et la pertinence de sa proposition d\u2019autonomie se renforcent ; la vague des retraits de reconnaissance de la pseudo \u00ab\u00a0RASD\u00a0\u00bb en est la preuve irr\u00e9futable.<br \/>\nCes victoires sont la cons\u00e9quence logique d&rsquo;une diplomatie marocaine entreprenante, proactive et d\u00e9complex\u00e9e en Afrique, en Am\u00e9rique Latine, en Europe et en Asie, suite \u00e0 la force d\u2019une vision avant-gardiste du Roi Mohammed VI et au choix in\u00e9branlable d\u2019un Maroc moderne, d\u00e9mocratique et d\u00e9termin\u00e9 \u00e0 aller de l\u2019avant, \u00e0 innover et \u00e0 cr\u00e9er de la richesse.<br \/>\nEnfin, les usages diplomatiques veulent que le pays agresseur adresse ses excuses au pays agress\u00e9 ; le Maroc les a officiellement demand\u00e9es et elles sont attendues par Rabat.<br \/>\nFarid Mnebhi.<\/div>\n","protected":false},"excerpt":{"rendered":"<p>Une premi\u00e8re dans les annales diplomatiques s&rsquo;est produite le 18 mai 2017 \u00e0 Saint-Vincent-et-Grenadines, dans les Cara\u00efbes, lors d&rsquo;un s\u00e9minaire<\/p>\n","protected":false},"author":2,"featured_media":2790,"comment_status":"closed","ping_status":"closed","sticky":false,"template":"","format":"standard","meta":{"footnotes":""},"categories":[3,62,5,8],"tags":[],"class_list":["post-2789","post","type-post","status-publish","format-standard","has-post-thumbnail","hentry","category-accueil","category-afrique","category-maghreb-news","category-provinces-du-sud"],"_links":{"self":[{"href":"https:\/\/anatem.info\/index.php?rest_route=\/wp\/v2\/posts\/2789","targetHints":{"allow":["GET"]}}],"collection":[{"href":"https:\/\/anatem.info\/index.php?rest_route=\/wp\/v2\/posts"}],"about":[{"href":"https:\/\/anatem.info\/index.php?rest_route=\/wp\/v2\/types\/post"}],"author":[{"embeddable":true,"href":"https:\/\/anatem.info\/index.php?rest_route=\/wp\/v2\/users\/2"}],"replies":[{"embeddable":true,"href":"https:\/\/anatem.info\/index.php?rest_route=%2Fwp%2Fv2%2Fcomments&post=2789"}],"version-history":[{"count":1,"href":"https:\/\/anatem.info\/index.php?rest_route=\/wp\/v2\/posts\/2789\/revisions"}],"predecessor-version":[{"id":2791,"href":"https:\/\/anatem.info\/index.php?rest_route=\/wp\/v2\/posts\/2789\/revisions\/2791"}],"wp:featuredmedia":[{"embeddable":true,"href":"https:\/\/anatem.info\/index.php?rest_route=\/wp\/v2\/media\/2790"}],"wp:attachment":[{"href":"https:\/\/anatem.info\/index.php?rest_route=%2Fwp%2Fv2%2Fmedia&parent=2789"}],"wp:term":[{"taxonomy":"category","embeddable":true,"href":"https:\/\/anatem.info\/index.php?rest_route=%2Fwp%2Fv2%2Fcategories&post=2789"},{"taxonomy":"post_tag","embeddable":true,"href":"https:\/\/anatem.info\/index.php?rest_route=%2Fwp%2Fv2%2Ftags&post=2789"}],"curies":[{"name":"wp","href":"https:\/\/api.w.org\/{rel}","templated":true}]}}