{"id":2792,"date":"2017-05-24T23:49:40","date_gmt":"2017-05-24T23:49:40","guid":{"rendered":"http:\/\/anatem.info\/?p=2792"},"modified":"2017-05-24T23:49:40","modified_gmt":"2017-05-24T23:49:40","slug":"sm-le-roi-preside-la-ceremonie-de-presentation-du-programme-de-rehabilitation-des-medersas-restaures-de-la-ville-de-fes-et-leur-ouverture-au-profit-detudiants-de-luniversite-de-la-quaraouyi","status":"publish","type":"post","link":"https:\/\/anatem.info\/?p=2792","title":{"rendered":"SM le Roi pr\u00e9side la c\u00e9r\u00e9monie de pr\u00e9sentation du programme de r\u00e9habilitation des m\u00e9dersas restaur\u00e9s de la ville de F\u00e8s et leur ouverture au profit d&rsquo;\u00e9tudiants de l\u2019Universit\u00e9 de la Quaraouyine"},"content":{"rendered":"<p><strong>F\u00e8s, 23\/05\/2017 (MAP)<\/strong> &#8211; Sa Majest\u00e9 le Roi Mohammed VI, Amir Al Mouminine, que Dieu L\u2019assiste, a pr\u00e9sid\u00e9, mardi \u00e0 la biblioth\u00e8que Al Quaraouyine \u00e0 F\u00e8s, la c\u00e9r\u00e9monie de pr\u00e9sentation du programme de r\u00e9habilitation des anciennes m\u00e9dersas de F\u00e8s, apr\u00e8s leur restauration, et leur ouverture, \u00e0 des fins d\u2019h\u00e9bergement et d\u2019enseignement, au profit respectivement d\u2019\u00e9tudiants du cycle terminal \u00abAl Alimiya\u00bb et de ceux de la fili\u00e8re de la calligraphie de l\u2019universit\u00e9 Al Quaraouyine.<\/p>\n<p>A cette occasion, le ministre des Habous et des Affaires islamiques, M. Ahmed Toufiq, a prononc\u00e9 une allocution devant le Souverain dans laquelle il a soulign\u00e9 qu\u2019en ex\u00e9cution des Hautes orientations Royales concernant l\u2019h\u00e9bergement des \u00e9tudiants de l\u2019Universit\u00e9 Al Quaraouyine dans ces m\u00e9dersas, \u00abil a \u00e9t\u00e9 proc\u00e9d\u00e9 \u00e0 l\u2019h\u00e9bergement des \u00e9tudiants dans trois m\u00e9dersas parmi celles dont la restauration a \u00e9t\u00e9 achev\u00e9e derni\u00e8rement, en l\u2019occurrence la m\u00e9dersa Mohammedia et la m\u00e9dersa Seffarine, en plus de la m\u00e9dersa Bouaanania\u00bb. La capacit\u00e9 d\u2019h\u00e9bergement de ces m\u00e9dersas s\u2019\u00e9l\u00e8ve ainsi \u00e0 105 lits, a ajout\u00e9 le ministre, notant que les dispositions ont \u00e9t\u00e9 prises, en coordination avec le rectorat, pour donner prioritairement l\u2019opportunit\u00e9 d\u2019h\u00e9bergement \u00e0 l\u2019ensemble des \u00e9tudiants du cycle terminal de l\u2019universit\u00e9 Al Quaraouyine.<\/p>\n<p>Dans le cadre des efforts visant \u00e0 permettre \u00e0 l\u2019Universit\u00e9 Al Quaraouiyine de renouer avec son cursus authentique en mati\u00e8re de formation des oul\u00e9mas, tant en ce qui concerne la pertinence des programmes, la comp\u00e9titivit\u00e9 scientifique aux plans national et international, qu\u2019au regard des objectifs d\u00e9finis par le dahir portant restructuration de l\u2019institution, il a \u00e9t\u00e9 proc\u00e9d\u00e9 \u00e9galement \u00e0 la cr\u00e9ation d\u2019un cycle nouveau, auquel SM le Roi, Amir Al Mouminine a donn\u00e9 Son accord, \u00e0 savoir le cycle de la Haute Alimiya, a-t-il affirm\u00e9. Ce nouveau cycle \u00abpermet ainsi l\u2019acc\u00e8s \u00e0 l\u2019Universit\u00e9 Al Quaraouiyine, \u00e0 la faveur d\u2019un concours annuel, d\u2019\u00e9tudiants titulaires du baccalaur\u00e9at se prr\u00e9valant de la m\u00e9morisation int\u00e9grale du Saint Coran, qui se consacreront \u00e0 l\u2019acquisition du savoir selon un r\u00e9gime d\u2019\u00e9tudes densifi\u00e9 et rigoureux durant cinq ans\u00a0\u00bb. \u00abCe type de formation convient, on ne peut mieux, au genre d\u2019institution qu\u2019est l\u2019Universit\u00e9 Al Quaraouyine, en droite ligne de la vocation que le Souverain voudrait conforter, afin de relier son pass\u00e9 \u00e0 son pr\u00e9sent, renforcer les comp\u00e9tences requises pour l&rsquo;effort d&rsquo;interpr\u00e9tation (Ijthad) et argumenter judicieusement le dialogue au sujet de cette religion et ce, de la mani\u00e8re la plus convenable qui soit\u00bb, a fait observer M. Toufiq. M. Toufiq a, en outre, indiqu\u00e9 que le choix s\u2019est port\u00e9 sur la M\u00e9dersa de Sahrij, pour l\u2019enseignement de la fili\u00e8re de la calligraphie arabe et ce, conform\u00e9ment aux Hautes instructions Royales au sujet de la cr\u00e9ation de cette fili\u00e8re au niveau de l\u2019Universit\u00e9 Al Quaraouyine.<\/p>\n<p>La premi\u00e8re promotion compos\u00e9e \u00ab\u00a0de quinze \u00e9tudiants a d\u00e9j\u00e0 entam\u00e9 la formation, avec l\u2019encadrement d\u2019experts de l\u2019Acad\u00e9mie des arts de Casablanca et d\u2019autres op\u00e9rant dans la ville de F\u00e8s\u00a0\u00bb, a poursuivi le ministre. Soulignant que la m\u00e9dersa Sebaaiyyine, faisant partie du lot de m\u00e9dersas restaur\u00e9es, n\u2019a pas \u00e9t\u00e9 retenue dans l\u2019op\u00e9ration d\u2019h\u00e9bergement, compte tenu de l\u2019\u00e9troitesse de ses chambres, le ministre a indiqu\u00e9 que le rectorat de l\u2019Universit\u00e9 Al Quaraouyine voudrait solliciter du Souverain de bien vouloir l\u2019autoriser \u00e0 r\u00e9server les cinq chambres disponibles \u00e0 la m\u00e9dersa Mesbahiya aux oul\u00e9mas en charge de l\u2019enseignement, en particulier les \u00e9trangers commis dans le cadre de la coop\u00e9ration internationale, \u00e0 utiliser les autres unit\u00e9s qui s\u2019y trouvent comme d\u00e9pendances administratives pour l\u2019Universit\u00e9. Et \u00e0 l\u2019autoriser \u00e0 faire de la Medersa Bouananiya un espace ouvert aux visites de touristes \u00e0 des heures d\u00e9termin\u00e9es de la journ\u00e9e, quand bien m\u00eame elle sert \u00e0 l\u2019h\u00e9bergement des \u00e9tudiants, a-t-il dit.<\/p>\n<p>M. Toufiq n\u2019a pas manqu\u00e9, \u00e0 cette occasion, de rappeler l&rsquo;ouverture de la maison du \u00ab\u00a0Moaqqquit\u00a0\u00bb, une des monuments historiques restaur\u00e9s, avec l&rsquo;affectation d&rsquo;un alem vers\u00e9 dans l&rsquo;ordonnancement des horaires des pri\u00e8res, ce qui est propre \u00e0 r\u00e9habiliter une discipline prestigieuse dans laquelle les oul\u00e9mas marocains se sont brillamment illustr\u00e9s \u00e0 travers l&rsquo;histoire. Le Directeur G\u00e9n\u00e9ral de l&rsquo;Agence pour le D\u00e9veloppement et la R\u00e9habilitation de la m\u00e9dina de F\u00e8s (ADER), M. Fouad Serrhini, a, pour sa part, pr\u00e9sent\u00e9 un expos\u00e9 sur les op\u00e9rations de restauration et de r\u00e9habilitation des anciennes Medersas de la m\u00e9dina de F\u00e8s, cette cit\u00e9 consid\u00e9r\u00e9e comme un mod\u00e8le int\u00e9gr\u00e9 de la ville arabo-islamique et m\u00e9diterran\u00e9enne.<\/p>\n<p>Rappelant que le Royaume du Maroc fut l\u2019un des premiers pays \u00e0 avoir ratifi\u00e9 la Convention pour la protection du patrimoine mondial, culturel et naturel de 1972, M. Serrhini a indiqu\u00e9 que la richesse et la diversit\u00e9 du patrimoine historique de la M\u00e9dina de F\u00e8s, qui abrite plus de 30.000 artisans, ont permis \u00e0 cette Cit\u00e9 mill\u00e9naire vivante d\u2019\u00eatre le premier site du Maroc class\u00e9 au Patrimoine mondial, en 1981. Et d\u2019ajouter que le message adress\u00e9 par SM le Roi Mohammed VI aux participants \u00e0 la 23\u00e8me session du comit\u00e9 du patrimoine mondial, tenu en novembre 1999 \u00e0 Marrakech, ainsi que celui adress\u00e9 par le Souverain \u00e0 l&rsquo;occasion du lancement des c\u00e9r\u00e9monies marquant le 1200\u00e8me anniversaire de la fondation de la ville de F\u00e8s, ont constitu\u00e9, pour nombre de sp\u00e9cialistes et de personnes, une feuille de route et un plan d\u2019action pour la promotion et le d\u00e9veloppement du tissu historique de la ville de F\u00e8s.<\/p>\n<p>La bienveillance royale envers la capitale acad\u00e9mique et spirituelle du Maroc et son patrimoine s\u2019est illustr\u00e9e \u00e0 travers le programme de restauration et de r\u00e9habilitation de 27 monuments historiques, dont cinq Medersas de grande facture, a poursuivi M. Serrhini. Les travaux de r\u00e9novation de ces monuments ont \u00e9t\u00e9 r\u00e9alis\u00e9s par des ma\u00e2lmine (maitres artisans) qui ont su les restaurer \u00e0 l\u2019identique, faisant appel \u00e0 leur dext\u00e9rit\u00e9, leur ingg\u00e9niosit\u00e9, et leur savoir-faire ancestral. La restauration de ces diff\u00e9rents monuments devra contribuer au renforcement des circuits touristiques au niveau de l&rsquo;ancienne m\u00e9dina de F\u00e8s, \u00e0 l&#8217;embellissement du cadre b\u00e2ti, au d\u00e9veloppement socio-\u00e9conomique de cette Cit\u00e9-Mus\u00e9e et la pr\u00e9servation de son patrimoine mat\u00e9riel qui refl\u00e8te la grandeur d&rsquo;un pass\u00e9 architectural glorieux et l&rsquo;authenticit\u00e9 d&rsquo;un savoir-faire in\u00e9gal\u00e9 dans les domaines culturel, urbanistique et social.<\/p>\n<p>Par la suite, SM le Roi, Amir Al Mouminine, a d\u00e9cor\u00e9 plusieurs personnalit\u00e9s ayant particip\u00e9 \u00e0 la r\u00e9alisation du programme de r\u00e9habilitation des monuments de l&rsquo;ancienne m\u00e9dina de F\u00e8s, lanc\u00e9 par le Souverain le 04 mars 2013. Le Souverain a ainsi d\u00e9cor\u00e9 du wissam Al Moukafaa Al Wathania de deuxi\u00e8me classe (Commandeur), M. Moha Ouaman, secr\u00e9taire g\u00e9n\u00e9ral du minist\u00e8re des Habous et des Affaires islamiques, et du wissam Al Moukafaa Al Wathania de troisi\u00e8me classe (officier), MM. Mohamed El Gourari, ancien directeur des Waqfs au minist\u00e8re des Habous et des Affaires islamiques, Abdelhadi Rziki, chef de la division des constructions et des investissements au minist\u00e8re des Habous et des Affaires islamiques, Mohamed Khamlichi, chef de la division des affaires internes \u00e0 la Wilaya de la r\u00e9gion de F\u00e8s Mekn\u00e8s, Houcine Lotfi, chef du district urbain F\u00e8s-Medina, Fouad Serrhini, directeur g\u00e9n\u00e9ral de l&rsquo;Agence pour le D\u00e9veloppement et la R\u00e9habilitation de la m\u00e9dina de F\u00e8s.<\/p>\n<p>SM le Roi a \u00e9galement d\u00e9cor\u00e9 du Wissam Al Moukafaa Al Wathania de quatri\u00e8me classe (chevalier), les architectes Mohamed Amziane, Mohamed Amrani Abou Rouh et abdelfattah Lazrek. Ont aussi \u00e9t\u00e9 d\u00e9cor\u00e9s du m\u00eame wissam, MM. Khalid Karim Bennani, directeur d\u2019un bureau d\u2019\u00e9tude, Moulay Ismail El Alaoui, directeur des Travaux \u00e0 l&rsquo;ADER, Said Abou Ya\u00e2coub, charg\u00e9 de l\u2019action sociale \u00e0 l\u2019ADER, Mohamed Idrissi, directeur g\u00e9n\u00e9ral de l\u2019entreprise marocaine de consultation et de construction, Kamal Zouhir, directeur g\u00e9n\u00e9ral de l\u2019entreprise \u00abPatrimoine-Arcchitecture), Mohamed Bouazzaoui, directeur g\u00e9n\u00e9ral de l\u2019entreprise \u00abAndalous design\u00bb, Mohamed Figuigui, Maalem (construction artisanale), Nabil El khalfi, Ma\u00e2lem (Zellig), Mohamed Alami Hosni, Ma\u00e2lem (menuiserie), Abderrahman Lakhlifi, M\u00e2alem (pl\u00e2tre) A cette occasion, SM le Roi a visit\u00e9 la Medersa Mohammadia, \u00e9difi\u00e9e par Feu SM le Roi Mohammed V, que Dieu ait son \u00e2me, les Medersas construites \u00e0 l&rsquo;\u00e9poque des m\u00e9rinides, \u00e0 savoir Seffarine (d\u00e9di\u00e9e \u00e0 l&rsquo;enseignement des sciences sociales et humaines) et Mesbahiya, ainsi que la Medersa de Sahrij qui abrite le cycle de formation en calligraphie.<\/p>\n<p>Le Souverain a \u00e9galement visit\u00e9 Dar Al Mouaqqit, qui sert \u00e0 la fois d\u2019observatoire pour un savant astronome charg\u00e9 de l\u2019observation du croissant lunaire et de l\u2019\u00e9tablissement du calendrier des horaires de pri\u00e8re, et de mus\u00e9e o\u00f9 sont expos\u00e9s d&rsquo;anciens instruments astronomiques marocains et arabes traduisant l&rsquo;int\u00e9r\u00eat que l&rsquo;on portait \u00e0 la notion de l&rsquo;espace-temps dans la culture islamique. Ces \u00e9difices qui ont \u00e9t\u00e9 r\u00e9ouverts apr\u00e8s leur restauration, viennent conforter le statut religieux dont jouit la Cit\u00e9 de F\u00e8s en tant que capitale acad\u00e9mique et spirituelle du Maroc et enrichir le patrimoine mat\u00e9riel et immat\u00e9riel du Royaume. Cette c\u00e9r\u00e9monie s\u2019est d\u00e9roul\u00e9e en pr\u00e9sence de la directrice g\u00e9n\u00e9rale de l&rsquo;Organisation des Nations Unies pour l&rsquo;\u00e9ducation, la science et la culture (UNESCO), Mme Irina Bokova, du Directeur g\u00e9n\u00e9ral de l&rsquo;Organisation islamique pour l&rsquo;Education, les Sciences et la Culture (ISESCO), Abdulaziz Othman Altwaijri, de Conseillers de SM le Roi, de membres du gouvernement, et de plusieurs hautes personnalit\u00e9s.<\/p>\n","protected":false},"excerpt":{"rendered":"<p>F\u00e8s, 23\/05\/2017 (MAP) &#8211; Sa Majest\u00e9 le Roi Mohammed VI, Amir Al Mouminine, que Dieu L\u2019assiste, a pr\u00e9sid\u00e9, mardi \u00e0<\/p>\n","protected":false},"author":2,"featured_media":0,"comment_status":"closed","ping_status":"closed","sticky":false,"template":"","format":"standard","meta":{"footnotes":""},"categories":[3,62,5],"tags":[],"class_list":["post-2792","post","type-post","status-publish","format-standard","hentry","category-accueil","category-afrique","category-maghreb-news"],"_links":{"self":[{"href":"https:\/\/anatem.info\/index.php?rest_route=\/wp\/v2\/posts\/2792","targetHints":{"allow":["GET"]}}],"collection":[{"href":"https:\/\/anatem.info\/index.php?rest_route=\/wp\/v2\/posts"}],"about":[{"href":"https:\/\/anatem.info\/index.php?rest_route=\/wp\/v2\/types\/post"}],"author":[{"embeddable":true,"href":"https:\/\/anatem.info\/index.php?rest_route=\/wp\/v2\/users\/2"}],"replies":[{"embeddable":true,"href":"https:\/\/anatem.info\/index.php?rest_route=%2Fwp%2Fv2%2Fcomments&post=2792"}],"version-history":[{"count":1,"href":"https:\/\/anatem.info\/index.php?rest_route=\/wp\/v2\/posts\/2792\/revisions"}],"predecessor-version":[{"id":2794,"href":"https:\/\/anatem.info\/index.php?rest_route=\/wp\/v2\/posts\/2792\/revisions\/2794"}],"wp:attachment":[{"href":"https:\/\/anatem.info\/index.php?rest_route=%2Fwp%2Fv2%2Fmedia&parent=2792"}],"wp:term":[{"taxonomy":"category","embeddable":true,"href":"https:\/\/anatem.info\/index.php?rest_route=%2Fwp%2Fv2%2Fcategories&post=2792"},{"taxonomy":"post_tag","embeddable":true,"href":"https:\/\/anatem.info\/index.php?rest_route=%2Fwp%2Fv2%2Ftags&post=2792"}],"curies":[{"name":"wp","href":"https:\/\/api.w.org\/{rel}","templated":true}]}}