{"id":2795,"date":"2017-05-24T23:51:05","date_gmt":"2017-05-24T23:51:05","guid":{"rendered":"http:\/\/anatem.info\/?p=2795"},"modified":"2017-05-24T23:51:05","modified_gmt":"2017-05-24T23:51:05","slug":"la-rehabilitation-des-monuments-de-lancienne-medina-de-fes-une-des-priorites-du-roi-du-maroc","status":"publish","type":"post","link":"https:\/\/anatem.info\/?p=2795","title":{"rendered":"La r\u00e9habilitation des monuments de l\u2019ancienne m\u00e9dina de F\u00e8s, une des priorit\u00e9s du Roi du Maroc"},"content":{"rendered":"<p>Fermement d\u00e9termin\u00e9 \u00e0 redonner aux medersas (\u00e9cole th\u00e9ologique musulmane o\u00f9 l&rsquo;on enseigne, dans le monde sunnite, un ou plusieurs des quatre rites (hanafite, chaf\u00e9ite, mal\u00e9kite et hanbalite), qui correspondent \u00e0 quatre \u00e9coles de droit, l\u00e9g\u00e8rement diff\u00e9rentes sur certains aspects canonique et traditionnel, mais aussi la philologie et la linguistique arabe) leurs lettres de noblesse d\u2019antan, et \u00e0 veiller de mani\u00e8re permanente \u00e0 la diffusion des valeurs de l&rsquo;Islam du juste milieu, de la mod\u00e9ration, de la tol\u00e9rance et de l&rsquo;ouverture sur l&rsquo;autre, le Roi du Maroc avait lanc\u00e9, le 04 mars 2013, un programme de r\u00e9novation \u00e0 l&rsquo;identique\u00a0 d&rsquo;\u00e9difices historiques de la ville de F\u00e8s, capitale spirituelle du Royaume du Maroc.<br \/>\nAinsi, le Souverain marocain a pr\u00e9sid\u00e9, le 24 mai 2017, \u00e0 la biblioth\u00e8que Al Qaraouiyine \u00e0 F\u00e8s, la c\u00e9r\u00e9monie de pr\u00e9sentation du programme de r\u00e9habilitation des anciennes m\u00e9dersas de F\u00e8s, apr\u00e8s leur restauration et leur ouverture, \u00e0 des fins d\u2019h\u00e9bergement et d\u2019enseignement, au profit respectivement d\u2019\u00e9tudiants du cycle terminal \u00abAl Alimiya\u00bb et de ceux de la fili\u00e8re de la calligraphie de l\u2019Universit\u00e9 Al Qaraouiyine.<br \/>\nA cette occasion, le Roi Mohammed VI a visit\u00e9 la Medersa Mohammadia, \u00e9difi\u00e9e par Feu Sa Majest\u00e9 le Roi Mohammed V, les Medersas construites \u00e0 l&rsquo;\u00e9poque des M\u00e9rinides au 13\u00e8me et\u00a0 14\u00e8me si\u00e8cle, \u00e0 savoir Seffarine (d\u00e9di\u00e9e \u00e0 l&rsquo;enseignement des sciences sociales et humaines) et Mesbahiya, ainsi que la Medersa de Sahrij qui abrite le cycle de formation en calligraphie.<br \/>\nLe Souverain marocain a \u00e9galement visit\u00e9 Dar Al Mouaqqit, qui sert, \u00e0 la fois, d\u2019observatoire pour un savant astronome charg\u00e9 de l\u2019observation du croissant lunaire et de l\u2019\u00e9tablissement du calendrier des horaires de pri\u00e8re, et de mus\u00e9e o\u00f9 sont expos\u00e9s d&rsquo;anciens instruments astronomiques marocains et arabes traduisant l&rsquo;int\u00e9r\u00eat que l&rsquo;on portait \u00e0 la notion de l&rsquo;espace-temps dans la culture islamique.<br \/>\nAvec ces r\u00e9habilitations, l\u2019Universit\u00e9 Al Qaraouyine, le plus ancien \u00e9tablissement d\u2019enseignement sup\u00e9rieur islamique dans le monde, demeure un haut lieu de m\u00e9moire et d\u2019histoire et un acteur majeur dans la diffusion des sciences de la religion, au service du rayonnement de la civilisation islamique.<br \/>\nFond\u00e9e au 9\u00e8me si\u00e8cle, sous la dynastie des Idrissides, l&rsquo;Universit\u00e9 Al Qaraouiyne renoue, apr\u00e8s sa compl\u00e8te restructuration, avec son histoire mill\u00e9naire en contribuant \u00e0 faire conna\u00eetre les sciences islamiques, l\u2019histoire du Maroc, le patrimoine du fikh islamique et tout particuli\u00e8rement du fikh mal\u00e9kite, en portant soin \u00e0 ses sources et en oeuvrant \u00e0 sa diffusion.<br \/>\nCette initiative du Souverain marocain, qui a n\u00e9cessit\u00e9 un investissement de pr\u00e8s de 04 millions d&rsquo;Euros, conforte \u00e9galement l\u2019Universit\u00e9 Al Qaraouyine dans l\u2019accomplissement de ses missions, tout en lui permettant de retrouver son rayonnement dans le domaine des connaissances et son r\u00f4le de leader qu\u2019elle a toujours jou\u00e9 depuis sa cr\u00e9ation.<br \/>\nElle traduit aussi la ferme d\u00e9termination du Souverain Maroc de redonner aux medersas leurs lettres de noblesse d\u2019antan.<br \/>\nCes \u00e9difices r\u00e9habilit\u00e9s viennent enrichir le patrimoine mat\u00e9riel et immat\u00e9riel du Maroc et permettront \u00e0 l&rsquo;Universit\u00e9 Al Qaraouiyine d&rsquo;assurer pleinement son r\u00f4le dans la diplomatie religieuse du Maroc.<br \/>\nL&rsquo;Universit\u00e9 Al Qaraouiyine, sous la conduite du Roi Mohammed VI, participe \u00e0 la mise en \u0153uvre de la politique africaine du Maroc, en assurant la formation de plusieurs \u00e9tudiants originaires de pays africains dans les domaines des sciences de la charia, des \u00e9tudes et de la pens\u00e9e islamiques.<br \/>\nA noter que la Directrice G\u00e9n\u00e9rale de l&rsquo;Organisation des Nations-Unies pour l&rsquo;Education, la Science et la Culture (UNESCO), Madame Bokova, pr\u00e9sente lors de cette c\u00e9r\u00e9monie, a salu\u00e9 cette initiative du Roi du Maroc et lui a exprim\u00e9 toute son admiration et ses respects.<br \/>\nFarid Mnebhi.<\/p>\n","protected":false},"excerpt":{"rendered":"<p>Fermement d\u00e9termin\u00e9 \u00e0 redonner aux medersas (\u00e9cole th\u00e9ologique musulmane o\u00f9 l&rsquo;on enseigne, dans le monde sunnite, un ou plusieurs des<\/p>\n","protected":false},"author":2,"featured_media":0,"comment_status":"closed","ping_status":"closed","sticky":false,"template":"","format":"standard","meta":{"footnotes":""},"categories":[3,62,7],"tags":[],"class_list":["post-2795","post","type-post","status-publish","format-standard","hentry","category-accueil","category-afrique","category-presse-marocaine"],"_links":{"self":[{"href":"https:\/\/anatem.info\/index.php?rest_route=\/wp\/v2\/posts\/2795","targetHints":{"allow":["GET"]}}],"collection":[{"href":"https:\/\/anatem.info\/index.php?rest_route=\/wp\/v2\/posts"}],"about":[{"href":"https:\/\/anatem.info\/index.php?rest_route=\/wp\/v2\/types\/post"}],"author":[{"embeddable":true,"href":"https:\/\/anatem.info\/index.php?rest_route=\/wp\/v2\/users\/2"}],"replies":[{"embeddable":true,"href":"https:\/\/anatem.info\/index.php?rest_route=%2Fwp%2Fv2%2Fcomments&post=2795"}],"version-history":[{"count":1,"href":"https:\/\/anatem.info\/index.php?rest_route=\/wp\/v2\/posts\/2795\/revisions"}],"predecessor-version":[{"id":2796,"href":"https:\/\/anatem.info\/index.php?rest_route=\/wp\/v2\/posts\/2795\/revisions\/2796"}],"wp:attachment":[{"href":"https:\/\/anatem.info\/index.php?rest_route=%2Fwp%2Fv2%2Fmedia&parent=2795"}],"wp:term":[{"taxonomy":"category","embeddable":true,"href":"https:\/\/anatem.info\/index.php?rest_route=%2Fwp%2Fv2%2Fcategories&post=2795"},{"taxonomy":"post_tag","embeddable":true,"href":"https:\/\/anatem.info\/index.php?rest_route=%2Fwp%2Fv2%2Ftags&post=2795"}],"curies":[{"name":"wp","href":"https:\/\/api.w.org\/{rel}","templated":true}]}}