{"id":2798,"date":"2017-05-29T18:38:37","date_gmt":"2017-05-29T18:38:37","guid":{"rendered":"http:\/\/anatem.info\/?p=2798"},"modified":"2017-05-29T18:38:37","modified_gmt":"2017-05-29T18:38:37","slug":"nasser-zefzafi-franchit-une-ligne-rouge-et-decouvre-son-vrai-visage","status":"publish","type":"post","link":"https:\/\/anatem.info\/?p=2798","title":{"rendered":"Nasser Zefzafi franchit une ligne rouge et d\u00e9couvre son vrai visage"},"content":{"rendered":"<p>Inimaginable au Maroc, pays de tol\u00e9rance, du juste milieu et du partage o\u00f9 se c\u00f4toient, depuis des centaines d&rsquo;ann\u00e9es, en toute paix et joie Musulmans, Juifs, Chr\u00e9tiens le comportement hors norme du sieur Nasser Zefzafi et de ses acolytes le vendredi 26 mai 2016 dans une Mosqu\u00e9e de la ville d&rsquo;Al Hoce\u00efma, Nord du Maroc.<br \/>\nLes faits sont qu&rsquo;en ce jour de la grande pri\u00e8re du vendredi, l&rsquo;auto-proclam\u00e9 meneur de la contestation dans cette ville septentrionale marocaine s&rsquo;est comport\u00e9 avec une violence inou\u00efe dans la Mosqu\u00e9e Mohammed V pour arracher le micro \u00e0 l&rsquo;imam, alors qu&rsquo;il faisait son pr\u00eache aux fid\u00e8les pr\u00e9sents, pour l&rsquo;insulter et se lancer dans une longue diatribe digne des plus grands th\u00e9oriciens de \u00ab\u00a0l\u2019Etat islamique\u00a0\u00bb, \u00e0 l&rsquo;instar d&rsquo;Aboubakr Al Baghdadi lors sa proclamation de \u00ab\u00a0calife de l&rsquo;Etat Islamique\u00a0\u00bb le 29 juin 2014.<br \/>\nCe sinistre individu a m\u00eame concoct\u00e9 une Fatwa (\u00e9dit religieux) sur le concept de la Fitna (zizanie au sein de la communaut\u00e9 musulmane) tout en extr\u00e9misant sans limite son discours proche des daeshistes pour s&rsquo;attirer le maximum de sympathisants.<br \/>\nSuite \u00e0 cette grave entrave \u00e0 la libert\u00e9 de culte dans la Mosqu\u00e9e Mohammed V de la ville d&rsquo;Al Hoce\u00efma, \u00e0 l&rsquo;atteinte flagrante \u00e0 la qui\u00e9tude et \u00e0 la sacralit\u00e9 d&rsquo;un lieu religieux les autorit\u00e9s judiciaires marocaines ont ordonn\u00e9 l&rsquo;arrestation de ce terroriste en puissance et de ses sbires ainsi que l&rsquo;ouverture d&rsquo;une enqu\u00eate, qui, \u00e0 ce jour 27 mai 2017 a fait de nombreux bless\u00e9s parmi les forces de s\u00e9curit\u00e9 venues l&rsquo;interpeller, dont certains d\u2019entre eux sont dans un \u00e9tat grave et l&rsquo;un d&rsquo;eux handicap\u00e9 \u00e0 vie.<br \/>\nPlus d&rsquo;une vingtaine de personnes ont d\u00e9j\u00e0 \u00e9t\u00e9 arr\u00eat\u00e9es pour apologie au terrorisme, pour de pr\u00e9sum\u00e9s crimes et d\u00e9lits portant atteinte \u00e0 la s\u00e9curit\u00e9 int\u00e9rieure de l\u2019Etat et pour d\u2019autres crimes de droit commun et les premiers \u00e9l\u00e9ments de l\u2019enqu\u00eate ont r\u00e9v\u00e9l\u00e9 que les personnes impliqu\u00e9es dans cette affaire ont b\u00e9n\u00e9fici\u00e9 de transferts d\u2019argent depuis l\u2019\u00e9tranger ainsi que d&rsquo;un appui logistique pour mener des campagnes portant atteinte \u00e0 l&rsquo;unit\u00e9 du Maroc et \u00e0 ses institutions ainsi qu&rsquo;aux symboles de l&rsquo;Etat marocain lors de regroupements publics.<br \/>\nCe terroriste de Zefzafi, un fervent adepte de DAESH, sortie du n\u00e9ant, a tent\u00e9 de d\u00e9baucher dans sa sinistre aventure les jeunes et les moins jeunes de cette r\u00e9gion marocaine pour y instaurer un califat islamique avec l&rsquo;aide de certaines parties connues pour leur hostilit\u00e9 visc\u00e9rale \u00e0 l&rsquo;endroit du Maroc et s&rsquo;offrir au passage un statut social.<br \/>\nNon ! Zefzafi ne peut pr\u00e9tendre \u00eatre un d\u00e9fenseur des Droits de l&rsquo;Homme au Maroc comme l&rsquo;on fait ses a\u00een\u00e9s dans les ann\u00e9es 60 \u00e0 80 qui, eux ne se cachaient ou prenaient la fuite. Un l\u00e2che, comme lui, inculte et ignorant les pr\u00e9ceptes \u00e9l\u00e9mentaires de sa religion, ne peut en aucun cas d\u00e9fendre les Marocains originaires du Rif, une r\u00e9gion ch\u00e8re \u00e0 tous les Marocains, que lui et ses sbires tentent de d\u00e9voyer pour s&rsquo;enrichir sur le dos des Rifains, des Marocains \u00e0 part enti\u00e8re.<br \/>\nNon, la r\u00e9gion du Nord du Maroc ne verra jamais la naissance d&rsquo;un embryon d&rsquo;Etat Islamique comme en Syrie, en Irak ou ailleurs. Les Marocains, de Tanger \u00e0 Lagouira, par essence, sont hostiles aux extr\u00e9mismes et ont toujours opt\u00e9 pour le dialogue, le respect de l&rsquo;autre et la joie de vivre partag\u00e9e. Que cela soit bien clair !<br \/>\nD&rsquo;ailleurs, suite \u00e0 son arrestation, intervenue le 29 mai 2017, Zefzafi, tout comme ses lieutenants, devront r\u00e9pondre, entre autres, de leurs actes d&rsquo;entrave \u00e0 la libert\u00e9 de culte devant la justice ; les Marocains, Musulmans et Juifs, et les autres ressortissants de confessions Chr\u00e9tienne, Indouiste, Tao\u00efste, Confucianiste ou Bouddhiste install\u00e9s au Maroc depuis des lustres ne r\u00e9clament qu&rsquo;un peu d&rsquo;amour et d&rsquo;amiti\u00e9 et non pas la haine et la mort gratuite comme ils le recommandent publiquement.<br \/>\nIl est vrai que la lutte sans r\u00e9pit des forces de s\u00e9curit\u00e9 marocaines contre la criminalit\u00e9 transnationale sous toutes ses formes et le d\u00e9veloppement socio-\u00e9conomique du Nord du Maroc ont fortement entrav\u00e9 les activit\u00e9s lucratives de trafiquant de drogue, de passeur d&rsquo;immigr\u00e9s, de contrebandier et de prox\u00e9n\u00e8te de Zefzafi ; un manque \u00e0 gagner compenser\u00a0 par son all\u00e9geance au terrorisme jihadiste, comme ses ma\u00eetres d&rsquo;Irak et de Syrie, pour s&rsquo;assurer une belle fin de mois financi\u00e8re, consolider son statut de chef dans sa zone d&rsquo;activit\u00e9s criminelles et rendre le Maroc et le monde sans joie.<br \/>\nAu fait ! Que faisait \u00e0 Nador, ville du Nord du Maroc, ce citoyen alg\u00e9rien, interpell\u00e9, le 28 mai 2017, par les autorit\u00e9s marocaines, filmant, \u00e0 l&rsquo;aide d&rsquo;une cam\u00e9ra super sophistiqu\u00e9e non disponible sur les march\u00e9s publics, une marche de protestation et pr\u00e9tendant \u00eatre journaliste du quotidien, connu pour son inf\u00e9odation aux dirigeants alg\u00e9riens, \u00ab\u00a0Al Watan\u00a0\u00bb ?<br \/>\nCet alg\u00e9rien, probablement un agent des renseignements alg\u00e9riens, sera traduit devant la justice marocaine pour r\u00e9pondre de ses activit\u00e9s et de ses motifs r\u00e9els de sa pr\u00e9sence au Maroc et ce, alors qu&rsquo;il r\u00e9sidait chez un agitateur jihadiste de la r\u00e9gion septentrionale marocaine.<br \/>\nLa mission de ce journaliste du quotidien\u00a0\u00bb Al Watan\u00a0\u00bb, le d\u00e9nomm\u00e9 Djamel Alilat, \u00e9tait d&rsquo;amplifier des manifestations pacifiques portant sur des revendications sociales (h\u00f4pitaux, routes, \u00e9coles ..).<br \/>\nNe s&rsquo;est-il pas fendu, quelques heures avant son arrestation dans article diffus\u00e9 sous le titre incendiaire \u00ab\u00a0le Makhzen opte pour la r\u00e9pression\u00a0\u00bb ?<br \/>\nCe journaliste de pacotille aurait du couvrir les derni\u00e8res manifestations de B\u00e9ja\u00efa, Tizi Ouzou, ou encore de Gharda\u00efa, o\u00f9 les victimes tombent par dizaines, il n&rsquo;y a eu jusqu&rsquo;ici aucun d\u00e9c\u00e8s \u00e0 d\u00e9plorer dans le Rif marocain. La preuve que cette \u00ab\u00a0r\u00e9pression du Makhzen\u00a0\u00bb n&rsquo;existe que dans l&rsquo;imagination d\u00e9bordante d&rsquo;une presse incroyablement haineuse envers le Maroc, autant que ses parrains qui se comptent notamment parmi les services de renseignement alg\u00e9riens.<br \/>\nFarid Mnebhi.<\/p>\n","protected":false},"excerpt":{"rendered":"<p>Inimaginable au Maroc, pays de tol\u00e9rance, du juste milieu et du partage o\u00f9 se c\u00f4toient, depuis des centaines d&rsquo;ann\u00e9es, en<\/p>\n","protected":false},"author":2,"featured_media":2799,"comment_status":"closed","ping_status":"closed","sticky":false,"template":"","format":"standard","meta":{"footnotes":""},"categories":[3,62,5],"tags":[],"class_list":["post-2798","post","type-post","status-publish","format-standard","has-post-thumbnail","hentry","category-accueil","category-afrique","category-maghreb-news"],"_links":{"self":[{"href":"https:\/\/anatem.info\/index.php?rest_route=\/wp\/v2\/posts\/2798","targetHints":{"allow":["GET"]}}],"collection":[{"href":"https:\/\/anatem.info\/index.php?rest_route=\/wp\/v2\/posts"}],"about":[{"href":"https:\/\/anatem.info\/index.php?rest_route=\/wp\/v2\/types\/post"}],"author":[{"embeddable":true,"href":"https:\/\/anatem.info\/index.php?rest_route=\/wp\/v2\/users\/2"}],"replies":[{"embeddable":true,"href":"https:\/\/anatem.info\/index.php?rest_route=%2Fwp%2Fv2%2Fcomments&post=2798"}],"version-history":[{"count":1,"href":"https:\/\/anatem.info\/index.php?rest_route=\/wp\/v2\/posts\/2798\/revisions"}],"predecessor-version":[{"id":2800,"href":"https:\/\/anatem.info\/index.php?rest_route=\/wp\/v2\/posts\/2798\/revisions\/2800"}],"wp:featuredmedia":[{"embeddable":true,"href":"https:\/\/anatem.info\/index.php?rest_route=\/wp\/v2\/media\/2799"}],"wp:attachment":[{"href":"https:\/\/anatem.info\/index.php?rest_route=%2Fwp%2Fv2%2Fmedia&parent=2798"}],"wp:term":[{"taxonomy":"category","embeddable":true,"href":"https:\/\/anatem.info\/index.php?rest_route=%2Fwp%2Fv2%2Fcategories&post=2798"},{"taxonomy":"post_tag","embeddable":true,"href":"https:\/\/anatem.info\/index.php?rest_route=%2Fwp%2Fv2%2Ftags&post=2798"}],"curies":[{"name":"wp","href":"https:\/\/api.w.org\/{rel}","templated":true}]}}