{"id":2801,"date":"2017-06-01T03:21:24","date_gmt":"2017-06-01T03:21:24","guid":{"rendered":"http:\/\/anatem.info\/?p=2801"},"modified":"2017-06-01T03:21:24","modified_gmt":"2017-06-01T03:21:24","slug":"analyse-zefzafi","status":"publish","type":"post","link":"https:\/\/anatem.info\/?p=2801","title":{"rendered":"Analyse : Zefzafi"},"content":{"rendered":"<p dir=\"ltr\">Nasser Zefzafi, qui apparait comme le principal meneur de l\u2019escalade et de la tension qui pr\u00e9valent \u00e0 Al Hoceima depuis le d\u00e9c\u00e8s malheureux mais accidentel de Mouhcine Fikri, a \u00e9t\u00e9 arr\u00eat\u00e9. Quarante autres personnes ont connu le m\u00eame sort suite aux heurts de lundi.<\/p>\n<p dir=\"ltr\">Serait-il cynique et politiquement incorrecte de dire qu\u2019il \u00e9tait temps\u00a0?<\/p>\n<p dir=\"ltr\">Pas plus que quand le m\u00eame Zefzafi qualifie la pr\u00e9sence multis\u00e9culaire des Arabes au Maroc \u00ab\u00a0d\u2019occupation\u00a0\u00bb, pour peu que l\u2019on puisse encore dans notre pays parler de puret\u00e9 de l\u2019ADN amazigh ou arabe apr\u00e8s tant de si\u00e8cles de brassage. Mais l\u2019arabo (par mon p\u00e8re)-berb\u00e8re (par ma m\u00e8re) que je suis sait que le sentiment d\u2019appartenance est culturel.<\/p>\n<p dir=\"ltr\">Pas plus encore que quand, toujours le m\u00eame Zefzafi, d\u00e9clare \u00ab\u00a0que l\u2019occupation espagnole \u00e9tait plus supportable que l\u2019occupation arabe.\u00a0\u00bb Oubliant dans son d\u00e9lire que c\u2019est l\u2019alliance franco-espagnole qui a \u00e9cras\u00e9 et exil\u00e9 Ben Abdelkrim El Khattabi et que c\u2019est l\u2019arm\u00e9e de Madrid qui, pour la premi\u00e8re fois dans l\u2019histoire des guerres, a asperg\u00e9 le Rif \u00a0de gaz toxique.*<\/p>\n<p dir=\"ltr\">Ce qui induit ce constat\u00a0: Ou Zefzafi est inculte ou il a la m\u00e9moire s\u00e9lective. Ce qui ferait de lui un vulgaire manipulateur et un fieff\u00e9 mystificateur.<\/p>\n<p dir=\"ltr\">Les besoins en infrastructures, les carences en \u00e9ducation, les manques en m\u00e9dication et en soins, les insuffisances en tous genres ne sont pas le propre de cette r\u00e9gion. C\u2019est m\u00eame le bien le mieux partag\u00e9 du Maroc.<\/p>\n<p dir=\"ltr\">Tant bien que mal, avec les moyens qui sont ceux du Royaume, l\u2019Etat essaye de pallier les probl\u00e8mes, avec des succ\u00e8s et des rat\u00e9s. Mais aussi, malheureusement, avec ce que ce genre d\u2019entreprise entraine dans son sillage comme corruption, d\u00e9tournements, irresponsabilit\u00e9, incivisme et souvent incomp\u00e9tence.<\/p>\n<p dir=\"ltr\">Dans un pays qui se veut en construction d\u00e9mocratique, il est sain que les populations r\u00e9agissent dans ce cas avec l\u2019\u00e9nergie n\u00e9cessaire pour faire \u00e9voluer les choses vers le mieux. Dans la r\u00e9gion d\u2019Al Hoceima comme ailleurs.<\/p>\n<p dir=\"ltr\">Il est donc tout-\u00e0-fait l\u00e9gitime que les populations de cette paisible ville, dont j\u2019ai eu plusieurs fois l\u2019occasion d\u2019appr\u00e9cier la simplicit\u00e9 et les charmes, ruent dans les brancards chaque fois que le besoin s\u2019en fait sentir.<\/p>\n<p dir=\"ltr\">Encore faudrait-il qu\u2019aucun facteur exog\u00e8ne \u00e0 la revendication sociale ne vienne se greffer sur le mouvement pour le d\u00e9tourner de ses objectifs et en faire un autre usage.<\/p>\n<p dir=\"ltr\">C\u2019est ce qu\u2019ont fait de la protestation des populations, Zefzafi et ceux qui l\u2019encadrent. Car personne ne me fera croire que ce personnage est un solitaire sorti de nulle part. Ils a bien un dessein. Pour s\u2019en convaincre il suffit de voir comment \u00ab\u00a0ses\u00a0\u00bb exigences et celles de ses amis ressemblent \u00e0 une interminable poup\u00e9e russe\u00a0: chaque fois que vous en ouvrez une vous en trouver une autre.<\/p>\n<p dir=\"ltr\">Rien que dans le choix des interlocuteurs qu\u2019on leur propose, leur tactique transpire la mauvaise foi\u00a0: On ne veut pas les \u00e9lus, on veut le gouverneur. Non, le gouverneur c\u2019est peu pour nous, on veut le wali. Non, finalement le wali ne fait pas l\u2019affaire, on veut son ministre. Le ministre\u00a0? Insuffisant, on veut le gouvernement. Le gouvernement\u00a0? C\u2019est quoi \u00e7a, on veut le Roi. Et puis quoi encore\u2026<\/p>\n<p dir=\"ltr\">Il faut le dire, tout au long de ces longues semaines de cache-cache et de provocations, le pouvoir a fait preuve de patience et de retenue. Jusqu\u2019au jour o\u00f9 Zefzafi, ne sentant plus, comme on dit chez nous, ses aisselles, il a commis le faux pas en allant porter ce qu\u2019il pensait \u00eatre l\u2019estocade, dans l\u2019enceinte de la mosqu\u00e9e par un jour de vendredi sain. Est-ce un hasard si ce lieu de recueillement et de pri\u00e8re porte le nom de Mohammed V\u00a0?<\/p>\n<p dir=\"ltr\">Reste une question\u00a0: Qui est-ce donc ce Zefzafi\u00a0? Un agitateur en mal d\u2019exposition et de reconnaissance\u00a0? Un islamiste de souche adliste qui tente, en m\u00eame temps de r\u00e9cup\u00e9rer les m\u00e9contents du PJD\u00a0? A ce titre, un partisan de Abdeslam Yassine dont il tente de r\u00e9aliser le r\u00eave de la \u00ab\u00a0kawma\u00a0\u00bb rat\u00e9e\u00a0? Un Rifain, comme il y en a quelques uns, mu par une fibre s\u00e9paratiste\u00a0qui transparait clairement, en d\u00e9pit de ses efforts, dans ses discours ? \u00a0Un patriote qui, malgr\u00e9 tout, n\u2019arrive pas \u00e0 franchir le Rubicon\u00a0?<\/p>\n<p dir=\"ltr\">Dans ses divagations, Zefzafi est tout cela en m\u00eame temps. Ce qui en fait un personnage non pas bipolaire, mais multipolaire dans le sens psychanalytique du terme, simple et complexe \u00e0 la fois.<\/p>\n<p dir=\"ltr\">Par Na\u00efm Kamal<\/p>\n","protected":false},"excerpt":{"rendered":"<p>Nasser Zefzafi, qui apparait comme le principal meneur de l\u2019escalade et de la tension qui pr\u00e9valent \u00e0 Al Hoceima depuis<\/p>\n","protected":false},"author":2,"featured_media":2799,"comment_status":"closed","ping_status":"closed","sticky":false,"template":"","format":"standard","meta":{"footnotes":""},"categories":[3,62,5,7],"tags":[],"class_list":["post-2801","post","type-post","status-publish","format-standard","has-post-thumbnail","hentry","category-accueil","category-afrique","category-maghreb-news","category-presse-marocaine"],"_links":{"self":[{"href":"https:\/\/anatem.info\/index.php?rest_route=\/wp\/v2\/posts\/2801","targetHints":{"allow":["GET"]}}],"collection":[{"href":"https:\/\/anatem.info\/index.php?rest_route=\/wp\/v2\/posts"}],"about":[{"href":"https:\/\/anatem.info\/index.php?rest_route=\/wp\/v2\/types\/post"}],"author":[{"embeddable":true,"href":"https:\/\/anatem.info\/index.php?rest_route=\/wp\/v2\/users\/2"}],"replies":[{"embeddable":true,"href":"https:\/\/anatem.info\/index.php?rest_route=%2Fwp%2Fv2%2Fcomments&post=2801"}],"version-history":[{"count":1,"href":"https:\/\/anatem.info\/index.php?rest_route=\/wp\/v2\/posts\/2801\/revisions"}],"predecessor-version":[{"id":2802,"href":"https:\/\/anatem.info\/index.php?rest_route=\/wp\/v2\/posts\/2801\/revisions\/2802"}],"wp:featuredmedia":[{"embeddable":true,"href":"https:\/\/anatem.info\/index.php?rest_route=\/wp\/v2\/media\/2799"}],"wp:attachment":[{"href":"https:\/\/anatem.info\/index.php?rest_route=%2Fwp%2Fv2%2Fmedia&parent=2801"}],"wp:term":[{"taxonomy":"category","embeddable":true,"href":"https:\/\/anatem.info\/index.php?rest_route=%2Fwp%2Fv2%2Fcategories&post=2801"},{"taxonomy":"post_tag","embeddable":true,"href":"https:\/\/anatem.info\/index.php?rest_route=%2Fwp%2Fv2%2Ftags&post=2801"}],"curies":[{"name":"wp","href":"https:\/\/api.w.org\/{rel}","templated":true}]}}