{"id":2805,"date":"2017-06-11T02:19:20","date_gmt":"2017-06-11T02:19:20","guid":{"rendered":"http:\/\/anatem.info\/?p=2805"},"modified":"2017-06-11T02:19:20","modified_gmt":"2017-06-11T02:19:20","slug":"le-president-francais-emmanuel-macron-effectuera-sa-1ere-visite-officielle-pour-un-pays-du-maghreb-au-maroc","status":"publish","type":"post","link":"https:\/\/anatem.info\/?p=2805","title":{"rendered":"Le Pr\u00e9sident Fran\u00e7ais, Emmanuel Macron, effectuera sa 1\u00e8re visite officielle pour un pays du Maghreb au Maroc"},"content":{"rendered":"<div>Selon une annonce du Palais de l&rsquo;Elys\u00e9e faite le 08\u00a0 juin 2017, le Chef de l&rsquo;Etat fran\u00e7ais, Monsieur Macron, accompagn\u00e9 de son \u00e9pouse, Madame Brigitte Macron, se rendra au Maroc le 14 juin 2017 pour une visite officielle de deux jours au cours de laquelle il rencontrera le Roi Mohammed VI.<br \/>\nLes deux Chefs d&rsquo;Etat auront une s\u00e9rie d&rsquo;entretiens portant sur les relations bilat\u00e9rales, ainsi que sur des questions d&rsquo;int\u00e9r\u00eat commun relatives au Maghreb, au Sahel et au Moyen-Orient et le Sahara marocain<br \/>\nLe Roi Mohammed VI s&rsquo;\u00e9tait dit convaincu que le partenariat franco-marocain gagnerait \u00ab\u00a0en profondeur et en intensit\u00e9\u00a0\u00bb sous la pr\u00e9sidence d&rsquo;Emmanuel Macron, notamment dans la lutte contre le terrorisme, particuli\u00e8rement dans la r\u00e9gion sah\u00e9lo-saharienne.<br \/>\nIl est acquis que cette visite officielle au Maroc, premi\u00e8re sortie maghr\u00e9bine pour le Pr\u00e9sident fran\u00e7ais, consolidera les relations et les liens entre la France et le Maroc et illustrera, une nouvelle fois, l&rsquo;excellence des relations de partenariat qu&rsquo;entretiennent les deux pays qui s&rsquo;\u00e9tendent \u00e9galement aux domaines cultuel, scientifique, culturel, mais aussi et surtout s\u00e9curitaire.<br \/>\nD&rsquo;ailleurs, la France et le Maroc ont des appr\u00e9ciations identiques sur de nombreux dossiers internationaux, tels la stabilit\u00e9 du continent africain et la lutte contre le terrorisme.<br \/>\nEn outre, le Maroc est l&rsquo;un des premiers partenaires strat\u00e9giques de l&rsquo;Hexagone comme le t\u00e9moigne l&rsquo;implantation dans ce pays de milliers de soci\u00e9t\u00e9s fran\u00e7aises, dont l&rsquo;essentiel des grandes entreprises du CAC 40, en plus de milliers d&rsquo;autres PME op\u00e9rant dans divers domaines, notamment l&rsquo;industrie, les services ou l&rsquo;offshoring.<br \/>\nDe plus, une importante diaspora fran\u00e7aise est install\u00e9e au Maroc, tout comme de nombreux Marocains r\u00e9sident en France, qui forment l&rsquo;une des communaut\u00e9s les plus importantes de la diaspora marocaine de part le monde.<br \/>\nEnfin, le choix du Maroc par le Pr\u00e9sident fran\u00e7ais comme premi\u00e8re destination au Maghreb, alors que d\u2019habitude le privil\u00e8ge en revient \u00e0 l\u2019Alg\u00e9rie, est un v\u00e9ritable coup diplomatique pour le Maroc, un des premiers partenaires strat\u00e9giques fran\u00e7ais en Afrique et dans la r\u00e9gion MENA.<br \/>\nFarid Mnebhi.<\/div>\n","protected":false},"excerpt":{"rendered":"<p>Selon une annonce du Palais de l&rsquo;Elys\u00e9e faite le 08\u00a0 juin 2017, le Chef de l&rsquo;Etat fran\u00e7ais, Monsieur Macron, accompagn\u00e9<\/p>\n","protected":false},"author":2,"featured_media":0,"comment_status":"closed","ping_status":"closed","sticky":false,"template":"","format":"standard","meta":{"footnotes":""},"categories":[3,62,5,7],"tags":[],"class_list":["post-2805","post","type-post","status-publish","format-standard","hentry","category-accueil","category-afrique","category-maghreb-news","category-presse-marocaine"],"_links":{"self":[{"href":"https:\/\/anatem.info\/index.php?rest_route=\/wp\/v2\/posts\/2805","targetHints":{"allow":["GET"]}}],"collection":[{"href":"https:\/\/anatem.info\/index.php?rest_route=\/wp\/v2\/posts"}],"about":[{"href":"https:\/\/anatem.info\/index.php?rest_route=\/wp\/v2\/types\/post"}],"author":[{"embeddable":true,"href":"https:\/\/anatem.info\/index.php?rest_route=\/wp\/v2\/users\/2"}],"replies":[{"embeddable":true,"href":"https:\/\/anatem.info\/index.php?rest_route=%2Fwp%2Fv2%2Fcomments&post=2805"}],"version-history":[{"count":1,"href":"https:\/\/anatem.info\/index.php?rest_route=\/wp\/v2\/posts\/2805\/revisions"}],"predecessor-version":[{"id":2807,"href":"https:\/\/anatem.info\/index.php?rest_route=\/wp\/v2\/posts\/2805\/revisions\/2807"}],"wp:attachment":[{"href":"https:\/\/anatem.info\/index.php?rest_route=%2Fwp%2Fv2%2Fmedia&parent=2805"}],"wp:term":[{"taxonomy":"category","embeddable":true,"href":"https:\/\/anatem.info\/index.php?rest_route=%2Fwp%2Fv2%2Fcategories&post=2805"},{"taxonomy":"post_tag","embeddable":true,"href":"https:\/\/anatem.info\/index.php?rest_route=%2Fwp%2Fv2%2Ftags&post=2805"}],"curies":[{"name":"wp","href":"https:\/\/api.w.org\/{rel}","templated":true}]}}