{"id":2808,"date":"2017-06-15T12:48:21","date_gmt":"2017-06-15T12:48:21","guid":{"rendered":"http:\/\/anatem.info\/?p=2808"},"modified":"2017-06-15T12:48:52","modified_gmt":"2017-06-15T12:48:52","slug":"accueil-chaleureux-du-president-francais-par-le-roi-mohammed-vi-du-maroc-pour-sa-premiere-visite-au-maghreb","status":"publish","type":"post","link":"https:\/\/anatem.info\/?p=2808","title":{"rendered":"Accueil chaleureux du Pr\u00e9sident Fran\u00e7ais par le Roi Mohammed VI du Maroc pour sa premi\u00e8re visite au Maghreb"},"content":{"rendered":"<div>\n<p><img fetchpriority=\"high\" decoding=\"async\" class=\"size-full wp-image-2809 alignleft\" src=\"http:\/\/anatem.info\/wp-content\/uploads\/2017\/06\/Macron-M6-e1497530801481.jpg\" alt=\"\" width=\"350\" height=\"146\" \/><\/p>\n<p>Comme annonc\u00e9, l&rsquo;avion pr\u00e9sidentiel fran\u00e7ais a atterri \u00e0 l&rsquo;a\u00e9roport de Rabat-Sal\u00e9, ce mercredi 14 juin 2017.<br \/>\nA sa descente de l&rsquo;avion, le Pr\u00e9sident fran\u00e7ais, M. Emmanuel Macron, et son \u00e9pouse, Mme Brigitte Macron, ont \u00e9t\u00e9 accueillis par le Roi Mohammed VI, Son Altesse Royale le Prince H\u00e9ritier Moulay El Hassan, Son Altesse Royale le Prince Moulay Rachid, Son Altesse Royale la Princesse Lalla Salma et de Son Altesse Royale la Princesse Lalla Keltoum.<br \/>\nAu Palais Royal de Rabat, les deux Chefs d&rsquo;Etat ont eu un entretien en t\u00eate-\u00e0-t\u00eate portant sur des sujets d&rsquo;int\u00e9r\u00eat commun.<br \/>\nA l&rsquo;issue de cet entretien, le Pr\u00e9sident Emmanuel Macron a d\u00e9clar\u00e9 \u00e0 la presse internationale et nationale \u00ab\u00a0avoir \u00e9t\u00e9 tr\u00e8s touch\u00e9 par la marque d&rsquo;amiti\u00e9 du Roi du Maroc et souhaiter la consolidation de la politique culturelle, linguistique et \u00e9ducative liant la France et le Maroc\u00a0\u00bb. Le Chef de l&rsquo;Etat Fran\u00e7ais a \u00e9galement affirm\u00e9 son entente parfaite avec le Roi Mohammed VI sur la situation en Libye, au Sahel, en Afrique et sur la crise du Golfe mais aussi sur la lutte contre le terrorisme et toutes les formes de son financement.<br \/>\nS&rsquo;agissant de la situation \u00e0 Al Hoceima, le Chef de l&rsquo;Etat Fran\u00e7ais a indiqu\u00e9 que \u00ab\u00a0le Roi Mohammed VI estime qu&rsquo;il est l\u00e9gitime qu&rsquo;il y ait des manifestations dans cette r\u00e9gion du Maroc, son souhait \u00e0 l&rsquo;apaisement et de r\u00e9pondre aux attentes des citoyens\u00a0\u00bb.<br \/>\nQuant \u00e0 la question du Sahara marocain, il a \u00e9t\u00e9 r\u00e9affirm\u00e9 la position constante de la France sans possibilit\u00e9 de changement.<br \/>\nEntre temps, Madame Brigitte Macron a visit\u00e9 en compagnie de Son Altesse Royale la Princesse Lalla Salma et Son Altesse Royale la Princesse Lalla Keltoum une exposition consacr\u00e9e au grand artiste du XX\u00e8me si\u00e8cle, Pablo Picasso, au Mus\u00e9e Mohammed VI d&rsquo;Art Moderne et Contemporain de Rabat (MMVI).<br \/>\nEn d\u00e9but de soir\u00e9e, le couple pr\u00e9sidentiel fran\u00e7ais a \u00e9t\u00e9 re\u00e7u par le couple Royal Marocain en leur r\u00e9sidence de Dar Al Salam o\u00f9 le Roi Mohammed VI a offert \u00e0 ses illustres h\u00f4tes un Iftar (rupture du je\u00fbne) qui se voulait avant tout familial.<br \/>\nOn peut donc, au regard des intenses activit\u00e9s du Pr\u00e9sident Fran\u00e7ais en ce jour du 14 juin 2017, affirmer que cette visite de Travail et d&rsquo;Amiti\u00e9s a \u00e9t\u00e9 un franc succ\u00e8s et annonce une nouvelle page dans le partenariat bilat\u00e9ral fort et p\u00e9renne entre les deux pays.<br \/>\nCette visite du Pr\u00e9sident Macron au Maroc est aussi une premi\u00e8re dans le sens o\u00f9 il a choisi de se rendre d\u2019abord au Maroc avant tout autre destination maghr\u00e9bine, provoquant l&rsquo;ire de la presse alg\u00e9rienne ; un signal tr\u00e8s clair \u00e9mis par l\u2019Elys\u00e9e et une nouvelle victoire diplomatique marocaine, n&rsquo;en d\u00e9plaise aux responsables alg\u00e9riens qui ne pourront jamais s&rsquo;opposer \u00e0 ce qu&rsquo;une nouvelle page dans les relations s\u00e9culaires entre le Maroc et la France s&rsquo;\u00e9crive en lettres d&rsquo;or.<br \/>\nFarid Mnebhi.<\/p>\n<\/div>\n","protected":false},"excerpt":{"rendered":"<p>Comme annonc\u00e9, l&rsquo;avion pr\u00e9sidentiel fran\u00e7ais a atterri \u00e0 l&rsquo;a\u00e9roport de Rabat-Sal\u00e9, ce mercredi 14 juin 2017. A sa descente de<\/p>\n","protected":false},"author":2,"featured_media":0,"comment_status":"closed","ping_status":"closed","sticky":false,"template":"","format":"standard","meta":{"footnotes":""},"categories":[3,62,5,7],"tags":[],"class_list":["post-2808","post","type-post","status-publish","format-standard","hentry","category-accueil","category-afrique","category-maghreb-news","category-presse-marocaine"],"_links":{"self":[{"href":"https:\/\/anatem.info\/index.php?rest_route=\/wp\/v2\/posts\/2808","targetHints":{"allow":["GET"]}}],"collection":[{"href":"https:\/\/anatem.info\/index.php?rest_route=\/wp\/v2\/posts"}],"about":[{"href":"https:\/\/anatem.info\/index.php?rest_route=\/wp\/v2\/types\/post"}],"author":[{"embeddable":true,"href":"https:\/\/anatem.info\/index.php?rest_route=\/wp\/v2\/users\/2"}],"replies":[{"embeddable":true,"href":"https:\/\/anatem.info\/index.php?rest_route=%2Fwp%2Fv2%2Fcomments&post=2808"}],"version-history":[{"count":2,"href":"https:\/\/anatem.info\/index.php?rest_route=\/wp\/v2\/posts\/2808\/revisions"}],"predecessor-version":[{"id":2811,"href":"https:\/\/anatem.info\/index.php?rest_route=\/wp\/v2\/posts\/2808\/revisions\/2811"}],"wp:attachment":[{"href":"https:\/\/anatem.info\/index.php?rest_route=%2Fwp%2Fv2%2Fmedia&parent=2808"}],"wp:term":[{"taxonomy":"category","embeddable":true,"href":"https:\/\/anatem.info\/index.php?rest_route=%2Fwp%2Fv2%2Fcategories&post=2808"},{"taxonomy":"post_tag","embeddable":true,"href":"https:\/\/anatem.info\/index.php?rest_route=%2Fwp%2Fv2%2Ftags&post=2808"}],"curies":[{"name":"wp","href":"https:\/\/api.w.org\/{rel}","templated":true}]}}