{"id":2812,"date":"2017-06-15T12:54:16","date_gmt":"2017-06-15T12:54:16","guid":{"rendered":"http:\/\/anatem.info\/?p=2812"},"modified":"2017-06-15T12:54:16","modified_gmt":"2017-06-15T12:54:16","slug":"le-president-macron-se-felicite-de-la-discussion-tres-personnelle-nouee-avec-sm-le-roi-mohammed-vi","status":"publish","type":"post","link":"https:\/\/anatem.info\/?p=2812","title":{"rendered":"Le pr\u00e9sident Macron se f\u00e9licite de la discussion \u00ab\u00a0tr\u00e8s personnelle\u00a0\u00bb nou\u00e9e avec SM le Roi Mohammed VI"},"content":{"rendered":"<p style=\"text-align: justify;\"><span lang=\"FR\" style=\"font-size: 13.0pt; font-family: 'Garamond','serif';\">Rabat, 14\/06\/2017 (MAP)- Le pr\u00e9sident fran\u00e7ais, M. Emmanuel Macron s&rsquo;est f\u00e9licit\u00e9, mercredi, 14 juin courant, \u00e0 Rabat, de la nature de la discussion \u00ab\u00a0tr\u00e8s personnelle\u00a0\u00bb nou\u00e9e avec SM le Roi Mohammed VI, se disant \u00ab\u00a0tr\u00e8s touch\u00e9 par cette marque d&rsquo;amiti\u00e9\u00a0\u00bb.<\/span><\/p>\n<p style=\"text-align: justify;\"><span lang=\"FR\" style=\"font-size: 13.0pt; font-family: 'Garamond','serif';\">\u00ab\u00a0Cette visite au Maroc est \u00e0 la ressemblance des relations entre nos deux pays, fond\u00e9es sur une vision commune et une volont\u00e9 de poursuivre nos int\u00e9r\u00eats conjoints non seulement au Maroc mais \u00e9galement dans la r\u00e9gion et en Afrique\u00a0\u00bb, a affirm\u00e9 le pr\u00e9sident fran\u00e7ais lors d&rsquo;une conf\u00e9rence de presse tenue au premier jour d&rsquo;une visite d&rsquo;amiti\u00e9 et de travail de deux jours au Maroc, \u00e0 l&rsquo;invitation de Sa Majest\u00e9 le Roi. <\/span><\/p>\n<p style=\"text-align: justify;\"><span lang=\"FR\" style=\"font-size: 13.0pt; font-family: 'Garamond','serif';\">Le Maroc est un \u00ab\u00a0pays ami et un partenaire strat\u00e9gique pour la France\u00a0\u00bb, a-t-il soulign\u00e9, r\u00e9affirmant la volont\u00e9 de la France d&rsquo;accompagner les r\u00e9formes ambitieuses men\u00e9es par le Royaume.<\/span><\/p>\n<p style=\"text-align: justify;\"><span lang=\"FR\" style=\"font-size: 13.0pt; font-family: 'Garamond','serif';\">Le chef de l\u2019Etat fran\u00e7ais a cit\u00e9 dans ce cadre la modernisation des institutions avec la mise en \u0153uvre de la r\u00e9forme institutionnelle d\u00e9cid\u00e9e en 2011, l&rsquo;\u00e9mergence \u00e9conomique avec l&rsquo;insertion du Maroc dans les r\u00e9seaux et la mondialisation et enfin le d\u00e9veloppement social et territorial avec le programme de lutte contre les in\u00e9galit\u00e9s et l&rsquo;initiative de la r\u00e9gionalisation avanc\u00e9e.<\/span><\/p>\n<p style=\"text-align: justify;\"><span lang=\"FR\" style=\"font-size: 13.0pt; font-family: 'Garamond','serif';\">Le pr\u00e9sident Macron a indiqu\u00e9 que les entretiens qu\u2019il a eus avec SM le Roi ont port\u00e9 sur plusieurs sujets d&rsquo;int\u00e9r\u00eat commun, notamment les projets \u00e9conomiques, culturels et \u00e9ducatifs en cours, le d\u00e9veloppement de la francophonie, le conflit libyen et la situation de tension dans le Golfe.<\/span><\/p>\n<p style=\"text-align: justify;\"><span lang=\"FR\" style=\"font-size: 13.0pt; font-family: 'Garamond','serif';\">Il a \u00e9galement relev\u00e9 que la France et le Maroc ont une politique commune en Afrique.<\/span><\/p>\n<p style=\"text-align: justify;\"><span lang=\"FR\" style=\"font-size: 13.0pt; font-family: 'Garamond','serif';\">Le chef de l&rsquo;Etat fran\u00e7ais s&rsquo;est f\u00e9licit\u00e9 \u00e0 cet \u00e9gard du retour du Maroc \u00e0 l&rsquo;Union Africaine et bient\u00f4t \u00e0 la Communaut\u00e9 Economique des Etats de l&rsquo;Afrique de l&rsquo;Ouest (CEDEAO).<\/span><\/p>\n<p style=\"text-align: justify;\"><span lang=\"FR\" style=\"font-size: 13.0pt; font-family: 'Garamond','serif';\">Le chef de l\u2019\u00e9tat fran\u00e7ais, accompagn\u00e9 de son \u00e9pouse, Mme Brigitte Macron, effectue une visite d\u2019amiti\u00e9 et de travail dans le Royaume mercredi et jeudi, \u00e0 l\u2019invitation de SM le Roi Mohammed VI.<\/span><\/p>\n<p style=\"text-align: justify;\"><span lang=\"FR\" style=\"font-size: 13.0pt; font-family: 'Garamond','serif';\">Cette visite, la premi\u00e8re du pr\u00e9sident fran\u00e7ais hors Union europ\u00e9enne et du Maghreb depuis son \u00e9lection, le 7 mai dernier, \u00e0 la pr\u00e9sidence de la r\u00e9publique, atteste de l\u2019excellence des relations entre les deux pays.<\/span><\/p>\n<p style=\"text-align: justify;\"><span lang=\"FR\" style=\"font-size: 13.0pt; font-family: 'Garamond','serif';\">Elle \u00abrefl\u00e8te la profondeur des relations bilat\u00e9rales fond\u00e9es sur un partenariat solide et fort \u00e0 la faveur de la volont\u00e9 commune de consolider les liens multidimensionnels unissant les deux pays\u00a0\u00bb, comme l&rsquo;a soulign\u00e9 un communiqu\u00e9 du minist\u00e8re de la Maison Royale, du Protocole et de la Chancellerie annon\u00e7ant cette visite. <\/span><\/p>\n","protected":false},"excerpt":{"rendered":"<p>Rabat, 14\/06\/2017 (MAP)- Le pr\u00e9sident fran\u00e7ais, M. Emmanuel Macron s&rsquo;est f\u00e9licit\u00e9, mercredi, 14 juin courant, \u00e0 Rabat, de la nature<\/p>\n","protected":false},"author":2,"featured_media":0,"comment_status":"closed","ping_status":"closed","sticky":false,"template":"","format":"standard","meta":{"footnotes":""},"categories":[3,62,5,7],"tags":[],"class_list":["post-2812","post","type-post","status-publish","format-standard","hentry","category-accueil","category-afrique","category-maghreb-news","category-presse-marocaine"],"_links":{"self":[{"href":"https:\/\/anatem.info\/index.php?rest_route=\/wp\/v2\/posts\/2812","targetHints":{"allow":["GET"]}}],"collection":[{"href":"https:\/\/anatem.info\/index.php?rest_route=\/wp\/v2\/posts"}],"about":[{"href":"https:\/\/anatem.info\/index.php?rest_route=\/wp\/v2\/types\/post"}],"author":[{"embeddable":true,"href":"https:\/\/anatem.info\/index.php?rest_route=\/wp\/v2\/users\/2"}],"replies":[{"embeddable":true,"href":"https:\/\/anatem.info\/index.php?rest_route=%2Fwp%2Fv2%2Fcomments&post=2812"}],"version-history":[{"count":1,"href":"https:\/\/anatem.info\/index.php?rest_route=\/wp\/v2\/posts\/2812\/revisions"}],"predecessor-version":[{"id":2813,"href":"https:\/\/anatem.info\/index.php?rest_route=\/wp\/v2\/posts\/2812\/revisions\/2813"}],"wp:attachment":[{"href":"https:\/\/anatem.info\/index.php?rest_route=%2Fwp%2Fv2%2Fmedia&parent=2812"}],"wp:term":[{"taxonomy":"category","embeddable":true,"href":"https:\/\/anatem.info\/index.php?rest_route=%2Fwp%2Fv2%2Fcategories&post=2812"},{"taxonomy":"post_tag","embeddable":true,"href":"https:\/\/anatem.info\/index.php?rest_route=%2Fwp%2Fv2%2Ftags&post=2812"}],"curies":[{"name":"wp","href":"https:\/\/api.w.org\/{rel}","templated":true}]}}