{"id":2818,"date":"2017-06-22T20:11:25","date_gmt":"2017-06-22T20:11:25","guid":{"rendered":"http:\/\/anatem.info\/?p=2818"},"modified":"2017-06-22T20:11:25","modified_gmt":"2017-06-22T20:11:25","slug":"le-roi-du-maroc-met-fin-a-la-souffrance-des-familles-syriennes-bloquees-en-algerie-pres-de-la-ville-marocaine-de-figuig","status":"publish","type":"post","link":"https:\/\/anatem.info\/?p=2818","title":{"rendered":"Le Roi du Maroc met fin \u00e0 la souffrance des familles syriennes bloqu\u00e9es en Alg\u00e9rie, pr\u00e8s de la ville marocaine de Figuig"},"content":{"rendered":"<p>Le 20 juin 2017, le Roi Mohammed VI du Maroc a ordonn\u00e9 aux autorit\u00e9s comp\u00e9tentes de proc\u00e9der au traitement imm\u00e9diat de la situation des 13 familles de ressortissants syriens, accompagn\u00e9es d&rsquo;enfants et de personnes \u00e2g\u00e9es, bloqu\u00e9s \u00e0 la fronti\u00e8re alg\u00e9ro-marocaine depuis fin avril 2017.<br \/>\nChose qui fut faite puisque les autorit\u00e9s marocaines ont accueilli ces familles \u00e0 Figuig, ville marocaine limitrophe de l&rsquo;Alg\u00e9rie. Ces familles syriennes ont d\u00e9cid\u00e9 collectivement de se rendre tous \u00e0 Rabat o\u00f9 elles ont \u00e9t\u00e9 re\u00e7ues, le 21 juin 2017, au si\u00e8ge du Conseil National des Droits de l&rsquo;Homme o\u00f9 elles ont d\u00e9nonc\u00e9 les autorit\u00e9s alg\u00e9riennes qu&rsquo;elles accusent de non-assistance et de mauvais traitement depuis leur arriv\u00e9e dans ce pays via la Libye et jusqu&rsquo;\u00e0 l&rsquo;heure de la d\u00e9livrance et elles ont \u00e9galement remerci\u00e9 le Souverain marocain pour son geste humaniste qui a mis \u00e0 fin \u00e0 leur intense et cruelle douleur.<br \/>\nPour rappel, ces 41 r\u00e9fugi\u00e9s syriens, dont 17 enfants \u00e2g\u00e9s de 2 \u00e0 14 ans, \u00e9taient bloqu\u00e9s dans une zone tampon \u00e0 la fronti\u00e8re entre le Maroc et l\u2019Alg\u00e9rie, pr\u00e8s de la ville de Figuig depuis le 17 avril 2017. Le Maroc avait refus\u00e9 de r\u00e9gulariser ces r\u00e9fugi\u00e9s, estimant que la responsabilit\u00e9 revenait \u00e0 l&rsquo;Alg\u00e9rie qui les a expuls\u00e9s vers la fronti\u00e8re.<br \/>\nDepuis, ils ont \u00e9t\u00e9 totalement d\u00e9laiss\u00e9s par les autorit\u00e9s alg\u00e9riennes dans des conditions inhumaines sans aides ni secours et en proie aux morsures du soleil, des scorpions et des vip\u00e8res.<br \/>\nPar la suite, dans un semblant de sursaut humanitaire, les responsables alg\u00e9riens annoncent, tambour battant, le 02 juin 2017, \u00e0 l&rsquo;opinion internationale leur intention d&rsquo;accueillir ce groupe de r\u00e9fugi\u00e9s syriens suite \u00e0 une demande du Haut Commissariat des Nations-Unies pour les R\u00e9fugi\u00e9s (HCR) ; mais comme \u00e0 l&rsquo;accoutum\u00e9e, quelques jours plus, ils op\u00e8rent une volte-face et d\u00e9cident de ne pas honorer leur promesse, abandonnant ces familles syriennes \u00e0 leur dramatique sort et multipliant des appels \u00e0 l&rsquo;aide.<br \/>\nCes appels ont \u00e9t\u00e9 entendus par le Souverain marocain qui, en vertu de consid\u00e9rations humanitaires, et \u00e0 titre exceptionnel, a mis un terme au calvaire de ces r\u00e9fugi\u00e9s syriens.<br \/>\nCe nouveau geste du Roi du Maroc, traduit l\u2019engagement humaniste du Maroc dans le traitement des probl\u00e9matiques migratoires et intervient en ces jours du mois de Ramadan, mois de pi\u00e9t\u00e9 et de solidarit\u00e9 et o\u00f9 le monde c\u00e9l\u00e8bre, ce mardi 20 juin 2017, la journ\u00e9e mondiale des r\u00e9fugi\u00e9s.<br \/>\nD&rsquo;ailleurs, le repr\u00e9sentant du bureau marocain du Haut-Commissariat des Nations-Unies pour les R\u00e9fugi\u00e9s (HCR), Jean Paul Cavali\u00e9ri, a d\u00e9clar\u00e9 toute sa reconnaissance envers le Roi Mohammed VI pour le traitement imm\u00e9diat de ce dossier et a mis en exergue la politique \u00ab\u00a0volontariste, humaniste et pragmatique avec laquelle le Royaume traite les questions migratoires et d&rsquo;asile\u00a0\u00bb.<br \/>\nQue peut-on attendre des responsables alg\u00e9riens en mati\u00e8re de contr\u00f4le migratoire et de traitement des r\u00e9fugi\u00e9s africains ou autres quand ils n&rsquo;arrivent pas \u00e0 subvenir aux besoins vitaux des Alg\u00e9riens ? Rien ! Du vent et des belles paroles !<br \/>\nAujourd&rsquo;hui, ses soeurs et fr\u00e8res Syriens sont les bienvenus au pays de l&rsquo;humanisme qu&rsquo;est le Maroc o\u00f9 ils f\u00eateront dans la joie l&rsquo;A\u00efd Fitr (fin du mois de Ramadan).<br \/>\nFarid Mnebhi.<\/p>\n","protected":false},"excerpt":{"rendered":"<p>Le 20 juin 2017, le Roi Mohammed VI du Maroc a ordonn\u00e9 aux autorit\u00e9s comp\u00e9tentes de proc\u00e9der au traitement imm\u00e9diat<\/p>\n","protected":false},"author":2,"featured_media":0,"comment_status":"closed","ping_status":"closed","sticky":false,"template":"","format":"standard","meta":{"footnotes":""},"categories":[3,4,5],"tags":[],"class_list":["post-2818","post","type-post","status-publish","format-standard","hentry","category-accueil","category-competences-mre","category-maghreb-news"],"_links":{"self":[{"href":"https:\/\/anatem.info\/index.php?rest_route=\/wp\/v2\/posts\/2818","targetHints":{"allow":["GET"]}}],"collection":[{"href":"https:\/\/anatem.info\/index.php?rest_route=\/wp\/v2\/posts"}],"about":[{"href":"https:\/\/anatem.info\/index.php?rest_route=\/wp\/v2\/types\/post"}],"author":[{"embeddable":true,"href":"https:\/\/anatem.info\/index.php?rest_route=\/wp\/v2\/users\/2"}],"replies":[{"embeddable":true,"href":"https:\/\/anatem.info\/index.php?rest_route=%2Fwp%2Fv2%2Fcomments&post=2818"}],"version-history":[{"count":1,"href":"https:\/\/anatem.info\/index.php?rest_route=\/wp\/v2\/posts\/2818\/revisions"}],"predecessor-version":[{"id":2819,"href":"https:\/\/anatem.info\/index.php?rest_route=\/wp\/v2\/posts\/2818\/revisions\/2819"}],"wp:attachment":[{"href":"https:\/\/anatem.info\/index.php?rest_route=%2Fwp%2Fv2%2Fmedia&parent=2818"}],"wp:term":[{"taxonomy":"category","embeddable":true,"href":"https:\/\/anatem.info\/index.php?rest_route=%2Fwp%2Fv2%2Fcategories&post=2818"},{"taxonomy":"post_tag","embeddable":true,"href":"https:\/\/anatem.info\/index.php?rest_route=%2Fwp%2Fv2%2Ftags&post=2818"}],"curies":[{"name":"wp","href":"https:\/\/api.w.org\/{rel}","templated":true}]}}