{"id":2821,"date":"2017-07-03T13:00:47","date_gmt":"2017-07-03T13:00:47","guid":{"rendered":"http:\/\/anatem.info\/?p=2821"},"modified":"2017-07-03T13:00:47","modified_gmt":"2017-07-03T13:00:47","slug":"reunion-du-conseil-executif-de-lunion-africaine-u-a-a-addis-abeba-le-cirque-des-comperes-algero-polisariens","status":"publish","type":"post","link":"https:\/\/anatem.info\/?p=2821","title":{"rendered":"R\u00e9union du Conseil Ex\u00e9cutif de l&rsquo;Union Africaine (U.A) \u00e0 Addis Abeba : Le cirque des comp\u00e8res alg\u00e9ro-polisariens"},"content":{"rendered":"<p>Les travaux d\u00e9lib\u00e9ratoires de la 31\u00e8me session ordinaire du Conseil Ex\u00e9cutif de l&rsquo;Union Africaine (U.A) se sont d\u00e9roul\u00e9s du 30 juin au 02 juillet 2017 \u00e0 Addis-Abeba, avec la participation des Ministres des Affaires ?trang\u00e8res des ?tats membres de l&rsquo;U.A.<br \/>\nAu cours de ces travaux, une ambiance \u00e9lectrique planait dans la salle de conf\u00e9rence et qui a atteint son paroxysme suite \u00e0 la n\u00e9vrose obsessionnelle des repr\u00e9sentants alg\u00e9riens et polisariens qui ont tent\u00e9 de faire passer, le 1er juillet 2017, un rapport de la Commission Africaine des Droits de l&rsquo;Homme et des Peuples portant atteinte \u00e0 l&rsquo;int\u00e9grit\u00e9 territoriale marocaine et \u00e0 sa souverainet\u00e9 sur ses provinces sahariennes, notamment \u00e0 travers les articles 88 et 89 de ce m\u00eame rapport.<br \/>\nLesdits articles demandaient \u00ab\u00a0l&rsquo;instauration d&rsquo;une mission d\u2019\u00e9valuation des Droits de l\u2019Homme dans le territoire occup\u00e9 en R\u00e9publique arabe sahraouie d\u00e9mocratique (RASD) conform\u00e9ment aux d\u00e9cisions pr\u00e9c\u00e9dentes du Conseil ex\u00e9cutif \u00ab\u00a0. Laquelle mission \u00ab\u00a0doit \u00eatre effectu\u00e9e dans les plus brefs d\u00e9lais\u00a0\u00bb.<br \/>\nIl n&rsquo;en fallait pas plus pour susciter la r\u00e9action vive et ferme du Chef de la diplomatie marocaine qui a demand\u00e9 purement et simplement la suppression des clauses controvers\u00e9es et pr\u00e9venu les ennemis du Maroc que ce type de provocations naus\u00e9abondes ne sera jamais accept\u00e9 par le Maroc.<br \/>\nUne r\u00e9action marocaine positive qui re\u00e7ut l&rsquo;adh\u00e9sion de 16 pays sur la question \u00e0 savoir les Comores, Sao Tome, le Gabon, Madagascar, le Swaziland, la C\u00f4te d&rsquo;Ivoire, la Guin\u00e9e \u00e9quatoriale, le Burkina Faso, le Malawi, la Gambie, le S\u00e9n\u00e9gal, le B\u00e9nin, la Guin\u00e9e Bissau, la Centrafrique, le Cap-Vert et le Nig\u00e9ria contre 06 pays qui sont l&rsquo;Alg\u00e9rie, la pseudo RASD, la Namibie, le Botswana, le Zimbabwe, le Lesotho et l&rsquo;Afrique du Sud.<br \/>\nSuite \u00e0 ce veto marocain, le Nigeria s&rsquo;est propos\u00e9 en m\u00e9diateur pour trouver un compromis qui fut trouv\u00e9 le 02 juillet 2017 satisfaisant le responsable marocain.<br \/>\nLa nouvelle mouture indique et je cite : \u00ab\u00a0quelques d\u00e9l\u00e9gations ont propos\u00e9 l\u2019envoi d\u2019une mission dans le territoire connu \u00e0 l\u2019ONU comme Sahara occidental et \u00e0 l\u2019UA comme RASD\u00a0\u00bb. Dans le m\u00eame paragraphe, il ajoute : \u00ab\u00a0d\u2019autres d\u00e9l\u00e9gations ont exprim\u00e9 leur opposition ferme \u00e0 cette mission\u00a0\u00bb.<br \/>\nDe plus, elle stipule que l\u2019Union Africaine va \u00ab\u00a0engager un dialogue constructif avec l\u2019?tat concern\u00e9 sur la mission sus-mentionn\u00e9e\u00a0\u00bb, sans pr\u00e9ciser de quel ?tat il s&rsquo;agit.<br \/>\nOn constate donc que le Maroc a eu gain de cause puisque la mention de \u00ab\u00a0territoire occup\u00e9\u00a0\u00bb a totalement disparu du texte.<br \/>\nCeci \u00e9tant dit, le Maroc, pour sa premi\u00e8re participation \u00e0 une r\u00e9union de l&rsquo;Union Africaine de haut niveau, a r\u00e9ussi \u00e0 d\u00e9truire un texte vieux de 09 ans qui portait atteinte \u00e0 l&rsquo;int\u00e9grit\u00e9 territoriale du Maroc et \u00e0 sa souverainet\u00e9 nationale.<br \/>\nAujourd&rsquo;hui, force est de constater, que malgr\u00e9 les clowneries des responsables alg\u00e9ro-polisariens, qui n&rsquo;attirent d&rsquo;ailleurs plus personnes, l&rsquo;Union Africaine revient \u00e0 la logique o\u00f9 la position du Maroc est prise en consid\u00e9ration. Les ambianceurs ou chauffeurs de salle alg\u00e9ro-polisariens sont pr\u00e9venus que les responsables marocains r\u00e9agiront fermement \u00e0 toutes leurs tentatives de porter atteinte au Maroc.<\/p>\n<p>Farid Mnebhi<\/p>\n","protected":false},"excerpt":{"rendered":"<p>Les travaux d\u00e9lib\u00e9ratoires de la 31\u00e8me session ordinaire du Conseil Ex\u00e9cutif de l&rsquo;Union Africaine (U.A) se sont d\u00e9roul\u00e9s du 30<\/p>\n","protected":false},"author":2,"featured_media":0,"comment_status":"closed","ping_status":"closed","sticky":false,"template":"","format":"standard","meta":{"footnotes":""},"categories":[3,62,5],"tags":[],"class_list":["post-2821","post","type-post","status-publish","format-standard","hentry","category-accueil","category-afrique","category-maghreb-news"],"_links":{"self":[{"href":"https:\/\/anatem.info\/index.php?rest_route=\/wp\/v2\/posts\/2821","targetHints":{"allow":["GET"]}}],"collection":[{"href":"https:\/\/anatem.info\/index.php?rest_route=\/wp\/v2\/posts"}],"about":[{"href":"https:\/\/anatem.info\/index.php?rest_route=\/wp\/v2\/types\/post"}],"author":[{"embeddable":true,"href":"https:\/\/anatem.info\/index.php?rest_route=\/wp\/v2\/users\/2"}],"replies":[{"embeddable":true,"href":"https:\/\/anatem.info\/index.php?rest_route=%2Fwp%2Fv2%2Fcomments&post=2821"}],"version-history":[{"count":1,"href":"https:\/\/anatem.info\/index.php?rest_route=\/wp\/v2\/posts\/2821\/revisions"}],"predecessor-version":[{"id":2823,"href":"https:\/\/anatem.info\/index.php?rest_route=\/wp\/v2\/posts\/2821\/revisions\/2823"}],"wp:attachment":[{"href":"https:\/\/anatem.info\/index.php?rest_route=%2Fwp%2Fv2%2Fmedia&parent=2821"}],"wp:term":[{"taxonomy":"category","embeddable":true,"href":"https:\/\/anatem.info\/index.php?rest_route=%2Fwp%2Fv2%2Fcategories&post=2821"},{"taxonomy":"post_tag","embeddable":true,"href":"https:\/\/anatem.info\/index.php?rest_route=%2Fwp%2Fv2%2Ftags&post=2821"}],"curies":[{"name":"wp","href":"https:\/\/api.w.org\/{rel}","templated":true}]}}