{"id":2824,"date":"2017-07-04T13:55:09","date_gmt":"2017-07-04T13:55:09","guid":{"rendered":"http:\/\/anatem.info\/?p=2824"},"modified":"2017-07-04T13:57:43","modified_gmt":"2017-07-04T13:57:43","slug":"addis-abeba-magistral-discours-du-roi-mohammed-vi-du-maroc-qui-dessine-le-cap-a-prendre-par-les-africains-pour-une-nouvelle-afrique","status":"publish","type":"post","link":"https:\/\/anatem.info\/?p=2824","title":{"rendered":"Addis Abeba : magistral discours du Roi Mohammed VI du Maroc qui dessine le cap \u00e0 prendre par les Africains pour une nouvelle Afrique"},"content":{"rendered":"<p>Le Souverain marocain a adress\u00e9 un discours de haute facture au 29\u00e8me Sommet des Chefs d\u2019Etat et de Gouvernement de l\u2019Union Africaine lu en son nom, le 03 juillet 2017 \u00e0 Addis Abeba, par Son Altesse Royale le Prince Moulay Rachid, qui repr\u00e9sente le Roi du Maroc \u00e0 ces assises panafricaines.<br \/>\nCi-apr\u00e8s les principaux points qu&rsquo;il faut retenir du discours du Roi Mohammed VI :<\/p>\n<ul>\n<li>le Maroc participe \u00e0 son premier Sommet en tant que membre de l\u2019Union Africaine, depuis son retour au sein de sa famille institutionnelle en janvier 2017,<\/li>\n<li>par cette participation, le Maroc conforte son action dans le continent et consolide ses liens multidimensionnels avec les pays africains,<\/li>\n<li>le Maroc r\u00e9affirme son engagement \u00e0 participer \u00e0 toutes les r\u00e9unions tenues par et au sein de sa famille institutionnelle panafricaine dans un esprit constructif,<\/li>\n<li>le Roi du Maroc souligne l\u2019engagement \u00e0 la fois, sinc\u00e8re, responsable et ind\u00e9fectible de nos pays, au service des causes et des int\u00e9r\u00eats du continent africain afin de transformer ses d\u00e9fis en authentique potentiel de d\u00e9veloppement et de stabilit\u00e9,<\/li>\n<li>la croissance d\u00e9mographique de l\u2019Afrique, ses institutions, la migration et la jeunesse constituent des opportunit\u00e9s \u00e0\u00a0 saisir collectivement,<\/li>\n<li>ces opportunit\u00e9s sont autant de d\u00e9fis \u00e0 relever pour contribuer \u00e0 l&rsquo;\u00e9mergence d&rsquo;une nouvelle Afrique : une Afrique forte, une Afrique audacieuse qui prend en charge la d\u00e9fense de ses int\u00e9r\u00eats, une Afrique influente dans le concert des Nations,<\/li>\n<li>l&rsquo;Union Africaine doit entamer sa mue pour r\u00e9pondre de mani\u00e8re ad\u00e9quate et appropri\u00e9e aux menaces qui guettent l&rsquo;Afrique,<\/li>\n<li>l&rsquo;Afrique se doit de s&rsquo;affranchir des chim\u00e8res v\u00e9hicul\u00e9es par des slogans id\u00e9ologiques st\u00e9riles et de se consacrer \u00e0 des actions concr\u00e8tes et r\u00e9solues dans les\u00a0 domaines de la paix, de la s\u00e9curit\u00e9 et du d\u00e9veloppement humain,<\/li>\n<li>l\u2019\u00e9mergence de l\u2019Afrique passe par une refonte de ses institutions continentales pour r\u00e9pondre pleinement et imp\u00e9rieusement aux enjeux qu\u2019elle doit relever,<\/li>\n<li>l\u2019avenir de l\u2019Afrique sera la jeunesse or l&rsquo;Afrique perd ses jeunes, par la migration l\u00e9gale ou ill\u00e9gale ; une d\u00e9perdition injustifiable. Le Maroc se propose d\u2019\u00e9valuer les causes, l\u2019impact, et d\u2019envisager des solutions, en tant que leader d\u00e9sign\u00e9 sur la question de la Migration. Pour cela, le Roi Mohammed VI veut travailler de pair avec les autres dirigeants pour \u00e9laborer un agenda africain sur cette th\u00e9matique,<\/li>\n<li>le Roi du Maroc a soulign\u00e9 l&rsquo;urgence de redonner la confiance aux jeunes en s&rsquo;attaquant au fl\u00e9au du ch\u00f4mage, terreau de l&rsquo;endoctrinement pour des recrues de choix pour les mouvements rebelles, les groupes extr\u00e9mistes ou terroristes qui s\u00e9vissent en Afrique,<\/li>\n<li>l\u2019Afrique doit faire un plus grand usage de la coop\u00e9ration interafricaine, ainsi que de partenariats strat\u00e9giques et solidaires entre pays africains,<\/li>\n<li>enfin, le Maroc salue le leadership d\u2019Alpha Cond\u00e9, alli\u00e9 du Maroc, et Moussa Faki Mahamat, Pr\u00e9sident de la Commission de l\u2019Union Africaine.<\/li>\n<\/ul>\n<p>En conclusion, le Discours du Roi Mohammed VI, emprunt de pragmatisme, se veut un message d\u2019espoir pour la jeunesse du continent.<br \/>\nUn discours pl\u00e9biscit\u00e9 par une forte majorit\u00e9 de Chefs d&rsquo;Etat et de Gouvernement africains et europ\u00e9ens, mais aussi par la presse internationale et nationale.<br \/>\nA noter que Son Altesse Royale le Prince Moulay Rachid a remis, lors de la c\u00e9r\u00e9monie d\u2019ouverture du 29\u00e8me Sommet des Chefs d\u2019Etat et de Gouvernement de l\u2019Union Africaine\u00a0 au nom du Roi Mohammed VI, au Chef d\u2019Etat guin\u00e9en, Alpha Cond\u00e9, Pr\u00e9sident en exercice de l\u2019Union africaine (UA), une note pr\u00e9liminaire intitul\u00e9e \u201cVision pour un Agenda africain pour la Migration\u201d.<br \/>\nA rappeler que le Roi Mohammed VI a \u00e9t\u00e9 d\u00e9sign\u00e9 leader pour g\u00e9rer la question de la migration au niveau continental.<\/p>\n<p>Farid Mnebhi.<\/p>\n","protected":false},"excerpt":{"rendered":"<p>Le Souverain marocain a adress\u00e9 un discours de haute facture au 29\u00e8me Sommet des Chefs d\u2019Etat et de Gouvernement de<\/p>\n","protected":false},"author":2,"featured_media":2825,"comment_status":"closed","ping_status":"closed","sticky":false,"template":"","format":"standard","meta":{"footnotes":""},"categories":[3,62,5,7],"tags":[],"class_list":["post-2824","post","type-post","status-publish","format-standard","has-post-thumbnail","hentry","category-accueil","category-afrique","category-maghreb-news","category-presse-marocaine"],"_links":{"self":[{"href":"https:\/\/anatem.info\/index.php?rest_route=\/wp\/v2\/posts\/2824","targetHints":{"allow":["GET"]}}],"collection":[{"href":"https:\/\/anatem.info\/index.php?rest_route=\/wp\/v2\/posts"}],"about":[{"href":"https:\/\/anatem.info\/index.php?rest_route=\/wp\/v2\/types\/post"}],"author":[{"embeddable":true,"href":"https:\/\/anatem.info\/index.php?rest_route=\/wp\/v2\/users\/2"}],"replies":[{"embeddable":true,"href":"https:\/\/anatem.info\/index.php?rest_route=%2Fwp%2Fv2%2Fcomments&post=2824"}],"version-history":[{"count":3,"href":"https:\/\/anatem.info\/index.php?rest_route=\/wp\/v2\/posts\/2824\/revisions"}],"predecessor-version":[{"id":2828,"href":"https:\/\/anatem.info\/index.php?rest_route=\/wp\/v2\/posts\/2824\/revisions\/2828"}],"wp:featuredmedia":[{"embeddable":true,"href":"https:\/\/anatem.info\/index.php?rest_route=\/wp\/v2\/media\/2825"}],"wp:attachment":[{"href":"https:\/\/anatem.info\/index.php?rest_route=%2Fwp%2Fv2%2Fmedia&parent=2824"}],"wp:term":[{"taxonomy":"category","embeddable":true,"href":"https:\/\/anatem.info\/index.php?rest_route=%2Fwp%2Fv2%2Fcategories&post=2824"},{"taxonomy":"post_tag","embeddable":true,"href":"https:\/\/anatem.info\/index.php?rest_route=%2Fwp%2Fv2%2Ftags&post=2824"}],"curies":[{"name":"wp","href":"https:\/\/api.w.org\/{rel}","templated":true}]}}