{"id":2829,"date":"2017-07-08T11:32:26","date_gmt":"2017-07-08T11:32:26","guid":{"rendered":"http:\/\/anatem.info\/?p=2829"},"modified":"2017-07-08T11:32:26","modified_gmt":"2017-07-08T11:32:26","slug":"les-deboires-de-la-diplomatie-algero-polisarienne","status":"publish","type":"post","link":"https:\/\/anatem.info\/?p=2829","title":{"rendered":"Les d\u00e9boires de la diplomatie Alg\u00e9ro-polisarienne"},"content":{"rendered":"<p>Pour les seuls mois de mai, juin et d\u00e9but juillet 2017 les dirigeants alg\u00e9riens et leurs affid\u00e9s du polisario se sont fait entarter \u00e0 moult reprises sur le plan diplomatique.<br \/>\nCi-apr\u00e8s un rappel non exhaustif des d\u00e9routes diplomatiques des responsables alg\u00e9riens et miliciens polisariens durant cette p\u00e9riode :<br \/>\n1\/ le 05 mai 2017, le Ministre malawien des Affaires Etrang\u00e8res a annonc\u00e9 le retrait de la reconnaissance de la RASD par son pays,<br \/>\n2\/ le 03 juin 2017, le vice-Ministre des Affaires \u00e9trang\u00e8res du Myanmar a annonc\u00e9 le soutien de son pays \u00e0 la position du Maroc au sujet de la question du Sahara marocain,<br \/>\n3\/ le 08 juin 2017, la justice panam\u00e9enne inflige un cinglant camouflet aux miliciens polisariens en les d\u00e9boutant de leur plainte en vue de saisir le navire \u00ab\u00a0Ultra Innovation\u00a0\u00bb transportant une cargaison de phosphate marocain en provenance de Phosboucraa et destin\u00e9e au Canada,<br \/>\n4\/ le 19 juin 2017, le Ministre angolais des Relations Ext\u00e9rieures s&rsquo;est rendu en visite de travail au Maroc, la premi\u00e8re depuis plus de vingt ans. Un \u00e9v\u00e8nement qui constitue tout un symbole pour la diplomatie marocaine lorsqu&rsquo;on sait que l\u2019Angola est consid\u00e9r\u00e9 comme une \u00ab\u00a0citadelle\u00a0\u00bb alg\u00e9rienne et un soutien du Polisario.<br \/>\n5\/ le 25 juin 2017, le Comit\u00e9 de D\u00e9colonisation de l\u2019ONU (C24) a conclu ses travaux sur un double \u00e9chec cuisant pour son Pr\u00e9sident, l\u2019Ambassadeur du Venezuela, Rafael Ramirez, et pour l\u2019Alg\u00e9rie, mettant \u00e0 nu l\u2019agenda personnel et id\u00e9ologique de l\u2019Ambassadeur Ramirez et de l\u2019Alg\u00e9rie au sujet du Sahara marocain.<br \/>\nEn effet, la grande majorit\u00e9 des Membres du Comit\u00e9 a impos\u00e9 une fin de non-recevoir aux man\u0153uvres du Venezuela et de l\u2019Alg\u00e9rie visant \u00e0 conf\u00e9rer au polisario une soi-disant repr\u00e9sentativit\u00e9 du Sahara Marocain, obligeant les adversaires du Maroc \u00e0 renoncer \u00e0 tous les paragraphes de la r\u00e9solution du Comit\u00e9, initialement impos\u00e9s par la pr\u00e9sidence v\u00e9n\u00e9zu\u00e9lienne et instigu\u00e9s par l\u2019Alg\u00e9rie.<br \/>\nCes paragraphes faisaient r\u00e9f\u00e9rence \u00e0 la participation du polisario en tant que repr\u00e9sentant du Sahara Marocain et appelaient \u00e0 une visite du Comit\u00e9 de d\u00e9colonisation de l\u2019ONU dans les provinces du Sud du Maroc.<br \/>\n6\/ du 1er au 03 juillet 2017 juillet 2017, \u00e0 Addis Ab\u00e9ba, capitale de l&rsquo;Ethiopie, o\u00f9 se trouve le si\u00e8ge de l&rsquo;Union Africaine (U.A), le Maroc a marqu\u00e9 trois pr\u00e9cieux points contre ses adversaires, \u00e0 savoir que l\u2019U.A s\u2019en tient d\u00e9sormais \u00e0 la comp\u00e9tence exclusive de l\u2019ONU sur le dossier du Sahara marocain, appelle \u00e0 une solution strictement politique et expurge de son lexique toute la terminologie alg\u00e9ro-polisarienne hostile au Maroc.<br \/>\n7\/ le 03 juillet 2017, Monsieur Moussa Fakhi, le nouveau Pr\u00e9sident de la Commission de l\u2019Union Africaine (U.A) annonce avoir pris note des arguments du Maroc concernant son Sahara et des efforts s\u00e9rieux et cr\u00e9dibles que lui reconna\u00eet la communaut\u00e9 internationale pour clore d\u00e9finitivement ce dossier et exprim\u00e9 clairement son soutien \u00e0 une solution consensuelle au Sahara marocain ainsi que sa satisfaction concernant la baisse des tensions au niveau de la zone de Guerguerat et la nomination d\u2019un nouvel envoy\u00e9 sp\u00e9cial de l&rsquo;ONU pour le Sahara marocain, l&rsquo;ancien Pr\u00e9sident allemand, Monsieur Horst K?hler, qui a l\u2019intention de lancer une nouvelle initiative pour trouver une solution pacifique au conflit.<br \/>\nCette d\u00e9claration du responsable de cette commission, en rupture avec le langage de l\u2019Alg\u00e9rie et du polisario a frapp\u00e9 de mutisme la presse alg\u00e9rienne qui a omis de relever la nouvelle position de l\u2019U.A et pr\u00e9f\u00e9r\u00e9 opter pour la d\u00e9sinformation.<br \/>\n8\/ le 05 juillet 2017, le Parlement Europ\u00e9en renvoie l&rsquo;Alg\u00e9rie et son pantin polisarien \u00e0 leurs ch\u00e8res \u00e9tudes apr\u00e8s le rejet du projet de r\u00e9solution pr\u00e9sent\u00e9 par des eurod\u00e9put\u00e9s \u00e9cologistes, recommandant l&rsquo;\u00e9largissement du mandat de la Mission des Nations-Unies pour l\u2019organisation d\u2019un r\u00e9f\u00e9rendum au Sahara occidental (MINURSO) au contr\u00f4le des Droits de l&rsquo;Homme au Sahara et ce, par 316 voix contre 189 ; un projet qui invitait \u00e0 \u00ab\u00a0mettre \u00e0 ex\u00e9cution l\u2019arr\u00eat de la Cour de Justice Europ\u00e9enne au sujet du Sahara occidental et soutenir les efforts de l\u2019ONU visant \u00e0 obtenir un r\u00e8glement \u00e9quitable et durable du conflit au Sahara occidental, sur la base du droit \u00e0 l\u2019autod\u00e9termination du peuple sahraoui et conform\u00e9ment aux r\u00e9solutions des Nations-Unies en la mati\u00e8re; \u0153uvrer pour que la MINURSO soit dot\u00e9e d\u2019un mandat relatif aux Droits de l\u2019Homme, \u00e0 l\u2019instar de toutes les autres missions de maintien de la paix des Nations-Unies, et pour que tout le personnel de la MINURSO soit autoris\u00e9 \u00e0 reprendre ses fonctions\u00a0\u00bb.<br \/>\nPour rappel, la proposition d&rsquo;\u00e9largissement du mandat de la MINURSO avait \u00e9t\u00e9 rejet\u00e9e fin avril 2017 par le Conseil de s\u00e9curit\u00e9.<br \/>\nEn conclusion, \u00e0 la lecture de ce qui pr\u00e9c\u00e8de, il est \u00e9vident que l&rsquo;\u00e8re de la Sud-Africaine Nkosazana Dlamini-Zuma a \u00e9t\u00e9 jet\u00e9e aux orties lors du dernier sommet de l\u2019Union Africaine.<br \/>\nUne p\u00e9riode o\u00f9 les d\u00e9cisions de l\u2019U.A ont \u00e9t\u00e9 all\u00e8grement perverties par les ennemis du Maroc, avec l&rsquo;aide de l\u2019ancienne Pr\u00e9sidente de la Commission de l\u2019U.A, la Sud-Africaine Nkosazana Dlamini-Zuma.<br \/>\nAujourd&rsquo;hui, la demande de la commission d\u2019une solution consensuelle semble \u00eatre conforme \u00e0 la proposition d\u2019autonomie faite par le Maroc pour r\u00e9soudre ce conflit et mettre fin aux manipulations du tandem Alger-polisario.<br \/>\nNul doute que tout un chacun est d\u00e9sormais conscient que la trahison d\u2019Edem Kodjo, ancien secr\u00e9taire g\u00e9n\u00e9ral de la d\u00e9funte l\u2019Organisation de l&rsquo;Unit\u00e9 Africaine (O.U.A), sous le mandat duquel la fantomatique \u00ab\u00a0RASD\u00a0\u00bb a \u00e9t\u00e9 admise au sein de l\u2019organisation panafricaine, apr\u00e8s avoir \u00e9t\u00e9 app\u00e2t\u00e9 par des valisettes de p\u00e9trodollar, doit \u00eatre r\u00e9par\u00e9e au plus vite.<br \/>\nSix mois seulement apr\u00e8s son retour au sein de l\u2019Union africaine, le Maroc est d\u00e9j\u00e0 en train de r\u00e9ussir ce qu\u2019il n\u2019a pu r\u00e9aliser en 34 ans de politique de la chaise vide: pousser le polisario vers la porte de sortie de l\u2019organisation continentale.<br \/>\nUn bilan diplomatique alg\u00e9rien, qui vaut non seulement pour la p\u00e9riode d\u00e9crite en supra mais aussi depuis le d\u00e9but d&rsquo;ann\u00e9e 2017, nul en comparaison aux victoires \u00e9clatantes et percutantes du Maroc.<br \/>\nFarid Mnebhi.<\/p>\n","protected":false},"excerpt":{"rendered":"<p>Pour les seuls mois de mai, juin et d\u00e9but juillet 2017 les dirigeants alg\u00e9riens et leurs affid\u00e9s du polisario se<\/p>\n","protected":false},"author":2,"featured_media":0,"comment_status":"closed","ping_status":"closed","sticky":false,"template":"","format":"standard","meta":{"footnotes":""},"categories":[3,62,5,7,8],"tags":[],"class_list":["post-2829","post","type-post","status-publish","format-standard","hentry","category-accueil","category-afrique","category-maghreb-news","category-presse-marocaine","category-provinces-du-sud"],"_links":{"self":[{"href":"https:\/\/anatem.info\/index.php?rest_route=\/wp\/v2\/posts\/2829","targetHints":{"allow":["GET"]}}],"collection":[{"href":"https:\/\/anatem.info\/index.php?rest_route=\/wp\/v2\/posts"}],"about":[{"href":"https:\/\/anatem.info\/index.php?rest_route=\/wp\/v2\/types\/post"}],"author":[{"embeddable":true,"href":"https:\/\/anatem.info\/index.php?rest_route=\/wp\/v2\/users\/2"}],"replies":[{"embeddable":true,"href":"https:\/\/anatem.info\/index.php?rest_route=%2Fwp%2Fv2%2Fcomments&post=2829"}],"version-history":[{"count":1,"href":"https:\/\/anatem.info\/index.php?rest_route=\/wp\/v2\/posts\/2829\/revisions"}],"predecessor-version":[{"id":2831,"href":"https:\/\/anatem.info\/index.php?rest_route=\/wp\/v2\/posts\/2829\/revisions\/2831"}],"wp:attachment":[{"href":"https:\/\/anatem.info\/index.php?rest_route=%2Fwp%2Fv2%2Fmedia&parent=2829"}],"wp:term":[{"taxonomy":"category","embeddable":true,"href":"https:\/\/anatem.info\/index.php?rest_route=%2Fwp%2Fv2%2Fcategories&post=2829"},{"taxonomy":"post_tag","embeddable":true,"href":"https:\/\/anatem.info\/index.php?rest_route=%2Fwp%2Fv2%2Ftags&post=2829"}],"curies":[{"name":"wp","href":"https:\/\/api.w.org\/{rel}","templated":true}]}}