{"id":2833,"date":"2017-07-12T12:41:42","date_gmt":"2017-07-12T12:41:42","guid":{"rendered":"http:\/\/anatem.info\/?p=2833"},"modified":"2017-07-12T12:42:09","modified_gmt":"2017-07-12T12:42:09","slug":"algerie-afrique-immigration-ahmed-ouyahia-sattaque-aux-migrants-africains","status":"publish","type":"post","link":"https:\/\/anatem.info\/?p=2833","title":{"rendered":"Alg\u00e9rie-Afrique-Immigration : Ahmed Ouyahia s&rsquo;attaque aux r\u00e9fugi\u00e9s africains"},"content":{"rendered":"<p>Dans un discours enflamm\u00e9, comme savent le faire les tenants du populisme de l&rsquo;extr\u00eame-droite europ\u00e9enne et nord-am\u00e9ricaine, Ouyahia a accus\u00e9, le 08 juillet 2017, les r\u00e9fugi\u00e9s subsahariens d&rsquo;\u00eatre source de crime, de drogue, de maladies et de plusieurs autres fl\u00e9aux.<br \/>\nUn discours d&rsquo;Ouyahia raciste et haineux envers les africains, notamment ceux qui ont fui les guerres, la violence et la mis\u00e8re pour esp\u00e9rer trouver un peu de paix et de s\u00e9curit\u00e9 en Alg\u00e9rie.<br \/>\nEn fait, la r\u00e9alit\u00e9 a \u00e9t\u00e9 toute autre. Ils ont \u00e9t\u00e9 d\u00e9trouss\u00e9s par les \u00e9l\u00e9ments de l&rsquo;arm\u00e9e alg\u00e9rienne, exploit\u00e9s par des patrons mafieux et maltrait\u00e9s cruellement par la populace alg\u00e9rienne.<br \/>\nLes responsables alg\u00e9riens se doivent de respecter les textes internationaux en la mati\u00e8re ; des textes sign\u00e9s et ratifi\u00e9s par l&rsquo;Alg\u00e9rie et non se murer dans un mutisme stupide comme le fait l&rsquo;Autruche en cachant sa t\u00eate dans le sable lorsqu&rsquo;elle a peur.<br \/>\nCette intervention d&rsquo;Ouyahia a provoqu\u00e9 un toll\u00e9 g\u00e9n\u00e9ral parmi les d\u00e9fenseurs des Droits de l&rsquo;Homme.<br \/>\nA citer \u00e0 cet \u00e9gard, les d\u00e9clarations faites, le 09 juillet 2017, par Amnesty International et les Associations alg\u00e9riennes de d\u00e9fense des Droits de l&rsquo;Homme, dont la Ligue Alg\u00e9rienne de D\u00e9fense des Droits de l\u2019Homme (LADDH), toutes, indign\u00e9es par de tels propos qui, selon elles, alimentent le racisme et favorisent la discrimination et le rejet de ces personnes subsahariennes.<br \/>\nA noter la r\u00e9action des Alg\u00e9riens, suite \u00e0 l&rsquo;intervention naus\u00e9abonde d&rsquo;Ouyahia, \u00e0 travers les r\u00e9seaux sociaux o\u00f9 a fleuri un hashtag en arabe signifiant \u00ab\u00a0Non aux Africains en Alg\u00e9rie\u00a0\u00bb, prouvant qu&rsquo;ils sont bien racistes.<br \/>\nQuant \u00e0 Ouyahia, il a averti, avant cette lev\u00e9e de bouclier, le 09 juillet 2017, \u00e0 \u00ab\u00a0Ennahar TV\u00a0\u00bb et je le cite : \u00ab\u00a0Quand on me parle de Droits de l\u2019Homme, je dis : nous sommes souverains chez nous\u00a0\u00bb. En clair plus raciste que moi tu meurs.<br \/>\nPour conclure ce papier, il est parfaitement l\u00e9gitime de s&rsquo;interroger sur le silence complice de nombreuses ONG&rsquo;s et associations de d\u00e9fense des Droits de l&rsquo;Homme, promptes \u00e0 r\u00e9agir lorsqu&rsquo;il s&rsquo;agit du Maroc.<br \/>\nDeux d&rsquo;entre elles retiennent l&rsquo;attention \u00e0 savoir :<br \/>\n1\/ le Robert F. Kennedy Center for Human Rights de Kerry Kennedy, cette fumeuse d\u00e9fenseure des Droits de l&rsquo;Homme qui ne se r\u00e9veille que sur instigation des responsables alg\u00e9riens pour s&rsquo;attaquer au Maroc,<br \/>\n2\/ l&rsquo;Association pour la Taxation des Transactions financi\u00e8res et pour l&rsquo;Action Citoyenne (ATTAC), un panier o\u00f9 l&rsquo;on retrouve des syndicalistes, des politiques, des \u00e9cologistes, des socialistes, des communistes, des trotskistes et des sociaux-chr\u00e9tiens, elle s&rsquo;est mise en r\u00e9gime silence pour ne pas froisser son alli\u00e9 alg\u00e9rien.<br \/>\nAu fait, les subsahariens attendent avec impatience la r\u00e9action du Commissaire pour la Paix et la S\u00e9curit\u00e9 de l&rsquo;Union Africaine, l&rsquo;alg\u00e9rien Ismail Chergui, toujours pr\u00eat \u00e0 s&rsquo;attaquer au Maroc.<br \/>\nAu final, on peut affirmer sans risque de se tromper que l&rsquo;Alg\u00e9rie, qui se d\u00e9clare honteusement leader africain, est un pays qui se doit d&rsquo;\u00eatre boycott\u00e9 par ses pairs africains.<br \/>\nFarid Mnebhi.<\/p>\n","protected":false},"excerpt":{"rendered":"<p>Dans un discours enflamm\u00e9, comme savent le faire les tenants du populisme de l&rsquo;extr\u00eame-droite europ\u00e9enne et nord-am\u00e9ricaine, Ouyahia a accus\u00e9,<\/p>\n","protected":false},"author":2,"featured_media":0,"comment_status":"closed","ping_status":"closed","sticky":false,"template":"","format":"standard","meta":{"footnotes":""},"categories":[3,62,5],"tags":[],"class_list":["post-2833","post","type-post","status-publish","format-standard","hentry","category-accueil","category-afrique","category-maghreb-news"],"_links":{"self":[{"href":"https:\/\/anatem.info\/index.php?rest_route=\/wp\/v2\/posts\/2833","targetHints":{"allow":["GET"]}}],"collection":[{"href":"https:\/\/anatem.info\/index.php?rest_route=\/wp\/v2\/posts"}],"about":[{"href":"https:\/\/anatem.info\/index.php?rest_route=\/wp\/v2\/types\/post"}],"author":[{"embeddable":true,"href":"https:\/\/anatem.info\/index.php?rest_route=\/wp\/v2\/users\/2"}],"replies":[{"embeddable":true,"href":"https:\/\/anatem.info\/index.php?rest_route=%2Fwp%2Fv2%2Fcomments&post=2833"}],"version-history":[{"count":2,"href":"https:\/\/anatem.info\/index.php?rest_route=\/wp\/v2\/posts\/2833\/revisions"}],"predecessor-version":[{"id":2835,"href":"https:\/\/anatem.info\/index.php?rest_route=\/wp\/v2\/posts\/2833\/revisions\/2835"}],"wp:attachment":[{"href":"https:\/\/anatem.info\/index.php?rest_route=%2Fwp%2Fv2%2Fmedia&parent=2833"}],"wp:term":[{"taxonomy":"category","embeddable":true,"href":"https:\/\/anatem.info\/index.php?rest_route=%2Fwp%2Fv2%2Fcategories&post=2833"},{"taxonomy":"post_tag","embeddable":true,"href":"https:\/\/anatem.info\/index.php?rest_route=%2Fwp%2Fv2%2Ftags&post=2833"}],"curies":[{"name":"wp","href":"https:\/\/api.w.org\/{rel}","templated":true}]}}