{"id":2836,"date":"2017-07-12T16:00:36","date_gmt":"2017-07-12T16:00:36","guid":{"rendered":"http:\/\/anatem.info\/?p=2836"},"modified":"2017-07-12T16:00:36","modified_gmt":"2017-07-12T16:00:36","slug":"lalgerie-persiste-dans-son-refus-de-toute-presence-de-migrants-noirs-africains-sur-son-territoire","status":"publish","type":"post","link":"https:\/\/anatem.info\/?p=2836","title":{"rendered":"L&rsquo;Alg\u00e9rie persiste dans son refus de toute pr\u00e9sence de migrants noirs africains sur son territoire"},"content":{"rendered":"<div>Un autre poids lourd du gouvernement alg\u00e9rien, en la personne de son Ministre des Affaires Etrang\u00e8res, Abdelkader Messahel, a, lui aussi tenu, le 10 juillet 2017, des propos ind\u00e9cents et insultants sur les migrants subsahariens et leur pr\u00e9tendue dangerosit\u00e9 ainsi que sur la menace qu&rsquo;ils repr\u00e9sentent pour la s\u00e9curit\u00e9 de l&rsquo;Alg\u00e9rie en ne cachant ni son m\u00e9pris ni son racisme.<br \/>\nFace \u00e0 ces propos pour le moins choquants, la presse \u00e9trang\u00e8re est largement revenue sur l\u2019\u00e9v\u00e8nement. C\u2019est le cas de l\u2019AFP, de France 24 ou encore d&rsquo;Echarq Al Awsat et de tant d&rsquo;autres.<br \/>\nPar ailleurs, nul ne peut nier que de tels propos, proches des discours tenus par des partis de l&rsquo;extr\u00eame droite europ\u00e9enne et nord-am\u00e9ricaine, n&rsquo;engagent pas seulement la responsabilit\u00e9 de ces individus ou celle de leur parti politique mais aussi celle de l&rsquo;Etat alg\u00e9rien, unique responsable de la diffusion et de l&rsquo;encouragement du racisme et de toutes les maltraitances et pers\u00e9cutions envers les populations noires pr\u00e9sentes sur le territoire alg\u00e9rien qui en d\u00e9coulent.<br \/>\nAinsi donc, apr\u00e8s Farouk Ksentini, Pr\u00e9sident de la Commission alg\u00e9rienne des Droits de l&rsquo;Homme, qui avait ouvert ce bal le 05 d\u00e9cembre 2016, ont suivi le Directeur de Cabinet du Pr\u00e9sident Alg\u00e9rien, avec rang de Ministre d&rsquo;Etat, et le Ministre des Affaires Etrang\u00e8res. Qui sera le suivant ?<br \/>\nProbablement le nr 2 de l&rsquo;arm\u00e9e alg\u00e9rienne, apr\u00e8s le Chef de l&rsquo;Etat, le g\u00e9n\u00e9ral Gaid Salah, celui-l\u00e0 m\u00eame qui avait d\u00e9clar\u00e9 \u00e0 de multiples reprises que les fronti\u00e8res alg\u00e9riennes \u00e9taient herm\u00e9tiquement ferm\u00e9es.<br \/>\nIl devrait nous fournir une explication sur la pr\u00e9sence de r\u00e9fugi\u00e9s subsahariens sur le territoire alg\u00e9rien, comme d&rsquo;ailleurs celle d&rsquo;organisations terroristes et de groupes s&rsquo;activant dans la criminalit\u00e9 transnationale (drogue, traites humaines, contrebande &#8230;) ?<br \/>\nOnt-ils \u00e9t\u00e9 parachut\u00e9s par un avion furtif ? La d\u00e9claration de Gaid Salah, relay\u00e9e par les politiques et les m\u00e9dias alg\u00e9riens, n&rsquo;est-elle que de la poudre aux yeux destin\u00e9e \u00e0 d\u00e9montrer \u00e0 la communaut\u00e9 internationale la ferme volont\u00e9 de l&rsquo;Alg\u00e9rie \u00e0 lutter sinc\u00e8rement contre le terrorisme, l&rsquo;immigration clandestine et la criminalit\u00e9 internationale ?<br \/>\nAussi , \u00e0 quoi servent les larges et profondes tranch\u00e9es et murs de surveillance \u00e9lectronique r\u00e9alis\u00e9es par l&rsquo;arm\u00e9e alg\u00e9rienne aux fronti\u00e8res Est et Ouest et la mobilisation de plus de 40 000 soldats le long de toutes ses fronti\u00e8res ? A amuser la galerie, \u00e0 aider les groupes terroristes \u00e0 regagner leurs bases arri\u00e8res situ\u00e9es en Alg\u00e9rie apr\u00e8s leurs forfaits au Mali, au Niger, au Tchad, en Tunisie et en Libye et \u00e0 faciliter le passage des groupes li\u00e9s \u00e0 la criminalit\u00e9 internationale ? L&rsquo;observateur est en droit de s&rsquo;interroger ?<br \/>\nLa derni\u00e8re option est la plus r\u00e9aliste ! Elle est plus rentable financi\u00e8rement et elle permet d&rsquo;exercer des pressions sur les pays limitrophes.<br \/>\nDe plus, la politique de l&rsquo;Alg\u00e9rie dans la pr\u00e9vention et la lutte contre l&rsquo;extr\u00e9misme violent et le terrorisme n&rsquo;est pas du tout un mod\u00e8le \u00e0 suivre en raison de son approche non fond\u00e9e sur la r\u00e9alit\u00e9 du terrain, de son inexp\u00e9rience totale et de ses mensonges.<br \/>\nUn d\u00e9cryptage du timing de ces sorties scandaleuses de hautes personnalit\u00e9s alg\u00e9riennes s&rsquo;impose \u00e9galement en raison du silence complaisant de la Pr\u00e9sidence de l&rsquo;Etat alg\u00e9rien.<br \/>\nLe tempo de ces insanit\u00e9s dangereuses et insultantes pour le peuple africain d\u00e9vers\u00e9es par deux poids lourds du gouvernement alg\u00e9rien ne sont en fait qu&rsquo;une vulgaire r\u00e9action des autorit\u00e9s alg\u00e9riennes face \u00e0 ses \u00e9checs diplomatiques \u00e0 r\u00e9p\u00e9tition et une mani\u00e8re stupide et d\u00e9loyale de sanctionner ses partenaires africains.<br \/>\nEn effet, l&rsquo;Alg\u00e9rie n&rsquo;a point \u00e9t\u00e9 invit\u00e9e au Sommet du G5, tenu le 02 juillet 2017 \u00e0 Bamako, auquel ont assist\u00e9 les Chefs d&rsquo;Etat de France, du Niger, de Mauritanie, du Burkina Faso, du Mali et du Tchad.<br \/>\nEn outre, les Ministres de l&rsquo;Int\u00e9rieur d&rsquo;Espagne, du Portugal et du Maroc se sont r\u00e9unis \u00e0 Madrid, le 04 juillet 2017, sans la pr\u00e9sence de l&rsquo;Alg\u00e9rie, pour d\u00e9battre sur le terrorisme, de l&rsquo;immigration et de la situation au Sahel.<br \/>\nDe plus, le changement de ton de l&rsquo;Union Africaine (U.A), constat\u00e9 lors du dernier Sommet des Chefs d&rsquo;Etat et de gouvernement \u00e0 Addis Abeba sur le dossier du Sahara marocain, suivi de la d\u00e9claration de Moussa Faki Mahamat, Pr\u00e9sident de la Commission de l&rsquo;U.A, et l&rsquo;accord de principe donn\u00e9 par les pays membres de la Communaut\u00e9 Economique des Etats d&rsquo;e l&rsquo;Afrique de l&rsquo;Ouest (C.E.D.E.A.O) \u00e0 la demande d&rsquo;adh\u00e9sion du Maroc sont autant de victoires diplomatiques marocaines sur le plan panafricain qui ont irrit\u00e9 les dirigeants alg\u00e9riens.<br \/>\nCeci \u00e9tant dit, ce nouveau langage de charretier, adopt\u00e9 par les plus hauts responsables alg\u00e9riens, est la preuve de leur d\u00e9dain envers les subsahariens et ne pr\u00e9sage rien de bon quant \u00e0 une stabilisation politique et s\u00e9curitaire du Mali et des autres pays subsahariens.<br \/>\nOn peut \u00e9galement avancer, sans risque de trop se tromper, que les clans se positionnent pour une \u00e9ventuelle succession du Pr\u00e9sident alg\u00e9rien et tentent de s&rsquo;attirer les faveurs de ceux qui dirigent le pays en sous main.<br \/>\nAu fait, \u00e0 quand les excuses des autorit\u00e9s alg\u00e9riennes aux subsahariens, en particulier, et aux noirs africains, en g\u00e9n\u00e9ral, avec des d\u00e9dommagements ?<br \/>\nFarid Mnebhi.<\/div>\n","protected":false},"excerpt":{"rendered":"<p>Un autre poids lourd du gouvernement alg\u00e9rien, en la personne de son Ministre des Affaires Etrang\u00e8res, Abdelkader Messahel, a, lui<\/p>\n","protected":false},"author":2,"featured_media":0,"comment_status":"closed","ping_status":"closed","sticky":false,"template":"","format":"standard","meta":{"footnotes":""},"categories":[3,62,5],"tags":[],"class_list":["post-2836","post","type-post","status-publish","format-standard","hentry","category-accueil","category-afrique","category-maghreb-news"],"_links":{"self":[{"href":"https:\/\/anatem.info\/index.php?rest_route=\/wp\/v2\/posts\/2836","targetHints":{"allow":["GET"]}}],"collection":[{"href":"https:\/\/anatem.info\/index.php?rest_route=\/wp\/v2\/posts"}],"about":[{"href":"https:\/\/anatem.info\/index.php?rest_route=\/wp\/v2\/types\/post"}],"author":[{"embeddable":true,"href":"https:\/\/anatem.info\/index.php?rest_route=\/wp\/v2\/users\/2"}],"replies":[{"embeddable":true,"href":"https:\/\/anatem.info\/index.php?rest_route=%2Fwp%2Fv2%2Fcomments&post=2836"}],"version-history":[{"count":1,"href":"https:\/\/anatem.info\/index.php?rest_route=\/wp\/v2\/posts\/2836\/revisions"}],"predecessor-version":[{"id":2837,"href":"https:\/\/anatem.info\/index.php?rest_route=\/wp\/v2\/posts\/2836\/revisions\/2837"}],"wp:attachment":[{"href":"https:\/\/anatem.info\/index.php?rest_route=%2Fwp%2Fv2%2Fmedia&parent=2836"}],"wp:term":[{"taxonomy":"category","embeddable":true,"href":"https:\/\/anatem.info\/index.php?rest_route=%2Fwp%2Fv2%2Fcategories&post=2836"},{"taxonomy":"post_tag","embeddable":true,"href":"https:\/\/anatem.info\/index.php?rest_route=%2Fwp%2Fv2%2Ftags&post=2836"}],"curies":[{"name":"wp","href":"https:\/\/api.w.org\/{rel}","templated":true}]}}