{"id":2838,"date":"2017-07-19T18:42:58","date_gmt":"2017-07-19T18:42:58","guid":{"rendered":"http:\/\/anatem.info\/?p=2838"},"modified":"2017-07-19T19:19:50","modified_gmt":"2017-07-19T19:19:50","slug":"massacre-de-gdeim-izik-la-justice-marocaine-a-rendu-son-verdict-dans-le-proces-des-activistes-polisariens-mis-en-cause","status":"publish","type":"post","link":"https:\/\/anatem.info\/?p=2838","title":{"rendered":"Massacre de Gde\u00efm Izik : la justice a rendu son verdict dans le proc\u00e8s des activistes polisariens mis en cause"},"content":{"rendered":"<div>Une sentence exemplaire a \u00e9t\u00e9 prononc\u00e9e, le 19 juillet 2017, par la Chambre Criminelle, pr\u00e8s la Cour d&rsquo;Appel \u00e0 Sal\u00e9, \u00e0 l&rsquo;encontre de 25 casseurs et meurtriers \u00e0 la solde des terro-polisariens et de son tuteur, l&rsquo;Alg\u00e9rie.<br \/>\nPour m\u00e9moire, les tristes \u00e9v\u00e8nements du 08 novembre 2010 dans le camp de Gde\u00efm Izik, pr\u00e8s de La\u00e2youne, au Sahara marocain, sp\u00e9cialement mont\u00e9 par des activistes pro-polisariens, ont vu une boucherie qui n&rsquo;a d&rsquo;\u00e9gale que celles commises par DAESH faisant 11 morts et pr\u00e8s de 160 bless\u00e9s parmi les forces de s\u00e9curit\u00e9, non arm\u00e9es, et 04 civils bless\u00e9s.<br \/>\nL&rsquo;horreur avait atteint son paroxysme, lorsque ces sinistres individus, arm\u00e9s de sabres et de coutelas, se mirent \u00e0 \u00e9gorger des \u00e9l\u00e9ments des forces de l&rsquo;ordre puis \u00e0 souiller et profaner leur cadavre en urinant dessus.<br \/>\nDes faits qui ne peuvent \u00eatre contest\u00e9s et, aujourd&rsquo;hui, avec ce verdict, justice a \u00e9t\u00e9 rendue aux d\u00e9funts, \u00e0 leur famille et aux bless\u00e9s.<br \/>\nEn effet, la Chambre Criminelle, pr\u00e8s la Cour d&rsquo;Appel \u00e0 Sal\u00e9, a prononc\u00e9 des peines allant de deux ans de prison ferme \u00e0 la perp\u00e9tuit\u00e9 \u00e0 l&rsquo;encontre des 25 accus\u00e9s impliqu\u00e9s dans les \u00e9v\u00e9nements du camp de Gde\u00efm Izik dont ci-apr\u00e8s le d\u00e9tail : huit pr\u00e9venus condamn\u00e9 \u00e0 perp\u00e9tuit\u00e9, trois \u00e0 30 ans de r\u00e9clusion, cinq \u00e0 25 ans, trois \u00e0 20 ans, un \u00e0 6 ans et demi, un \u00e0 4 ans et demi et deux (en libert\u00e9 provisoire) \u00e0 deux ans de prison ferme. Les deux pr\u00e9venus condamn\u00e9s \u00e0 6 ans et demi et 4 ans et demi seront lib\u00e9r\u00e9s, le 19 juillet 2017, pour avoir purg\u00e9 leur peine en d\u00e9tention pr\u00e9ventive.<br \/>\nCe proc\u00e8s, ouvert \u00e0 la presse \u00e9trang\u00e8re et nationale et marqu\u00e9 par la nombreuse pr\u00e9sence d&rsquo;observateurs internationaux, s&rsquo;est conclu par un jugement \u00e0 la hauteur des faits reproch\u00e9s, comme le souhaitaient les avocats\u00a0 de la partie civile et les familles des victimes.<br \/>\nPar ailleurs, tous les avocats observateurs \u00e9trangers, pr\u00e9sents \u00e0 ce proc\u00e8s, d&rsquo;une totale transparence, ont qualifi\u00e9 ce verdict de \u00ab\u00a0juste et \u00e9quitable\u00a0\u00bb, affirmant que \u00ab\u00a0la Cour a reconnu les souffrances des familles des victimes et la gravit\u00e9 des crimes commis \u00e0 Gdeim Izik\u00a0\u00bb.<br \/>\nComme \u00e0 l&rsquo;accoutum\u00e9e, les dirigeants alg\u00e9riens et leurs affid\u00e9s polisariens ont activ\u00e9 le peu d&rsquo;ONG&rsquo;s encore \u00e0 leur solde pour v\u00e9hiculer des mensonges. C&rsquo;est le cas de la directrice de la division Moyen-Orient et Afrique du Nord \u00e0 Human RightsWatch, Sarah Leah Whitson, de l\u2019Action des Chr\u00e9tiens pour l\u2019Abolition de la Torture (ACAT) et de certains eurod\u00e9put\u00e9s. Des ONG&rsquo;s et des eurod\u00e9put\u00e9s qui n&rsquo;ont pip\u00e9 mot sur les conditions de vie horribles des subsahariens et des noirs africains en territoire alg\u00e9rien o\u00f9 une v\u00e9ritable chasse aux noirs a \u00e9t\u00e9 lanc\u00e9e par les plus hautes autorit\u00e9s alg\u00e9riennes, Premier Ministre en t\u00eate.<br \/>\nAu final, ce proc\u00e8s constitue, comme l&rsquo;a tr\u00e8s bien soulign\u00e9 Ma\u00eetre Emanuel Tawil, avocat au barreau de Paris, un \u00ab\u00a0enseignement magistral\u00a0\u00bb, celui d\u2019une \u00ab\u00a0justice v\u00e9ritablement \u00e9quitable\u00a0\u00bb.<br \/>\nTous les droits de la d\u00e9fense ont \u00e9t\u00e9 respect\u00e9s sans interruption, preuve que ce proc\u00e8s, n&rsquo;en d\u00e9plaise aux parties hostiles au Maroc, \u00e0 son int\u00e9grit\u00e9 territoriale et \u00e0 sa souverainet\u00e9 nationale, est \u00ab\u00a0la d\u00e9monstration de la r\u00e9alit\u00e9 d\u2019une proc\u00e9dure qui a \u00e9t\u00e9 pleinement respectueuse de ce que doit \u00eatre un jugement \u00e9quitable\u00a0\u00bb.<br \/>\nFarid Mnebhi.<\/div>\n","protected":false},"excerpt":{"rendered":"<p>Une sentence exemplaire a \u00e9t\u00e9 prononc\u00e9e, le 19 juillet 2017, par la Chambre Criminelle, pr\u00e8s la Cour d&rsquo;Appel \u00e0 Sal\u00e9,<\/p>\n","protected":false},"author":2,"featured_media":2115,"comment_status":"closed","ping_status":"closed","sticky":false,"template":"","format":"standard","meta":{"footnotes":""},"categories":[3,62,8],"tags":[],"class_list":["post-2838","post","type-post","status-publish","format-standard","has-post-thumbnail","hentry","category-accueil","category-afrique","category-provinces-du-sud"],"_links":{"self":[{"href":"https:\/\/anatem.info\/index.php?rest_route=\/wp\/v2\/posts\/2838","targetHints":{"allow":["GET"]}}],"collection":[{"href":"https:\/\/anatem.info\/index.php?rest_route=\/wp\/v2\/posts"}],"about":[{"href":"https:\/\/anatem.info\/index.php?rest_route=\/wp\/v2\/types\/post"}],"author":[{"embeddable":true,"href":"https:\/\/anatem.info\/index.php?rest_route=\/wp\/v2\/users\/2"}],"replies":[{"embeddable":true,"href":"https:\/\/anatem.info\/index.php?rest_route=%2Fwp%2Fv2%2Fcomments&post=2838"}],"version-history":[{"count":2,"href":"https:\/\/anatem.info\/index.php?rest_route=\/wp\/v2\/posts\/2838\/revisions"}],"predecessor-version":[{"id":2840,"href":"https:\/\/anatem.info\/index.php?rest_route=\/wp\/v2\/posts\/2838\/revisions\/2840"}],"wp:featuredmedia":[{"embeddable":true,"href":"https:\/\/anatem.info\/index.php?rest_route=\/wp\/v2\/media\/2115"}],"wp:attachment":[{"href":"https:\/\/anatem.info\/index.php?rest_route=%2Fwp%2Fv2%2Fmedia&parent=2838"}],"wp:term":[{"taxonomy":"category","embeddable":true,"href":"https:\/\/anatem.info\/index.php?rest_route=%2Fwp%2Fv2%2Fcategories&post=2838"},{"taxonomy":"post_tag","embeddable":true,"href":"https:\/\/anatem.info\/index.php?rest_route=%2Fwp%2Fv2%2Ftags&post=2838"}],"curies":[{"name":"wp","href":"https:\/\/api.w.org\/{rel}","templated":true}]}}