{"id":2862,"date":"2017-08-21T12:25:41","date_gmt":"2017-08-21T12:25:41","guid":{"rendered":"http:\/\/anatem.info\/?p=2862"},"modified":"2017-08-21T12:25:41","modified_gmt":"2017-08-21T12:25:41","slug":"le-roi-du-maroc-adresse-un-discours-a-la-nation-a-loccasion-du-64-eme-anniversaire-de-la-revolution-du-roi-et-du-peuple","status":"publish","type":"post","link":"https:\/\/anatem.info\/?p=2862","title":{"rendered":"Le Roi du Maroc adresse un discours \u00e0 la Nation \u00e0 l&rsquo;occasion du 64-\u00e8me anniversaire de la R\u00e9volution du Roi et du Peuple"},"content":{"rendered":"<h3><em>Le souverain marocain a adress\u00e9, le 20 aout 2017, un discours \u00e0 la Nation \u00e0 l\u2019occasion du 64-\u00e8me anniversaire de la R\u00e9volution du Roi et du Peuple. En voici le texte int\u00e9gral :<\/em><\/h3>\n<p>\u00abLouange \u00e0 Dieu, Pri\u00e8re et salut sur le Proph\u00e8te, Sa famille et Ses compagnons,<\/p>\n<h2>Cher peuple,<\/h2>\n<p>La R\u00e9volution du Roi et du Peuple, dont nous comm\u00e9morons aujourd\u2019hui le soixante-quatri\u00e8me anniversaire, est plus qu\u2019une \u00e9pop\u00e9e nationale symbolisant pour l\u2019\u00e9ternit\u00e9 la communion entre un Roi combattant et un peuple engag\u00e9 dans la lutte pour l\u2019ind\u00e9pendance du Maroc et pour le retour au pays de son Souverain l\u00e9gitime.<\/p>\n<p>Il s\u2019agit d\u2019un moment phare dans l\u2019histoire du Maroc, qui vit son aura et ses effets salutaires s\u2019\u00e9tendre bien au-del\u00e0 des fronti\u00e8res nationales pour rayonner jusqu\u2019aux confins de l\u2019Afrique.<\/p>\n<p>Expression d\u2019un \u00e9lan populaire spontan\u00e9, cet \u00e9pisode m\u00e9morable, marqu\u00e9 du sceau du sacrifice et de la fid\u00e9lit\u00e9, fut une source d\u2019inspiration pour les mouvements de lib\u00e9ration au grand Maghreb et en Afrique australe et bor\u00e9ale.<\/p>\n<p>Cette glorieuse \u00e9pop\u00e9e fut \u00e9galement le catalyseur d\u2019une prise de conscience aig\u00fce et d\u2019une foi accrue dans la communaut\u00e9 de destin qui unit le Maroc \u00e0 son continent. Le lien fusionnel prit, d\u2019abord, forme \u00e0 travers le combat commun qui fut men\u00e9 pour retrouver la libert\u00e9 et recouvrer l\u2019ind\u00e9pendance. Il se cristallisa ensuite autour de la construction des Etats africains ind\u00e9pendants, dont la cl\u00e9 de vo\u00fbte fut le respect de la souverainet\u00e9, l\u2019unit\u00e9 nationale et l\u2019int\u00e9grit\u00e9 territoriale des pays du continent.<\/p>\n<p>Aujourd\u2019hui, cette \u0153uvre solidaire se poursuit dans le but de r\u00e9aliser le d\u00e9veloppement commun et le progr\u00e8s partag\u00e9 auxquels aspirent tous les peuples africains.<\/p>\n<p>C\u2019est, donc, sans surprise que le Maroc, impr\u00e9gn\u00e9 de la symbolique et des valeurs inh\u00e9rentes \u00e0 cette glorieuse R\u00e9volution, adopta, d\u00e8s son ind\u00e9pendance, des positions fermes \u00e0 l\u2019avantage de l\u2019Afrique, et prit des initiatives concr\u00e8tes en sa faveur. Cette fibre africaine se manifesta notamment \u00e0 travers :<\/p>\n<ul>\n<li>La participation, en 1960, \u00e0 la premi\u00e8re op\u00e9ration de maintien de la paix au Congo ;<\/li>\n<li>La tenue, la m\u00eame ann\u00e9e, \u00e0 Tanger, de la premi\u00e8re r\u00e9union de la Commission de d\u00e9veloppement de<\/li>\n<li>l\u2019Afrique ; et<\/li>\n<li>La cr\u00e9ation in\u00e9dite, au sein du Gouvernement de 1961, d\u2019un minist\u00e8re pour les affaires africaines ayant pour mission de soutenir les mouvements de lib\u00e9ration.<\/li>\n<\/ul>\n<p>Ces efforts sinc\u00e8res en faveur des peuples africains furent couronn\u00e9s en 1961 par la tenue de la Conf\u00e9rence de Casablanca, qui posa les premiers jalons pour l\u2019av\u00e8nement, en 1963, de l\u2019Organisation de l\u2019Unit\u00e9 Africaine.<\/p>\n<p>Ainsi, l\u2019engagement du Maroc \u00e0 d\u00e9fendre les Causes et les int\u00e9r\u00eats de l\u2019Afrique ne date pas d\u2019aujourd\u2019hui. C\u2019est plut\u00f4t une orientation immuable que Nous avons h\u00e9rit\u00e9e de Nos Anc\u00eatres, et que Nous continuons \u00e0 conforter avec assurance et fiert\u00e9.<\/p>\n<h2>Cher peuple,<\/h2>\n<p>Le choix du Maroc de se tourner vers l\u2019Afrique n\u2019a pas \u00e9t\u00e9 le fruit d\u2019une d\u00e9cision fortuite. Il n\u2019a pas \u00e9t\u00e9 non plus dict\u00e9 par des calculs conjoncturels ou des supputations \u00e9ph\u00e9m\u00e8res. Il est plut\u00f4t le gage de notre fid\u00e9lit\u00e9 \u00e0 cette histoire commune, et l\u2019expression d\u2019une foi sinc\u00e8re dans la communaut\u00e9 de destin qui nous rassemble.<\/p>\n<p>Ce choix est \u00e9galement l\u2019aboutissement d\u2019une m\u00e9ditation profonde et r\u00e9aliste, organis\u00e9e autour d\u2019une vision strat\u00e9gique inclusive \u00e0 long terme, et adoss\u00e9e \u00e0 une approche graduelle fond\u00e9e sur la notion de consensus.<\/p>\n<p>Ax\u00e9e sur une connaissance pointue de la r\u00e9alit\u00e9 africaine, Notre politique continentale est magistralement illustr\u00e9e \u00e0 travers plus de cinquante d\u00e9placements effectu\u00e9s au cours de Notre r\u00e8gne dans plus de vingt-neuf pays, dont quatorze ont \u00e9t\u00e9 visit\u00e9s depuis octobre dernier. Elle s\u2019articule \u00e9galement autour de la promotion des int\u00e9r\u00eats communs par la mise en place de partenariats solidaires gagnant-gagnant.<\/p>\n<p>Cette approche concr\u00e8te trouve sa meilleure illustration dans les m\u00e9gaprojets de d\u00e9veloppement que Nous avons lanc\u00e9s, comme le gazoduc atlantique Nig\u00e9ria-Maroc, la construction de complexes de production d\u2019engrais en Ethiopie et au Nig\u00e9ria, la r\u00e9alisation de projets de d\u00e9veloppement humain destin\u00e9s \u00e0 am\u00e9liorer les conditions de vie des populations africaines, comme les services et les installations sanitaires, les \u00e9tablissements de formation professionnelle, les villages de p\u00eacheurs.<\/p>\n<p>De plus, cette politique a \u00e9t\u00e9 couronn\u00e9e par le renforcement de nos partenariats \u00e9conomiques, le retour du Maroc \u00e0 l\u2019Union Africaine et l\u2019Accord de principe donn\u00e9 pour l\u2019adh\u00e9sion de notre pays au sein de la Communaut\u00e9 Economique des Etats de l\u2019Afrique de l\u2019Ouest.<\/p>\n<p>La r\u00e9int\u00e9gration par le Maroc de l\u2019Institution continentale constitue un tournant diplomatique majeur dans la politique ext\u00e9rieure de notre pays.<\/p>\n<p>C\u2019est un franc succ\u00e8s pour notre orientation africaine, surtout au regard des obstacles que certains ont tent\u00e9 de dresser sur notre chemin. C\u2019est aussi une reconnaissance solennelle de la cr\u00e9dibilit\u00e9 dont le Maroc jouit aupr\u00e8s de nos fr\u00e8res africains, et une preuve \u00e9loquente de la place privil\u00e9gi\u00e9e qu\u2019ils lui r\u00e9servent dans leurs c\u0153urs.<\/p>\n<p>En relation avec cet \u00e9v\u00e9nement historique, Je tiens \u00e0 exprimer de nouveau Mes remerciements et Ma consid\u00e9ration pour l\u2019ensemble des pays du continent qui se sont tenus \u00e0 nos c\u00f4t\u00e9s, et m\u00eame pour ceux qui n\u2019ont pas appuy\u00e9 notre demande. Car Je suis persuad\u00e9 qu\u2019ils changeront de position une fois qu\u2019ils auront mesur\u00e9 la sinc\u00e9rit\u00e9 de nos orientations.<\/p>\n<p>Ce retour, pour important et d\u00e9cisif qu\u2019il est, n\u2019est pas une fin en soi. Car l\u2019Afrique a toujours \u00e9t\u00e9 et demeurera en t\u00eate de nos priorit\u00e9s. Ce qui importe, en d\u00e9finitive, pour nous, c\u2019est de contribuer \u00e0 son essor et de servir le citoyen africain.<\/p>\n<p>Quiconque d\u00e9laisse l\u2019Afrique ou la sous-estime par un d\u00e9sint\u00e9r\u00eat manifeste pour ses Causes, ou encore m\u00e8ne une politique de subornation pour s\u2019assurer des positions favorables, ne doit en vouloir \u00e0 personne d\u2019autre qu\u2019\u00e0 lui-m\u00eame.<\/p>\n<p>En ce qui Nous concerne, l\u2019Afrique repr\u00e9sente l\u2019avenir qui commence aujourd\u2019hui.<\/p>\n<p>Quiconque consid\u00e8re que le retour \u00e0 l\u2019Union Africaine a \u00e9t\u00e9 la seule et unique motivation derri\u00e8re tout ce que nous avons entrepris jusqu\u2019\u00e0 pr\u00e9sent, montre par l\u00e0 qu\u2019il ne Me conna\u00eet pas vraiment.<\/p>\n<p>L\u2019heure est \u00e0 l\u2019action. Et le Maroc est soucieux de poursuivre les efforts qu\u2019il m\u00e8ne \u00e0 l\u2019int\u00e9rieur de son continent, depuis plus de quinze ans.<\/p>\n<p>Il faut souligner ici que le retour du Maroc \u00e0 son Institution continentale n\u2019affectera pas les solides relations bilat\u00e9rales qu\u2019il entretient avec les pays africains. Et, en aucune mani\u00e8re, il n\u2019aura d\u2019incidence n\u00e9gative sur les projets de d\u00e9veloppement d\u2019ores et d\u00e9j\u00e0 mis en place conjointement avec ces pays.<\/p>\n<p>De fait, ce retour est essentiellement le d\u00e9but d\u2019une nouvelle \u00e9tape qui sera marqu\u00e9e par un travail conjoint avec tous les pays africains pour donner corps \u00e0 un v\u00e9ritable partenariat solidaire et \u0153uvrer ensemble \u00e0 l\u2019essor de notre continent et \u00e0 la satisfaction des besoins des citoyens africains.<\/p>\n<p>Nous sommes engag\u00e9s actuellement \u00e0 construire une Afrique s\u00fbre d\u2019elle-m\u00eame, solidaire, unie autour de projets concrets, ouverte sur son environnement.<\/p>\n<p>C\u2019est en souscrivant \u00e0 cette conception int\u00e9gr\u00e9e de l\u2019Afrique que le Royaume a officialis\u00e9 sa volont\u00e9 d\u2019adh\u00e9rer \u00e0 la Communaut\u00e9 Economique des Etats de l\u2019Afrique de l\u2019Ouest.<\/p>\n<p>A cet \u00e9gard, Nous tenons \u00e0 remercier les dirigeants des Etats-membres de cette communaut\u00e9 d\u2019avoir donn\u00e9 leur accord de principe pour l\u2019adh\u00e9sion du Maroc \u00e0 cette entit\u00e9 r\u00e9gionale, en tant que membre \u00e0 part enti\u00e8re.<\/p>\n<p>Etant donn\u00e9 que cette Organisation constitue un prolongement naturel de l\u2019Union Africaine, il ne fait aucun doute que l\u2019adh\u00e9sion du Maroc \u00e0 ces deux ensembles contribuera \u00e0 l\u2019essor \u00e9conomique du continent et \u00e0 son d\u00e9veloppement humain.<\/p>\n<p>C\u2019est une d\u00e9cision politique historique, qui marque une \u00e9tape cl\u00e9 dans le processus d\u2019int\u00e9gration africaine, con\u00e7ue exclusivement comme la synth\u00e8se de toutes les int\u00e9grations r\u00e9gionales. Ceci est d\u2019autant plus vrai que, dans un contexte particulier de politique internationale, les regroupements r\u00e9gionaux sont d\u00e9sormais des acteurs influents.<\/p>\n<p>Se pr\u00e9valant de son statut au sein de cette Communaut\u00e9, le Royaume du Maroc s\u2019attachera \u00e0 asseoir les fondements d\u2019une int\u00e9gration r\u00e9elle pens\u00e9e pour servir l\u2019Afrique et r\u00e9aliser les attentes de ses peuples qui aspirent au d\u00e9veloppement et \u00e0 une vie digne men\u00e9e dans un climat empreint d\u2019unit\u00e9, de s\u00e9curit\u00e9 et de stabilit\u00e9.<\/p>\n<p>Cher peuple,<\/p>\n<p>Nous avons choisi de mener une politique de solidarit\u00e9 \u00e0 l\u2019\u00e9gard du reste des pays africains en mettant en place, avec eux, des partenariats \u00e9quilibr\u00e9s, sur la base du respect mutuel et dans l\u2019int\u00e9r\u00eat bien compris des peuples africains.<\/p>\n<p>En effet, le Maroc n\u2019a jamais cherch\u00e9 \u00e0 faire valoir l\u2019argent comme monnaie de change dans ses rapports avec ses fr\u00e8res africains. Il a plut\u00f4t fait le choix de mettre son savoir-faire et son exp\u00e9rience \u00e0 leur disposition, car Nous sommes persuad\u00e9 que la vraie source de profit pour les peuples n\u2019est pas l\u2019argent pr\u00e9caire, mais l\u2019essence imp\u00e9rissable de la connaissance.<\/p>\n<p>Et ces pays le savent bien. Voil\u00e0 pourquoi ils sollicitent la coop\u00e9ration du Maroc et son soutien pour appuyer leurs efforts dans de nombreux domaines, et non l\u2019inverse.<\/p>\n<p>Ils ont, en effet, conscience de la volont\u00e9 qui Nous anime de construire avec eux des partenariats fructueux, ax\u00e9s sur des investissements et des programmes rigoureusement d\u00e9finis associant les secteurs public et priv\u00e9 dans les pays concern\u00e9s.<\/p>\n<p>Quant \u00e0 ceux qui, bien qu\u2019au fait de la v\u00e9rit\u00e9, s\u2019ing\u00e9nient n\u00e9anmoins \u00e0 colporter nombre de mystifications, notamment que le Maroc d\u00e9bourserait des sommes consid\u00e9rables en Afrique, au lieu de les allouer aux Marocains, il est clair que ce n\u2019est pas l\u2019int\u00e9r\u00eat du pays qui les guide.<\/p>\n<p>En r\u00e9alit\u00e9, l\u2019orientation du Maroc vers l\u2019Afrique ne changera rien \u00e0 nos positions et ne se fera pas au d\u00e9triment des priorit\u00e9s nationales. A l\u2019inverse, elle apportera une plus-value \u00e0 l\u2019\u00e9conomie nationale et contribuera \u00e0 renforcer les relations de notre pays avec sa profondeur africaine.<\/p>\n<p>D\u2019ailleurs, ce choix judicieux s\u2019est r\u00e9percut\u00e9 directement et de fa\u00e7on positive sur la question de notre int\u00e9grit\u00e9 territoriale, comme en t\u00e9moignent les positions des pays \u00e0 ce sujet et les d\u00e9cisions de l\u2019Union Africaine y aff\u00e9rentes.<\/p>\n<p>Cette nouvelle donne a eu pour effet de renforcer la dynamique que ce dossier conna\u00eet au niveau des Nations Unies.<\/p>\n<p>Plac\u00e9e sous le signe de la fermet\u00e9 et de la rigueur, 2016 a \u00e9t\u00e9 aussi l\u2019ann\u00e9e de l\u2019acte joint \u00e0 la parole au vu de la mani\u00e8re dont ont \u00e9t\u00e9 contr\u00e9es les man\u0153uvres engag\u00e9es pour porter atteinte \u00e0 nos droits.<\/p>\n<p>Pour 2017, c\u2019est l\u2019ann\u00e9e de la clart\u00e9 par excellence et du retour aux principes et aux termes r\u00e9f\u00e9rentiels retenus pour le r\u00e8glement de ce conflit artificiel suscit\u00e9 autour de la marocanit\u00e9 du Sahara.<\/p>\n<p>Cette approche ferme et claire a permis de remettre le processus de r\u00e8glement onusien sur la bonne voie et de barrer la route aux men\u00e9es qui cherchent \u00e0 le d\u00e9vier vers un horizon inconnu.<\/p>\n<p>Cette orientation a \u00e9t\u00e9 r\u00e9affirm\u00e9e en avril dernier dans le rapport du Secr\u00e9taire g\u00e9n\u00e9ral des Nations Unies et \u00e0 travers les r\u00e9solutions du Conseil de s\u00e9curit\u00e9. Outre le respect des r\u00e9f\u00e9rences encadrant le processus de r\u00e8glement engag\u00e9 et l\u2019appr\u00e9ciation positive de l\u2019Initiative d\u2019autonomie marocaine per\u00e7ue comme un cadre de n\u00e9gociation valable, l\u2019accent a \u00e9t\u00e9 mis sur l\u2019\u00e9tablissement des responsabilit\u00e9s juridiques et politiques qui incombent \u00e0 la partie v\u00e9ritablement impliqu\u00e9e dans ce conflit r\u00e9gional.<\/p>\n<p>Men\u00e9e \u00e0 la fois avec s\u00e9r\u00e9nit\u00e9 et fermet\u00e9, la gestion proactive de la crise d\u2019El-Guergarate a permis, par ailleurs, de faire \u00e9chec aux tentatives destin\u00e9es \u00e0 alt\u00e9rer la situation qui pr\u00e9vaut dans notre Sahara, et de d\u00e9mystifier la chim\u00e8re entretenue par les ennemis du Maroc autour de suppos\u00e9s \u00ab territoires lib\u00e9r\u00e9s \u00bb.<\/p>\n<p>Parall\u00e8lement, la proposition marocaine d\u2019autonomie b\u00e9n\u00e9ficie d\u2019un appui international soutenu, illustr\u00e9 par le nombre croissant de pays ayant retir\u00e9 leur reconnaissance \u00e0 cette entit\u00e9 fantomatique, ainsi que par la r\u00e9gularisation du cadre juridique r\u00e9gissant le partenariat \u00e9conomique entre le Maroc et bon nombre de grandes puissances.<\/p>\n<h2>Cher peuple,<\/h2>\n<p>La R\u00e9volution du 20 ao\u00fbt n\u2019a pas \u00e9t\u00e9 uniquement un \u00e9v\u00e9nement saillant dans l\u2019histoire du Maroc. Elle a eu aussi des cons\u00e9quences majeures et des prolongements significatifs dans les sph\u00e8res maghr\u00e9bine et africaine.<\/p>\n<p>Aujourd\u2019hui, nous avons grand besoin de faire n\u00f4tres les valeurs de sacrifice, de fid\u00e9lit\u00e9 et de don de soi permanent pour porter dignement le flambeau de cette R\u00e9volution renouvel\u00e9e sur la sc\u00e8ne nationale et continentale.<\/p>\n<p>C\u2019est arm\u00e9s de ces principes et dot\u00e9s d\u2019un sens pouss\u00e9 du travail collectif que nous serons en mesure de relever les d\u00e9fis complexes qui nous assaillent, de mener \u00e0 bonne fin le processus de d\u00e9veloppement global, et de consolider la s\u00e9curit\u00e9 et la stabilit\u00e9 que les peuples de la r\u00e9gion appellent de leurs v\u0153ux.<\/p>\n<p>A ce propos, Nous tenons \u00e0 saluer le travail s\u00e9rieux et la mobilisation efficace de la diplomatie marocaine qui \u0153uvre \u00e0 d\u00e9fendre les int\u00e9r\u00eats sup\u00e9rieurs du Maroc, \u00e0 conforter la cr\u00e9dibilit\u00e9 dont il jouit \u00e0 l\u2019international et \u00e0 \u00e9tendre son rayonnement \u00e0 l\u2019\u00e9chelle r\u00e9gionale, continentale et internationale.<\/p>\n<h2>Cher peuple,<\/h2>\n<p>C\u2019est avec une vive \u00e9motion et un profond recueillement que Je me rem\u00e9more, en cette occasion, le souvenir de Ma Famille pendant son exil \u00e0 Madagascar, o\u00f9 Je me suis rendu en visite l\u2019ann\u00e9e derni\u00e8re.<\/p>\n<p>Au cours de ce s\u00e9jour, J\u2019ai pu mesurer toute l\u2019affection et la consid\u00e9ration sinc\u00e8res que le peuple malgache porte \u00e0 la Famille Alaouite. J\u2019ai renou\u00e9 avec des souvenirs \u00e9mouvants et pris la juste mesure des rapports humains cordiaux tiss\u00e9s \u00e0 l\u2019\u00e9poque entre la population malgache et les membres de la Famille Royale, en d\u00e9pit des conditions p\u00e9nibles de l\u2019exil et de la contrainte pesante d\u2019\u00eatre \u00e0 mille lieues de la M\u00e8re Patrie.<\/p>\n<p>Nous avons \u00e9galement une pens\u00e9e \u00e9mue et d\u00e9f\u00e9rente pour les vaillants martyrs de la Patrie, avec en premi\u00e8re ligne, Notre V\u00e9n\u00e9r\u00e9 Grand-P\u00e8re, Sa Majest\u00e9 le Roi Mohammed V, et Notre Auguste P\u00e8re, Sa Majest\u00e9 le Roi Hassan II, que Dieu ait leur \u00e2me.<\/p>\n<p>&nbsp;<\/p>\n<p>Wassalamou alaikoum warahmatoullahi wabarakatouh\u00bb.<\/p>\n","protected":false},"excerpt":{"rendered":"<p>Le souverain marocain a adress\u00e9, le 20 aout 2017, un discours \u00e0 la Nation \u00e0 l\u2019occasion du 64-\u00e8me anniversaire de<\/p>\n","protected":false},"author":2,"featured_media":2825,"comment_status":"closed","ping_status":"closed","sticky":false,"template":"","format":"standard","meta":{"footnotes":""},"categories":[3,62,4,5,7,8],"tags":[],"class_list":["post-2862","post","type-post","status-publish","format-standard","has-post-thumbnail","hentry","category-accueil","category-afrique","category-competences-mre","category-maghreb-news","category-presse-marocaine","category-provinces-du-sud"],"_links":{"self":[{"href":"https:\/\/anatem.info\/index.php?rest_route=\/wp\/v2\/posts\/2862","targetHints":{"allow":["GET"]}}],"collection":[{"href":"https:\/\/anatem.info\/index.php?rest_route=\/wp\/v2\/posts"}],"about":[{"href":"https:\/\/anatem.info\/index.php?rest_route=\/wp\/v2\/types\/post"}],"author":[{"embeddable":true,"href":"https:\/\/anatem.info\/index.php?rest_route=\/wp\/v2\/users\/2"}],"replies":[{"embeddable":true,"href":"https:\/\/anatem.info\/index.php?rest_route=%2Fwp%2Fv2%2Fcomments&post=2862"}],"version-history":[{"count":1,"href":"https:\/\/anatem.info\/index.php?rest_route=\/wp\/v2\/posts\/2862\/revisions"}],"predecessor-version":[{"id":2863,"href":"https:\/\/anatem.info\/index.php?rest_route=\/wp\/v2\/posts\/2862\/revisions\/2863"}],"wp:featuredmedia":[{"embeddable":true,"href":"https:\/\/anatem.info\/index.php?rest_route=\/wp\/v2\/media\/2825"}],"wp:attachment":[{"href":"https:\/\/anatem.info\/index.php?rest_route=%2Fwp%2Fv2%2Fmedia&parent=2862"}],"wp:term":[{"taxonomy":"category","embeddable":true,"href":"https:\/\/anatem.info\/index.php?rest_route=%2Fwp%2Fv2%2Fcategories&post=2862"},{"taxonomy":"post_tag","embeddable":true,"href":"https:\/\/anatem.info\/index.php?rest_route=%2Fwp%2Fv2%2Ftags&post=2862"}],"curies":[{"name":"wp","href":"https:\/\/api.w.org\/{rel}","templated":true}]}}