{"id":2864,"date":"2017-08-21T12:34:03","date_gmt":"2017-08-21T12:34:03","guid":{"rendered":"http:\/\/anatem.info\/?p=2864"},"modified":"2017-08-21T12:34:03","modified_gmt":"2017-08-21T12:34:03","slug":"discours-du-20-aout-du-roi-mohammed-vi-une-adresse-a-la-nation-a-teneur-hautement-africaniste","status":"publish","type":"post","link":"https:\/\/anatem.info\/?p=2864","title":{"rendered":"Discours du 20 Ao\u00fbt du Roi Mohammed VI : une Adresse \u00e0 la Nation \u00e0 teneur hautement africaniste"},"content":{"rendered":"<p>Il est impensable d&rsquo;omettre que, dans la vie des Nations, la c\u00e9l\u00e9bration d\u2019un rite fondateur est souvent encens\u00e9e de liturgies hom\u00e9riques et d\u2019hommages poignants aux anc\u00eatres. Au Maroc, la comm\u00e9moration de la R\u00e9volution du Roi et du Peuple le 20 ao\u00fbt 1953 est devenue, en plus, synonyme d\u2019un sursaut renouvel\u00e9 porteur de sens et d\u2019avanc\u00e9es.<br \/>\nLe courage du d\u00e9funt Lib\u00e9rateur du Maroc, Feu Sa Majest\u00e9 le Roi Mohammed V, en totale harmonie avec celui du Peuple marocain, a permis de d\u00e9livrer le pays du joug de la tutelle et du protectorat, augurant de l\u2019av\u00e8nement de l\u2019\u00e8re de l\u2019ind\u00e9pendance.<br \/>\nDe plus, pour le Maroc, cette journ\u00e9e du 20 ao\u00fbt 1953 repr\u00e9sente la parfaite symbiose entre le Roi et le Peuple et immortalise le sacrifice exemplaire consenti par Feu Sa Majest\u00e9 le Roi Mohammed V pr\u00e9f\u00e9rant l\u2019exil \u00e0 la capitulation et \u00e0 la soumission aux ordres des autorit\u00e9s du protectorat qu\u2019\u00e9tait la France. Une journ\u00e9e qui a marqu\u00e9 la lutte sans faille de Feu Sa Majest\u00e9 le Roi Mohammed V sur de nombreux fronts et qui a accept\u00e9 de faire siennes des positions h\u00e9ro\u00efques en faisant face aux plus grands d\u00e9fis de cette p\u00e9riode.<br \/>\nAujourd&rsquo;hui, simple clin d\u2019\u0153il de l\u2019Histoire ou hasard du calendrier, la c\u00e9l\u00e9bration de cette glorieuse \u00e9pop\u00e9e, v\u00e9ritable caisse de r\u00e9sonnance des grands sacrifices de g\u00e9n\u00e9rations de Marocains pour le recouvrement de l\u2019Ind\u00e9pendance, intervient \u00e0 la veille d\u2019un autre anniversaire, et pas des moindres, pour l\u2019avenir du Maroc, la F\u00eate de la Jeunesse qui, elle, co\u00efncide cette ann\u00e9e, avec le 54\u00e8me Anniversaire du Roi Mohammed VI.<br \/>\nAussi, en comm\u00e9moration de cette glorieuse date anniversaire, le Roi Mohammed VI a prononc\u00e9 un important discours consacr\u00e9 \u00e0 l&rsquo;Afrique, dont ci-apr\u00e8s les grandes lignes.<br \/>\nD&rsquo;entr\u00e9e, le Souverain marocain s&rsquo;est f\u00e9licit\u00e9 de la politique men\u00e9e par son pays en Afrique, bas\u00e9e sur des partenariats \u00a0\u00bb gagnant-gagnant \u00ab\u00a0, se posant en d\u00e9fenseur des int\u00e9r\u00eats du continent.<br \/>\nLe Roi du Maroc a insist\u00e9 sur le fait que \u00a0\u00bb le choix du Maroc de se tourner vers l&rsquo;Afrique n&rsquo;a pas \u00e9t\u00e9 le fruit d&rsquo;une d\u00e9cision fortuite \u00a0\u00bb , mais \u00a0\u00bb l&rsquo;aboutissement d&rsquo;une m\u00e9ditation profonde et r\u00e9aliste \u00ab\u00a0. Ainsi, le Maroc, apr\u00e8s un retour r\u00e9ussi au sein de sa famille africaine, l&rsquo;Union Africaine (U.A) d\u00e9but 2017, s&rsquo;\u00e9tait port\u00e9 candidat pour devenir membre de la Communaut\u00e9 Economique des Etats de l&rsquo;Afrique de l&rsquo;Ouest (CEDEAO), d\u00e9veloppant en cons\u00e9quence une intense activit\u00e9 diplomatique en Afrique de l&rsquo;Ouest pour y parvenir.<br \/>\nPoursuivant son discours, le Souverain marocain a affirm\u00e9 que la politique africaine du Maroc \u00a0\u00bb s&rsquo;articule autour de la promotion des int\u00e9r\u00eats communs par la mise en place de partenariats solidaires gagnant-gagnant \u00ab\u00a0, se f\u00e9licitant du lancement de \u00a0\u00bb m\u00e9gaprojets de d\u00e9veloppement \u00a0\u00bb destin\u00e9s \u00e0 \u00a0\u00bb am\u00e9liorer les conditions de vie des populations africaines \u00ab\u00a0, parmi lesquels le gazoduc qui devrait relier le Maroc et le Nigeria par la fa\u00e7ade atlantique de l&rsquo;Afrique de l&rsquo;ouest, dont le lancement a \u00e9t\u00e9 annonc\u00e9 fin 2016.<br \/>\nLe Roi Mohammed VI a, par la suite, assur\u00e9 qu&rsquo;il reste \u00a0\u00bb engag\u00e9 actuellement \u00e0 construire une Afrique s\u00fbre d&rsquo;elle-m\u00eame, solidaire, unie autour de projets concrets, ouverte sur son environnement \u00ab\u00a0.<br \/>\nPa ailleurs, le Roi du Maroc a r\u00e9it\u00e9r\u00e9 que le choix africain est judicieux, et il \u00a0\u00bb s\u2019est r\u00e9percut\u00e9 directement et de fa\u00e7on positive sur la question de notre int\u00e9grit\u00e9 territoriale \u00ab\u00a0, relevant que la proposition marocaine d\u2019autonomie b\u00e9n\u00e9ficie d\u2019un appui international soutenu, illustr\u00e9 par le nombre croissant de pays ayant retir\u00e9 leur reconnaissance \u00e0 cette entit\u00e9 fantomatique, ainsi que par la r\u00e9gularisation du cadre juridique r\u00e9gissant le partenariat \u00e9conomique entre le Maroc et bon nombre de grandes puissances.<br \/>\n\u00a0\u00bb Cette approche ferme et claire a permis de remettre le processus de r\u00e8glement onusien sur la bonne voie et de barrer la route aux men\u00e9es qui cherchent \u00e0 le d\u00e9vier vers un horizon inconnu \u00ab\u00a0, a dit le Roi, notant que cette orientation a \u00e9t\u00e9 r\u00e9affirm\u00e9e en avril dernier dans le rapport du Secr\u00e9taire G\u00e9n\u00e9ral des Nations Unies et \u00e0 travers les r\u00e9solutions du Conseil de S\u00e9curit\u00e9.<br \/>\n\u00a0\u00bb Outre le respect des r\u00e9f\u00e9rences encadrant le processus de r\u00e8glement engag\u00e9 et l\u2019appr\u00e9ciation positive de l\u2019Initiative d\u2019autonomie marocaine per\u00e7ue comme un cadre de n\u00e9gociation valable, l\u2019accent a \u00e9t\u00e9 mis sur l\u2019\u00e9tablissement des responsabilit\u00e9s juridiques et politiques qui incombent \u00e0 la partie v\u00e9ritablement impliqu\u00e9e dans ce conflit r\u00e9gional \u00ab\u00a0, a rappel\u00e9 le Souverain.<br \/>\nLe Roi a, dans ce sens, relev\u00e9 que la gestion proactive de la crise d\u2019El-Guergarate, men\u00e9e \u00e0 la fois avec s\u00e9r\u00e9nit\u00e9 et fermet\u00e9, a permis de faire \u00e9chec aux tentatives destin\u00e9es \u00e0 alt\u00e9rer la situation qui pr\u00e9vaut dans notre Sahara, et de d\u00e9mystifier la chim\u00e8re entretenue par les ennemis du Maroc autour de suppos\u00e9s \u00a0\u00bb territoires lib\u00e9r\u00e9s \u00ab\u00a0.<br \/>\nForce est de constater que le Roi Mohammed VI n&rsquo;a pas \u00e9voqu\u00e9 dans son discours les questions internes, notamment le mouvement de contestation qui agite la r\u00e9gion du Rif (Nord du Maroc), comme il l&rsquo;avait fait fin juillet lors de la F\u00eate du Tr\u00f4ne car, tout simplement, il\u00a0 a estim\u00e9 qu\u2019il n\u2019y a pas eu suffisamment de r\u00e9pondant de l\u2019autre c\u00f4t\u00e9 et que toutes les revendications socio-\u00e9conomiques sont en train d\u2019\u00eatre satisfaites. Le message est que les d\u00e9tenus et les leaders du hirak doivent effectuer \u00e0 leur tour des pas dans la voie de l\u2019apaisement et que c&rsquo;est au gouvernement de g\u00e9rer la situation.<br \/>\nEn conclusion, et comme \u00e0 l&rsquo;accoutum\u00e9e, le Roi du Maroc a salu\u00e9 la m\u00e9moire immacul\u00e9e des martyrs pour leurs valeurs d\u2019h\u00e9ro\u00efsme, d\u2019altruisme, de sacrifice et de loyaut\u00e9, avec en premi\u00e8re ligne Feu Sa Majest\u00e9 le Roi Mohammed V et Feu Sa Majest\u00e9 le Roi Hassan II, ayant pr\u00e9sid\u00e9 au recouvrement par le Maroc de sa libert\u00e9, de son unit\u00e9 et de sa souverainet\u00e9.<br \/>\nC\u2019est ainsi un discours r\u00e9solument \u00ab\u00a0africaniste\u00a0\u00bb que le Souverain du Maroc a tenu\u00a0 \u00e0 l\u2019occasion du 64\u00e8me anniversaire de la R\u00e9volution du Roi et du Peuple.<br \/>\nFarid Mnebhi.<\/p>\n","protected":false},"excerpt":{"rendered":"<p>Il est impensable d&rsquo;omettre que, dans la vie des Nations, la c\u00e9l\u00e9bration d\u2019un rite fondateur est souvent encens\u00e9e de liturgies<\/p>\n","protected":false},"author":2,"featured_media":2865,"comment_status":"closed","ping_status":"closed","sticky":false,"template":"","format":"standard","meta":{"footnotes":""},"categories":[3,62,4,5,7,8],"tags":[],"class_list":["post-2864","post","type-post","status-publish","format-standard","has-post-thumbnail","hentry","category-accueil","category-afrique","category-competences-mre","category-maghreb-news","category-presse-marocaine","category-provinces-du-sud"],"_links":{"self":[{"href":"https:\/\/anatem.info\/index.php?rest_route=\/wp\/v2\/posts\/2864","targetHints":{"allow":["GET"]}}],"collection":[{"href":"https:\/\/anatem.info\/index.php?rest_route=\/wp\/v2\/posts"}],"about":[{"href":"https:\/\/anatem.info\/index.php?rest_route=\/wp\/v2\/types\/post"}],"author":[{"embeddable":true,"href":"https:\/\/anatem.info\/index.php?rest_route=\/wp\/v2\/users\/2"}],"replies":[{"embeddable":true,"href":"https:\/\/anatem.info\/index.php?rest_route=%2Fwp%2Fv2%2Fcomments&post=2864"}],"version-history":[{"count":1,"href":"https:\/\/anatem.info\/index.php?rest_route=\/wp\/v2\/posts\/2864\/revisions"}],"predecessor-version":[{"id":2866,"href":"https:\/\/anatem.info\/index.php?rest_route=\/wp\/v2\/posts\/2864\/revisions\/2866"}],"wp:featuredmedia":[{"embeddable":true,"href":"https:\/\/anatem.info\/index.php?rest_route=\/wp\/v2\/media\/2865"}],"wp:attachment":[{"href":"https:\/\/anatem.info\/index.php?rest_route=%2Fwp%2Fv2%2Fmedia&parent=2864"}],"wp:term":[{"taxonomy":"category","embeddable":true,"href":"https:\/\/anatem.info\/index.php?rest_route=%2Fwp%2Fv2%2Fcategories&post=2864"},{"taxonomy":"post_tag","embeddable":true,"href":"https:\/\/anatem.info\/index.php?rest_route=%2Fwp%2Fv2%2Ftags&post=2864"}],"curies":[{"name":"wp","href":"https:\/\/api.w.org\/{rel}","templated":true}]}}