{"id":2867,"date":"2017-08-26T23:52:41","date_gmt":"2017-08-26T23:52:41","guid":{"rendered":"http:\/\/anatem.info\/?p=2867"},"modified":"2017-08-26T23:52:41","modified_gmt":"2017-08-26T23:52:41","slug":"le-mozambique-bafoue-les-regles-du-sommet-afrique-japon-en-tentant-dy-inviter-les-terro-polisariens","status":"publish","type":"post","link":"https:\/\/anatem.info\/?p=2867","title":{"rendered":"Le Mozambique bafoue les r\u00e8gles du Sommet Afrique-Japon en tentant d&rsquo;y inviter les terro-polisariens"},"content":{"rendered":"<p>Maputo, capitale du Mozambique, a \u00e9t\u00e9 le th\u00e9\u00e2tre d&rsquo;une violente passe d&rsquo;armes opposant les d\u00e9l\u00e9gations marocaine et japonaise \u00e0 celle du polisario soutenue par les responsables mozambicains.<br \/>\nEn effet, le 24 ao\u00fbt 2017, Maputo devait organiser une r\u00e9union de suivi de la Conf\u00e9rence Internationale de Tokyo sur le D\u00e9veloppement de l&rsquo;Afrique (TICAD), \u00e0 laquelle les pays invit\u00e9s, en plus du pays h\u00f4te (Mozambique) \u00e9tait au nombre de 53 Etats africains.<br \/>\nComme \u00e0 son habitude, les polisariens, conduits par le d\u00e9nomm\u00e9 Mohamed Ould Salek, cherchait \u00e0 forcer le passage vers la salle de conf\u00e9rence.<br \/>\nC&rsquo;\u00e9tait sans compter sur la grande vigilance de la d\u00e9l\u00e9gation marocaine qui a protest\u00e9 contre la pr\u00e9sence d&rsquo;un pseudo Etat, non reconnu par les organisations internationales, l&rsquo;Organisation des Nations Unies (ONU) ou l&rsquo;Union Europ\u00e9enne (UE) et encore moins par le Japon, co-parrain avec l&rsquo;ONU d&rsquo;un plan sans pareil de d\u00e9veloppement pour l&rsquo;Afrique.<br \/>\nAinsi, apr\u00e8s plusieurs heures de d\u00e9bats, les autorit\u00e9s de Maputo, soutien historique de l\u2019Alg\u00e9rie et du polisario, ont-elles d\u00e9cid\u00e9 d\u2019agir de mani\u00e8re unilat\u00e9rale, ordonnant \u00e0 leurs forces de s\u00e9curit\u00e9, y compris des \u00e9l\u00e9ments en tenue militaire, d\u2019agresser des membres des d\u00e9l\u00e9gations japonaise et marocaine, en violation totale avec les r\u00e8gles et les proc\u00e9dures r\u00e9gissant les conf\u00e9rences et les r\u00e9unions multilat\u00e9rales.<br \/>\nMieux encore, le Ministre mozambicain des Affaires Etrang\u00e8res, alli\u00e9 inconditionnel des adversaires du Maroc, a introduit les mercenaires dans sa d\u00e9l\u00e9gation, par une porte d\u00e9rob\u00e9e et leur a offert des si\u00e8ges r\u00e9serv\u00e9s au Mozambique, les terro-polisariens s\u2019\u00e9tant ainsi dilu\u00e9s dans la d\u00e9l\u00e9gation du pays h\u00f4te.<br \/>\nLe Ministre marocain des Affaires Etrang\u00e8res et de la Coop\u00e9ration Internationale, Monsieur Nasser Bourita, a eu, le 25 ao\u00fbt 2017, un entretien avec son homologue japonais, Monsieur Kono Taro, au cours duquel le responsable japonais a vivement condamn\u00e9 ces incidents et fait part de son grand \u00e9tonnement concernant le fait que les autorit\u00e9s du Mozambique aient contourn\u00e9 les proc\u00e9dures d\u2019acc\u00e8s pour faire introduire les membres non invit\u00e9s du \u00ab\u00a0polisario\u00a0\u00bb par une porte d\u00e9rob\u00e9e, tout en refusant l&rsquo;acc\u00e8s \u00e0 des d\u00e9l\u00e9gations disposant de badges et d\u00fbment accr\u00e9dit\u00e9es ; m\u00eame des membres de l&rsquo;ambassade du Japon ont \u00e9t\u00e9 brutalis\u00e9s.<br \/>\nC&rsquo;est pourquoi, le responsable japonais a indiqu\u00e9 que ce scandale organis\u00e9 par Maputo pose un grave probl\u00e8me de s\u00e9curit\u00e9 et que le Japon oeuvrera pour mettre un terme d\u00e9finitif \u00e0 ce probl\u00e8me organisationnel.<br \/>\nAinsi, malgr\u00e9 la tentative du Mozambique de faire participer au TICAD les terro-polisariens a pu \u00eatre d\u00e9jou\u00e9e gr\u00e2ce \u00e0 la vigilance de la d\u00e9l\u00e9gation marocaine, et la photographie de famille officielle est largement parlante. La photographie officielle du TICAD n&rsquo;immortalise, en effet, que les d\u00e9l\u00e9gations officielles invit\u00e9es par le Japon \u00e0 participer \u00e0 cette r\u00e9union : une nouvelle victoire diplomatique du Maroc.<br \/>\nFarid Mnebhi.<\/p>\n","protected":false},"excerpt":{"rendered":"<p>Maputo, capitale du Mozambique, a \u00e9t\u00e9 le th\u00e9\u00e2tre d&rsquo;une violente passe d&rsquo;armes opposant les d\u00e9l\u00e9gations marocaine et japonaise \u00e0 celle<\/p>\n","protected":false},"author":2,"featured_media":0,"comment_status":"closed","ping_status":"closed","sticky":false,"template":"","format":"standard","meta":{"footnotes":""},"categories":[3,62,8],"tags":[],"class_list":["post-2867","post","type-post","status-publish","format-standard","hentry","category-accueil","category-afrique","category-provinces-du-sud"],"_links":{"self":[{"href":"https:\/\/anatem.info\/index.php?rest_route=\/wp\/v2\/posts\/2867","targetHints":{"allow":["GET"]}}],"collection":[{"href":"https:\/\/anatem.info\/index.php?rest_route=\/wp\/v2\/posts"}],"about":[{"href":"https:\/\/anatem.info\/index.php?rest_route=\/wp\/v2\/types\/post"}],"author":[{"embeddable":true,"href":"https:\/\/anatem.info\/index.php?rest_route=\/wp\/v2\/users\/2"}],"replies":[{"embeddable":true,"href":"https:\/\/anatem.info\/index.php?rest_route=%2Fwp%2Fv2%2Fcomments&post=2867"}],"version-history":[{"count":1,"href":"https:\/\/anatem.info\/index.php?rest_route=\/wp\/v2\/posts\/2867\/revisions"}],"predecessor-version":[{"id":2868,"href":"https:\/\/anatem.info\/index.php?rest_route=\/wp\/v2\/posts\/2867\/revisions\/2868"}],"wp:attachment":[{"href":"https:\/\/anatem.info\/index.php?rest_route=%2Fwp%2Fv2%2Fmedia&parent=2867"}],"wp:term":[{"taxonomy":"category","embeddable":true,"href":"https:\/\/anatem.info\/index.php?rest_route=%2Fwp%2Fv2%2Fcategories&post=2867"},{"taxonomy":"post_tag","embeddable":true,"href":"https:\/\/anatem.info\/index.php?rest_route=%2Fwp%2Fv2%2Ftags&post=2867"}],"curies":[{"name":"wp","href":"https:\/\/api.w.org\/{rel}","templated":true}]}}