{"id":2882,"date":"2017-10-02T09:07:22","date_gmt":"2017-10-02T09:07:22","guid":{"rendered":"http:\/\/anatem.info\/?p=2882"},"modified":"2017-10-02T09:07:22","modified_gmt":"2017-10-02T09:07:22","slug":"comment-lalgerie-accueille-les-migrants-subsahariens","status":"publish","type":"post","link":"https:\/\/anatem.info\/?p=2882","title":{"rendered":"Comment l&rsquo;Alg\u00e9rie \u00ab\u00a0accueille\u00a0\u00bb les migrants subsahariens !"},"content":{"rendered":"<div>Apr\u00e8s le triste \u00e9v\u00e9nement en 1975, jour o\u00f9 les Musulmans c\u00e9l\u00e8brent la F\u00eate du Sacrifice (A\u00efd Al Adha), f\u00eate religieuse la plus importante avec celle de l&rsquo;A\u00efd Al Fitr, sanctionnant la fin du Ramadan, au cours de laquelle 350 000 Marocaines et Marocains ont \u00e9t\u00e9 s\u00e9par\u00e9s par le r\u00e9gime boumedieniste pour \u00eatre renvoy\u00e9s vers le Maroc dans des conditions atroces, le temps est venu pour les milliers de subsahariens de go\u00fbter \u00e0 l'\u00a0\u00bbhospitalit\u00e9\u00a0\u00bb alg\u00e9rienne en mati\u00e8re d&rsquo;accueil.<br \/>\nNul ne peut ignorer aujourd&rsquo;hui que des milliers de migrants subsahariens sont devenus la proie des responsables s\u00e9curitaires alg\u00e9riens qui cueillent Nig\u00e9riens, Maliens, Tchadiens, femmes, enfants et hommes, l\u00e9galement install\u00e9s en Alg\u00e9rie, pour les abandonner dans le d\u00e9sert afin qu&rsquo;ils retournent dans leur pays comme ils sont venus, \u00e0 savoir \u00e0 pieds.<br \/>\nCette cueillette aux subsahariens en Alg\u00e9rie, entam\u00e9e depuis le 1er d\u00e9cembre 2016, soul\u00e8ve l&rsquo;indignation \u00e0 travers le monde, qu&rsquo;il s&rsquo;agisse des Organisations des Droits de l&rsquo;Homme, des m\u00e9dias internationaux ou de toute personne pr\u00e9occup\u00e9e par le sort qu&rsquo;endurent ces subsahariens.<br \/>\nM\u00eame les bus et taxis ont eu pour ferme consigne des autorit\u00e9s alg\u00e9riennes de ne pas transporter de migrants subsahariens, alors qu&rsquo;au m\u00eame moment elles annon\u00e7aient \u00e0 ces malheureux migrants qu&rsquo;ils seraient rel\u00e2ch\u00e9s dans le d\u00e9sert.<br \/>\nPar ailleurs, des centaines de Guin\u00e9ens ont \u00e9t\u00e9 durement tortur\u00e9s avant d&rsquo;\u00eatre abandonn\u00e9s, mi-septembre 2017, dans le d\u00e9sert par des policiers alg\u00e9riens et ce, sans eau pour s&rsquo;abreuver, ni vivres pour s&rsquo;alimenter et se trouvant dans l&rsquo;obligation de marcher des centaines de kilom\u00e8tres pour rallier le Niger, obligeant le Pr\u00e9sident guin\u00e9en, Alpha Cond\u00e9, \u00e0 \u00e9courter sa visite d&rsquo;Etat \u00e0 Moscou pour s&rsquo;occuper personnellement de ce dossier.<br \/>\nCette nouvelle vague d\u2019expulsion a interpell\u00e9 les observateurs, car, selon nombre d&rsquo;entre eux, elle ne garantit pas le respect de la dignit\u00e9 humaine.<br \/>\nQuant aux autorit\u00e9s alg\u00e9riennes, grandes donneuses de le\u00e7ons en mati\u00e8re de Droits de l&rsquo;Homme, elles devraient lire l&rsquo;Histoire et se rappeler que l&rsquo;Alg\u00e9rie est aussi un pays d&rsquo;immigration, et ce n&rsquo;est pas le Conseiller du Pr\u00e9sident Bouteflika et ancien Chef de Gouvernement, Ahmed Ouyahia, tr\u00e8s critiqu\u00e9 apr\u00e8s ses d\u00e9clarations sur les migrants, qui pourrait le contredire. D&rsquo;ailleurs, la Ligue des Droits de l&rsquo;Homme, comme Amnesty International, et des m\u00e9dias, comme des internautes, d\u00e9noncent ses propos choquants et racistes.<br \/>\nA signaler que, depuis un peu plus d&rsquo;une semaine, une intense campagne sur les r\u00e9seaux sociaux cible les migrants subsahariens pr\u00e9sents en Alg\u00e9rie ; des subsahariens transport\u00e9s jusqu&rsquo;au Sud alg\u00e9rien, puis parqu\u00e9s dans des conditions inhumaines dans l&rsquo;intention criminelle de les d\u00e9porter vers les pays limitrophes. Et si l&rsquo;inverse venait \u00e0 se produire ?<br \/>\nHonte aux dirigeants de ce pays de se dire membres de l&rsquo;Union Africaine.<br \/>\nFarid Mnebhi.<\/div>\n","protected":false},"excerpt":{"rendered":"<p>Apr\u00e8s le triste \u00e9v\u00e9nement en 1975, jour o\u00f9 les Musulmans c\u00e9l\u00e8brent la F\u00eate du Sacrifice (A\u00efd Al Adha), f\u00eate religieuse<\/p>\n","protected":false},"author":2,"featured_media":0,"comment_status":"closed","ping_status":"closed","sticky":false,"template":"","format":"standard","meta":{"footnotes":""},"categories":[3,62,5],"tags":[],"class_list":["post-2882","post","type-post","status-publish","format-standard","hentry","category-accueil","category-afrique","category-maghreb-news"],"_links":{"self":[{"href":"https:\/\/anatem.info\/index.php?rest_route=\/wp\/v2\/posts\/2882","targetHints":{"allow":["GET"]}}],"collection":[{"href":"https:\/\/anatem.info\/index.php?rest_route=\/wp\/v2\/posts"}],"about":[{"href":"https:\/\/anatem.info\/index.php?rest_route=\/wp\/v2\/types\/post"}],"author":[{"embeddable":true,"href":"https:\/\/anatem.info\/index.php?rest_route=\/wp\/v2\/users\/2"}],"replies":[{"embeddable":true,"href":"https:\/\/anatem.info\/index.php?rest_route=%2Fwp%2Fv2%2Fcomments&post=2882"}],"version-history":[{"count":1,"href":"https:\/\/anatem.info\/index.php?rest_route=\/wp\/v2\/posts\/2882\/revisions"}],"predecessor-version":[{"id":2883,"href":"https:\/\/anatem.info\/index.php?rest_route=\/wp\/v2\/posts\/2882\/revisions\/2883"}],"wp:attachment":[{"href":"https:\/\/anatem.info\/index.php?rest_route=%2Fwp%2Fv2%2Fmedia&parent=2882"}],"wp:term":[{"taxonomy":"category","embeddable":true,"href":"https:\/\/anatem.info\/index.php?rest_route=%2Fwp%2Fv2%2Fcategories&post=2882"},{"taxonomy":"post_tag","embeddable":true,"href":"https:\/\/anatem.info\/index.php?rest_route=%2Fwp%2Fv2%2Ftags&post=2882"}],"curies":[{"name":"wp","href":"https:\/\/api.w.org\/{rel}","templated":true}]}}