{"id":2904,"date":"2017-10-20T08:20:11","date_gmt":"2017-10-20T08:20:11","guid":{"rendered":"http:\/\/anatem.info\/?p=2904"},"modified":"2017-10-20T08:20:11","modified_gmt":"2017-10-20T08:20:11","slug":"sm-le-roi-recoit-lenvoye-personnel-du-sg-de-lonu-pour-le-sahara-marocain","status":"publish","type":"post","link":"https:\/\/anatem.info\/?p=2904","title":{"rendered":"SM le Roi re\u00e7oit l&rsquo;envoy\u00e9 personnel du SG de l&rsquo;ONU pour le Sahara marocain"},"content":{"rendered":"<p>SM le Roi Mohammed VI, que Dieu L\u2019assiste, a re\u00e7u, mardi au Palais Royal de Rabat, M. Horst Kohler, envoy\u00e9 personnel du Secr\u00e9taire g\u00e9n\u00e9ral des Nations Unies pour le Sahara marocain, qui visite le Maroc dans le cadre d\u2019une tourn\u00e9e r\u00e9gionale, indique un communiqu\u00e9 du Cabinet Royal.<\/p>\n<p>M. Kohler, ancien Pr\u00e9sident de la R\u00e9publique F\u00e9d\u00e9rale d\u2019Allemagne, a \u00e9galement occup\u00e9 le poste de directeur g\u00e9n\u00e9ral du Fonds Mon\u00e9taire International (FMI).<\/p>\n<p>Il est \u00e0 rappeler que M. Kohler a \u00e9t\u00e9 nomm\u00e9, en ao\u00fbt dernier, par le Secr\u00e9taire g\u00e9n\u00e9ral des Nations Unies, M. Antonio Guterres, en tant que son nouvel Envoy\u00e9 personnel pour le Sahara, en remplacement de M. Christopher Ross, pr\u00e9cise le communiqu\u00e9 du Cabinet Royal.<\/p>\n<p>Cette audience s\u2019est d\u00e9roul\u00e9e en pr\u00e9sence de M. Fouad Ali El Himma, Conseiller de SM le Roi, de M. Nasser Bourita, ministre des Affaires \u00e9trang\u00e8res et de la Coop\u00e9ration internationale, ainsi que de M. David Schwake, Conseiller sp\u00e9cial de M. K?hler.<\/p>\n<p>MAP<\/p>\n","protected":false},"excerpt":{"rendered":"<p>SM le Roi Mohammed VI, que Dieu L\u2019assiste, a re\u00e7u, mardi au Palais Royal de Rabat, M. Horst Kohler, envoy\u00e9<\/p>\n","protected":false},"author":2,"featured_media":0,"comment_status":"closed","ping_status":"closed","sticky":false,"template":"","format":"standard","meta":{"footnotes":""},"categories":[3,62,5],"tags":[],"class_list":["post-2904","post","type-post","status-publish","format-standard","hentry","category-accueil","category-afrique","category-maghreb-news"],"_links":{"self":[{"href":"https:\/\/anatem.info\/index.php?rest_route=\/wp\/v2\/posts\/2904","targetHints":{"allow":["GET"]}}],"collection":[{"href":"https:\/\/anatem.info\/index.php?rest_route=\/wp\/v2\/posts"}],"about":[{"href":"https:\/\/anatem.info\/index.php?rest_route=\/wp\/v2\/types\/post"}],"author":[{"embeddable":true,"href":"https:\/\/anatem.info\/index.php?rest_route=\/wp\/v2\/users\/2"}],"replies":[{"embeddable":true,"href":"https:\/\/anatem.info\/index.php?rest_route=%2Fwp%2Fv2%2Fcomments&post=2904"}],"version-history":[{"count":1,"href":"https:\/\/anatem.info\/index.php?rest_route=\/wp\/v2\/posts\/2904\/revisions"}],"predecessor-version":[{"id":2905,"href":"https:\/\/anatem.info\/index.php?rest_route=\/wp\/v2\/posts\/2904\/revisions\/2905"}],"wp:attachment":[{"href":"https:\/\/anatem.info\/index.php?rest_route=%2Fwp%2Fv2%2Fmedia&parent=2904"}],"wp:term":[{"taxonomy":"category","embeddable":true,"href":"https:\/\/anatem.info\/index.php?rest_route=%2Fwp%2Fv2%2Fcategories&post=2904"},{"taxonomy":"post_tag","embeddable":true,"href":"https:\/\/anatem.info\/index.php?rest_route=%2Fwp%2Fv2%2Ftags&post=2904"}],"curies":[{"name":"wp","href":"https:\/\/api.w.org\/{rel}","templated":true}]}}