{"id":2906,"date":"2017-10-22T03:11:34","date_gmt":"2017-10-22T03:11:34","guid":{"rendered":"http:\/\/anatem.info\/?p=2906"},"modified":"2017-10-22T03:11:34","modified_gmt":"2017-10-22T03:11:34","slug":"belle-deculottee-diplomatique-algerienne-prise-a-addis-abeba","status":"publish","type":"post","link":"https:\/\/anatem.info\/?p=2906","title":{"rendered":"Belle d\u00e9culott\u00e9e diplomatique alg\u00e9rienne prise \u00e0 Addis-Abeba"},"content":{"rendered":"<div>La propagande du polisario a perdu \u00e9norm\u00e9ment de son lustre et ses miliciens et ses activistes sont de plus en plus ind\u00e9sirables partout.<\/div>\n<div>Ainsi, l&rsquo;Alg\u00e9rie et l&rsquo;Afrique du Sud se sont-elles ent\u00eat\u00e9es \u00e0 vouloir imposer la pr\u00e9sence du polisario lors du sommet Union Africaine-Union Europ\u00e9enne (U.A-U.E), pr\u00e9vu les 29 et 30 novembre 2017 \u00e0 Abidjan, en C\u00f4te d&rsquo;Ivoire.<\/div>\n<div>C&rsquo;est pourquoi, lors de la r\u00e9union extraordinaire du Conseil Ex\u00e9cutif de l&rsquo;Union Africaine (U.A), tenue mi-octobre 2017 \u00e0 Addis-Abeba (Ethiopie), le ton est mont\u00e9 d&rsquo;un cran entre le Maroc, d&rsquo;une part, et les s\u00e9paratistes polisariens et leurs alli\u00e9s, d&rsquo;autre part, quant \u00e0 une participation ou non des pseudos repr\u00e9sentants de l&rsquo;entit\u00e9 fantoche qu&rsquo;est la pseudo-rasd au sommet U.A-U.E.<\/div>\n<div>En effet, la d\u00e9l\u00e9gation marocaine, conduite par Monsieur Abdelkrim Benatiq, Ministre d\u00e9l\u00e9gu\u00e9 aux Affaires Etrang\u00e8res charg\u00e9 des Marocains R\u00e9sidents \u00e0 l\u2019Etranger et des Affaires de la Migration, a refus\u00e9 la pr\u00e9sence des polisariens \u00e0 ce sommet U.A-U.E car ils ne b\u00e9n\u00e9ficient d&rsquo;aucune souverainet\u00e9.<\/div>\n<div>S&rsquo;en sont suivis des \u00e9changes houleux suite auxquels les diff\u00e9rentes parties ont d\u00e9cid\u00e9 de charger le Pr\u00e9sident de la Commission de l\u2019UA de poursuivre les consultations pour trouver un terrain d\u2019entente dans un d\u00e9lai de 10 jours.<\/div>\n<div>Quant \u00e0 la C\u00f4te d&rsquo;Ivoire, pays organisateur de ce sommet, son Pr\u00e9sident, Monsieur Alassane Ouattara, refuserait \u00e0 inviter en son pays, la pseudo- R\u00e9publique Arabe Sahraouie D\u00e9mocratique pour \u00eatre en conformit\u00e9 avec la position de l&rsquo;ONU qui ne reconna\u00eet ni l&rsquo;autonomie du Sahara Occidental ni la RASD.<\/div>\n<div>Quoi qu&rsquo;il en soit, force est de constater que les responsables alg\u00e9riens tentent par tous les moyens de faire capoter ce sommet U.A-U.E d&rsquo;Abidjan, avec l&rsquo;aide bien entendu des dirigeants-sud africains pour glaner une petite victoire diplomatique que sa presse s&#8217;empressera de grossir.<\/div>\n<div>Mais ce jour n&rsquo;arrivera pas, et une nouvelle d\u00e9faite diplomatique alg\u00e9rienne s&rsquo;annonce en fanfare car l&rsquo;Afrique se doit de soulager la vie des populations encore confront\u00e9es \u00e0 la pr\u00e9carit\u00e9, aux conflits et aux crises sans occulter le terrorisme, l\u2019extr\u00e9misme violent et le drame de l\u2019immigration.<\/div>\n<div>Pauvre Alg\u00e9rie, vous vous \u00eates endormie suite aux app\u00e9tits mafieux de tes dirigeants et de ta jeunesse d\u00e9sesp\u00e9r\u00e9e, en qu\u00eate l\u00e9gitime de travail. B\u00e2tir un pays, cel\u00e0 se fait debout, non avec des p\u00e9trodollars et des mercenaires tels que les terro-polisariens et autres groupes terroristes que les responsables alg\u00e9riens manipulent en sous-main en Afrique et en Europe.<\/div>\n<div>Farid Mnebhi<\/div>\n","protected":false},"excerpt":{"rendered":"<p>La propagande du polisario a perdu \u00e9norm\u00e9ment de son lustre et ses miliciens et ses activistes sont de plus en<\/p>\n","protected":false},"author":2,"featured_media":0,"comment_status":"closed","ping_status":"closed","sticky":false,"template":"","format":"standard","meta":{"footnotes":""},"categories":[3,62,5],"tags":[],"class_list":["post-2906","post","type-post","status-publish","format-standard","hentry","category-accueil","category-afrique","category-maghreb-news"],"_links":{"self":[{"href":"https:\/\/anatem.info\/index.php?rest_route=\/wp\/v2\/posts\/2906","targetHints":{"allow":["GET"]}}],"collection":[{"href":"https:\/\/anatem.info\/index.php?rest_route=\/wp\/v2\/posts"}],"about":[{"href":"https:\/\/anatem.info\/index.php?rest_route=\/wp\/v2\/types\/post"}],"author":[{"embeddable":true,"href":"https:\/\/anatem.info\/index.php?rest_route=\/wp\/v2\/users\/2"}],"replies":[{"embeddable":true,"href":"https:\/\/anatem.info\/index.php?rest_route=%2Fwp%2Fv2%2Fcomments&post=2906"}],"version-history":[{"count":1,"href":"https:\/\/anatem.info\/index.php?rest_route=\/wp\/v2\/posts\/2906\/revisions"}],"predecessor-version":[{"id":2907,"href":"https:\/\/anatem.info\/index.php?rest_route=\/wp\/v2\/posts\/2906\/revisions\/2907"}],"wp:attachment":[{"href":"https:\/\/anatem.info\/index.php?rest_route=%2Fwp%2Fv2%2Fmedia&parent=2906"}],"wp:term":[{"taxonomy":"category","embeddable":true,"href":"https:\/\/anatem.info\/index.php?rest_route=%2Fwp%2Fv2%2Fcategories&post=2906"},{"taxonomy":"post_tag","embeddable":true,"href":"https:\/\/anatem.info\/index.php?rest_route=%2Fwp%2Fv2%2Ftags&post=2906"}],"curies":[{"name":"wp","href":"https:\/\/api.w.org\/{rel}","templated":true}]}}