{"id":2910,"date":"2017-10-22T13:24:32","date_gmt":"2017-10-22T13:24:32","guid":{"rendered":"http:\/\/anatem.info\/?p=2910"},"modified":"2017-10-22T13:24:32","modified_gmt":"2017-10-22T13:24:32","slug":"quand-diplomatie-algerienne-rime-avec-infantilisme-et-calomnie","status":"publish","type":"post","link":"https:\/\/anatem.info\/?p=2910","title":{"rendered":"Quand diplomatie alg\u00e9rienne rime avec infantilisme et calomnie"},"content":{"rendered":"<p>Quoi de mieux que d&rsquo;aboyer des mensonges en accusant le Maroc de recycler l&rsquo;argent du haschich via ses banques dans le continent africain.<br \/>\nC&rsquo;est \u00e0 cet exercice scandaleux que le Ministre alg\u00e9rien des Affaires Etrang\u00e8res, Abdelkader Messahel, a brill\u00e9, le 20 octobre 2017, lors d&rsquo;un d\u00e9bat initi\u00e9 par le Forum des Chefs d&rsquo;Entreprises Alg\u00e9riens (FCE) et ce n&rsquo;est pas tout.<br \/>\nEn effet, enflamm\u00e9 par les applaudissements de la salle, et tr\u00e8s certainement sous l&rsquo;effet de psychotropes, produits par son pays, Messahel a pris davantage de \u00ab\u00a0hauteur\u00a0\u00bb et point\u00e9 son \u00e9lan psych\u00e9dilique en accusant la compagnie a\u00e9rienne marocaine, la Royal Air Maroc, op\u00e9rant en Afrique d&rsquo;\u00eatre un pourvoyeur de stup\u00e9fiants.<br \/>\nAussi, la Royal Air Maroc, au coeur de la strat\u00e9gie diplomatique africaine du Maroc, s&rsquo;est-elle d\u00e9clar\u00e9e, le 21\/10\/2017,\u00a0 \u00ab\u00a0scandalis\u00e9e par les all\u00e9gations calomnieuses\u00a0\u00bb du Chef de la diplomatie alg\u00e9rienne, en raison d&rsquo;\u00eatre une \u00ab\u00a0compagnie internationalement reconnue\u00a0\u00bb, quant aux banques marocaines elles ont aussi r\u00e9agi aux \u00ab\u00a0all\u00e9gations graves et mensong\u00e8res\u00a0\u00bb de Messahel arguant que\u00a0 \u00ab\u00a0secteur bancaire marocain est cit\u00e9 comme r\u00e9f\u00e9rence dans la r\u00e9gion MENA et en Afrique par sa solidit\u00e9, ses performances et son respect des r\u00e8gles prudentielles les plus avanc\u00e9es\u00a0\u00bb.<br \/>\nCes propos insultants, politiquement irresponsables,\u00a0 diplomatiquement tendancieux et ouvertement hostiles de Messahel sont\u00a0 l&rsquo;expression odieuse du niveau de bassesse atteint par certains dirigeants alg\u00e9riens qui ne graignent plus le ridicule.<br \/>\nEn fait, ils sont la d\u00e9monstration que ces apparatchiks fossilis\u00e9s, en rupture de ban et en d\u00e9phasage avec leur \u00e9poque, sont malades du Maroc. Les perc\u00e9es \u00e9conomiques r\u00e9alis\u00e9es par le Maroc sur la sc\u00e8ne africaine font p\u00e2lir de jalousie le r\u00e9gime alg\u00e9rien grabataire, sans r\u00e9el ma\u00eetre \u00e0 bord, en proie \u00e0 une crise financi\u00e8re sans pr\u00e9c\u00e9dent, et menac\u00e9 d&rsquo;explosion sociale.<br \/>\nCette attaque injustifi\u00e9e contre le Maroc d\u00e9montre la d\u00e9route d&rsquo;un r\u00e9gime dont le Maroc est devenu la mauvaise conscience. Il lui renvoie l&rsquo;affligeante image de ses propres \u00e9checs qui sont l\u00e9gion.<br \/>\nAussi, en r\u00e9action aux accusations pu\u00e9riles et n\u00e9anmoins gravissimes du sieur Messahel, le Maroc a d\u00e9cid\u00e9 \u201cle rappel en consultation de l\u2019Ambassadeur marocain en Alg\u00e9rie, sans pr\u00e9judice des actions que les institutions \u00e9conomiques nationales diffam\u00e9es par le Ministre alg\u00e9rien, pourraient prendre\u201d et a convoqu\u00e9 le Charg\u00e9 d&rsquo;Affaires de l&rsquo;Ambassade d&rsquo;Alger \u00e0 Rabat.<br \/>\nDes all\u00e9gations mensong\u00e8res prof\u00e9r\u00e9es par Messahel qui ne peuvent justifier les \u00e9checs ou cacher les v\u00e9ritables probl\u00e8mes \u00e9conomiques, politiques et sociaux et qui touchent de larges franges de la population alg\u00e9rienne, notamment la jeunesse.<br \/>\nCes derni\u00e8res d\u00e9clarations de Messahel constituent un tournant aussi dangereux qu\u2019in\u00e9dit et le choix des angles d\u2019attaque, les mots utilis\u00e9s, le timing choisi sont tr\u00e8s graves.<br \/>\nJ&rsquo;invite les lecteurs \u00e0 visionner la vid\u00e9o sur les propos de Messahel sur le site h24info.ma sous le titre \u00ab\u00a0Vid\u00e9o. Propos surr\u00e9alistes d&rsquo;un Ministre alg\u00e9rien contre le Maroc\u00a0\u00bb.<br \/>\nQuoiqu&rsquo;il en soit, le Maroc est en train de r\u00e9ussir son pari de convaincre la majorit\u00e9 des acteurs de la communaut\u00e9 internationale de la viabilit\u00e9 de la solution qu&rsquo;il propose pour sortir de l\u2019impasse du Sahara et consolider son unit\u00e9 territoriale.<br \/>\nUne situation de nature \u00e0 donner des ulc\u00e8res \u00e0 une diplomatie alg\u00e9rienne dont l\u2019unique fait d\u2019armes est d\u2019avoir d\u00e9pens\u00e9 des milliards pour encourager le s\u00e9paratisme et affaiblir le voisin marocain.<br \/>\nA ce propos, le Maroc, dans sa r\u00e9action, n\u2019a pas manqu\u00e9 de pointer ce point pr\u00e9cis : \u00ab\u00a0Le Royaume du Maroc, en condamnant ces propos affabulatoires, d\u2019un niveau d\u2019irresponsabilit\u00e9 sans pr\u00e9c\u00e9dent dans l\u2019histoire des relations bilat\u00e9rales, rel\u00e8ve qu\u2019ils co\u00efncident avec la tourn\u00e9e r\u00e9gionale de l\u2019Envoy\u00e9 Personnel du Secr\u00e9taire G\u00e9n\u00e9ral de l&rsquo;O.N.U pour le Sahara, ainsi qu\u2019avec les pr\u00e9paratifs du Sommet Union Europ\u00e9enne-Afrique, pr\u00e9vu fin novembre 2017 \u00e0 Abidjan\u00a0\u00bb.<br \/>\nFarid Mnebhi.<\/p>\n","protected":false},"excerpt":{"rendered":"<p>Quoi de mieux que d&rsquo;aboyer des mensonges en accusant le Maroc de recycler l&rsquo;argent du haschich via ses banques dans<\/p>\n","protected":false},"author":2,"featured_media":0,"comment_status":"closed","ping_status":"closed","sticky":false,"template":"","format":"standard","meta":{"footnotes":""},"categories":[3,62,5],"tags":[],"class_list":["post-2910","post","type-post","status-publish","format-standard","hentry","category-accueil","category-afrique","category-maghreb-news"],"_links":{"self":[{"href":"https:\/\/anatem.info\/index.php?rest_route=\/wp\/v2\/posts\/2910","targetHints":{"allow":["GET"]}}],"collection":[{"href":"https:\/\/anatem.info\/index.php?rest_route=\/wp\/v2\/posts"}],"about":[{"href":"https:\/\/anatem.info\/index.php?rest_route=\/wp\/v2\/types\/post"}],"author":[{"embeddable":true,"href":"https:\/\/anatem.info\/index.php?rest_route=\/wp\/v2\/users\/2"}],"replies":[{"embeddable":true,"href":"https:\/\/anatem.info\/index.php?rest_route=%2Fwp%2Fv2%2Fcomments&post=2910"}],"version-history":[{"count":1,"href":"https:\/\/anatem.info\/index.php?rest_route=\/wp\/v2\/posts\/2910\/revisions"}],"predecessor-version":[{"id":2911,"href":"https:\/\/anatem.info\/index.php?rest_route=\/wp\/v2\/posts\/2910\/revisions\/2911"}],"wp:attachment":[{"href":"https:\/\/anatem.info\/index.php?rest_route=%2Fwp%2Fv2%2Fmedia&parent=2910"}],"wp:term":[{"taxonomy":"category","embeddable":true,"href":"https:\/\/anatem.info\/index.php?rest_route=%2Fwp%2Fv2%2Fcategories&post=2910"},{"taxonomy":"post_tag","embeddable":true,"href":"https:\/\/anatem.info\/index.php?rest_route=%2Fwp%2Fv2%2Ftags&post=2910"}],"curies":[{"name":"wp","href":"https:\/\/api.w.org\/{rel}","templated":true}]}}