{"id":3141,"date":"2018-04-16T13:34:53","date_gmt":"2018-04-16T13:34:53","guid":{"rendered":"http:\/\/anatem.info\/?p=3141"},"modified":"2018-04-16T13:34:53","modified_gmt":"2018-04-16T13:34:53","slug":"le-maroc-deplore-la-degradation-de-la-situation-au-moyen-orient-et-notamment-lescalade-militaire-dhier-en-syrie-maeci","status":"publish","type":"post","link":"https:\/\/anatem.info\/?p=3141","title":{"rendered":"Le Maroc d\u00e9plore la d\u00e9gradation de la situation au Moyen Orient, et notamment l&rsquo;escalade militaire d&rsquo;hier en Syrie (MAECI)"},"content":{"rendered":"<p><em>Rabat\u00a0 &#8211; \u00a0Le Royaume du Maroc d\u00e9plore la d\u00e9gradation de la situation au Moyen Orient, et notamment l\u2019escalade militaire d\u2019hier en Syrie, indique un Communiqu\u00e9 du Minist\u00e8re des Affaires \u00e9trang\u00e8res et de la coop\u00e9ration internationale.<\/em><\/p>\n<p>Le Maroc, qui a toujours respect\u00e9 le droit international, ne peut que d\u00e9noncer de la mani\u00e8re la plus claire, le recours aux armes chimiques, notamment contre des populations civils innocentes, souligne le MAECI, ajoutant que \u00ab\u00a0les exp\u00e9riences du pass\u00e9 nous ont enseign\u00e9 que les options militaires, y compris les frappes a\u00e9riennes \u2013 aussi justifi\u00e9es ou proportionnelles soient elles \u2013 ne font que compliquer les solutions politiques, aggraver les souffrances des victimes civiles et exacerber leur sentiment \u00e0 l\u2019\u00e9gard de l\u2019occident\u00a0\u00bb.<\/p>\n<p>Le timing choisi pour cette escalade, \u00e0 la veille d\u2019\u00e9ch\u00e9ances arabes importantes, et l\u2019absence de consultations appropri\u00e9es habituelles, risquent de susciter interrogations, incompr\u00e9hensions et indignation au niveau des opinions publiques, note la m\u00eame source.<\/p>\n<p>De m\u00eame, souligne le minist\u00e8re, la gestion \u00e0 deux vitesse des conflits internationaux, recourant dans certains cas aux options militaires rapides et, dans d\u2019autres cas, \u00e0 un traitement et une l\u00e9galit\u00e9 internationale impos\u00e9s, ne ferait qu\u2019attiser les tensions internationales.<\/p>\n<p>Le Royaume du Maroc consid\u00e8re que la solution \u00e0 la crise syrienne ne peut \u00eatre que politique, et esp\u00e8re que la raison va pr\u00e9valoir pour une sortie de la crise qui permette la pr\u00e9servation de l\u2019unit\u00e9 nationale de ce pays, la dignit\u00e9 de ces populations et la lutte efficace contre l\u2019intol\u00e9rance, l\u2019extr\u00e9misme et le terrorisme, conclut le communique.<\/p>\n<p>&nbsp;<\/p>\n","protected":false},"excerpt":{"rendered":"<p>Rabat\u00a0 &#8211; \u00a0Le Royaume du Maroc d\u00e9plore la d\u00e9gradation de la situation au Moyen Orient, et notamment l\u2019escalade militaire d\u2019hier<\/p>\n","protected":false},"author":2,"featured_media":0,"comment_status":"closed","ping_status":"closed","sticky":false,"template":"","format":"standard","meta":{"footnotes":""},"categories":[3,62,4,5,7,8],"tags":[],"class_list":["post-3141","post","type-post","status-publish","format-standard","hentry","category-accueil","category-afrique","category-competences-mre","category-maghreb-news","category-presse-marocaine","category-provinces-du-sud"],"_links":{"self":[{"href":"https:\/\/anatem.info\/index.php?rest_route=\/wp\/v2\/posts\/3141","targetHints":{"allow":["GET"]}}],"collection":[{"href":"https:\/\/anatem.info\/index.php?rest_route=\/wp\/v2\/posts"}],"about":[{"href":"https:\/\/anatem.info\/index.php?rest_route=\/wp\/v2\/types\/post"}],"author":[{"embeddable":true,"href":"https:\/\/anatem.info\/index.php?rest_route=\/wp\/v2\/users\/2"}],"replies":[{"embeddable":true,"href":"https:\/\/anatem.info\/index.php?rest_route=%2Fwp%2Fv2%2Fcomments&post=3141"}],"version-history":[{"count":1,"href":"https:\/\/anatem.info\/index.php?rest_route=\/wp\/v2\/posts\/3141\/revisions"}],"predecessor-version":[{"id":3142,"href":"https:\/\/anatem.info\/index.php?rest_route=\/wp\/v2\/posts\/3141\/revisions\/3142"}],"wp:attachment":[{"href":"https:\/\/anatem.info\/index.php?rest_route=%2Fwp%2Fv2%2Fmedia&parent=3141"}],"wp:term":[{"taxonomy":"category","embeddable":true,"href":"https:\/\/anatem.info\/index.php?rest_route=%2Fwp%2Fv2%2Fcategories&post=3141"},{"taxonomy":"post_tag","embeddable":true,"href":"https:\/\/anatem.info\/index.php?rest_route=%2Fwp%2Fv2%2Ftags&post=3141"}],"curies":[{"name":"wp","href":"https:\/\/api.w.org\/{rel}","templated":true}]}}