{"id":3886,"date":"2019-09-29T22:29:49","date_gmt":"2019-09-29T22:29:49","guid":{"rendered":"http:\/\/anatem.info\/?p=3886"},"modified":"2019-09-29T22:29:49","modified_gmt":"2019-09-29T22:29:49","slug":"sahara-plusieurs-chefs-detat-africains-reiterent-devant-lag-de-lonu-leur-soutien-au-processus-politique-exclusif-de-lonu","status":"publish","type":"post","link":"https:\/\/anatem.info\/?p=3886","title":{"rendered":"Sahara: Plusieurs chefs d\u2019Etat africains r\u00e9it\u00e8rent, devant l\u2019AG de l\u2019ONU, leur soutien au processus politique exclusif de l\u2019ONU"},"content":{"rendered":"\n<p>Nations-Unies (New York), le 29 septembre 2019 (MAP) <\/p>\n\n\n\n<p>Les Pr\u00e9sidents du Burkina Faso, M. Roch Marc  Christian Kabor\u00e9, des Comores, M. Azali Assoumani, et de  Sao-Tom\u00e9-et-Principe, M. Evaristo Do Espirito Santo Carvalho, ont  r\u00e9it\u00e9r\u00e9, devant l\u2019Assembl\u00e9e g\u00e9n\u00e9rale des Nations-Unies, leur soutien au  processus politique exclusif de l\u2019ONU en vue de parvenir \u00e0 une solution  politique n\u00e9goci\u00e9e et mutuellement acceptable \u00e0 la question du Sahara  marocain.<\/p>\n\n\n\n<p>\u201cLe Burkina Faso r\u00e9it\u00e8re son soutien au processus politique en cours,\n men\u00e9 sous les auspices exclusifs du secr\u00e9taire g\u00e9n\u00e9ral des \nNations-Unies en vue de parvenir \u00e0 une solution politique mutuellement \nacceptable et n\u00e9goci\u00e9e au diff\u00e9rend tel que recommand\u00e9 par le Conseil de\n S\u00e9curit\u00e9 depuis 2007, y compris par sa r\u00e9solution 2468 adopt\u00e9e le 30 \navril 2019\u201d, a soulign\u00e9 le Pr\u00e9sident Kabor\u00e9, dans un discours prononc\u00e9 \nlors du D\u00e9bat g\u00e9n\u00e9ral de la 74\u00e8 session de l\u2019Assembl\u00e9e g\u00e9n\u00e9rale, tenu du\n 24 au 30 septembre \u00e0 New York.<\/p>\n\n\n\n<p>Le Pr\u00e9sident burkinab\u00e9 a ajout\u00e9 que son pays se f\u00e9licite de la tenue \neffective des deux tables rondes avec la participation de l\u2019Alg\u00e9rie, du \nMaroc, de la Mauritanie et du Polisario, conform\u00e9ment aux r\u00e9solutions \n2414 et 2440 du Conseil de S\u00e9curit\u00e9, en saluant \u00e0 cet \u00e9gard le travail \naccompli par l\u2019ancien envoy\u00e9 sp\u00e9cial du Secr\u00e9taire g\u00e9n\u00e9ral des \nNations-Unies durant son mandat.<\/p>\n\n\n\n<p>Il a \u00e9galement appel\u00e9 l\u2019ensemble des parties \u201c\u00e0 apporter leurs \ncontributions au processus politique et \u00e0 renforcer leur participation \nau processus de n\u00e9gociation\u201d.<\/p>\n\n\n\n<p>Don son c\u00f4t\u00e9, le Pr\u00e9sident des Comores, M. Azali Assoumani, a \nr\u00e9affirm\u00e9 l\u2019\u201dattachement ind\u00e9fectible\u201d de son pays \u00e0 la r\u00e9solution \nd\u00e9finitive de la question du Sahara marocain sous les auspices des \nNations-Unies.<\/p>\n\n\n\n<p>\u201cL\u2019Union des Comores voudrait (\u2026) r\u00e9affirmer son attachement \nind\u00e9fectible \u00e0 la r\u00e9solution d\u00e9finitive de la question du Sahara \nmarocain, sous les auspices de notre prestigieuse Organisation l\u2019ONU\u201d, a\n d\u00e9clar\u00e9 le Pr\u00e9sident Assoumani, dans un discours devant l\u2019Assembl\u00e9e \ng\u00e9n\u00e9rale.<\/p>\n\n\n\n<p>\u201cNous faisons confiance au Conseil de s\u00e9curit\u00e9 pour activer la r\u00e9solution de ce dossier\u201d, a-t-il soulign\u00e9.<\/p>\n\n\n\n<p>Pour sa part, le Pr\u00e9sident de Sao-Tom\u00e9-et-Principe, Evaristo Do \nEspirito Santo Carvalho, a appel\u00e9 \u201cl\u2019ensemble des parties \u00e0 s\u2019engager \ndans le processus politique, sous les auspices des Nations-Unies, \njusqu\u2019\u00e0 son ach\u00e8vement\u201d.<\/p>\n\n\n\n<p>\u201cDe plus, nous saluons les efforts du Maroc visant \u00e0 aboutir \u00e0 un \nr\u00e8glement politique au diff\u00e9rend r\u00e9gional sur le Sahara sur la base de \nl\u2019initiative marocaine d\u2019autonomie\u201d, a-t-il d\u00e9clar\u00e9 lors de son discours\n devant l\u2019Assembl\u00e9e g\u00e9n\u00e9rale des Nations Unies.<\/p>\n","protected":false},"excerpt":{"rendered":"<p>Nations-Unies (New York), le 29 septembre 2019 (MAP) Les Pr\u00e9sidents du Burkina Faso, M. Roch Marc Christian Kabor\u00e9, des Comores,<\/p>\n","protected":false},"author":2,"featured_media":494,"comment_status":"closed","ping_status":"closed","sticky":false,"template":"","format":"standard","meta":{"footnotes":""},"categories":[3,62,4,5,7,8],"tags":[],"class_list":["post-3886","post","type-post","status-publish","format-standard","has-post-thumbnail","hentry","category-accueil","category-afrique","category-competences-mre","category-maghreb-news","category-presse-marocaine","category-provinces-du-sud"],"_links":{"self":[{"href":"https:\/\/anatem.info\/index.php?rest_route=\/wp\/v2\/posts\/3886","targetHints":{"allow":["GET"]}}],"collection":[{"href":"https:\/\/anatem.info\/index.php?rest_route=\/wp\/v2\/posts"}],"about":[{"href":"https:\/\/anatem.info\/index.php?rest_route=\/wp\/v2\/types\/post"}],"author":[{"embeddable":true,"href":"https:\/\/anatem.info\/index.php?rest_route=\/wp\/v2\/users\/2"}],"replies":[{"embeddable":true,"href":"https:\/\/anatem.info\/index.php?rest_route=%2Fwp%2Fv2%2Fcomments&post=3886"}],"version-history":[{"count":1,"href":"https:\/\/anatem.info\/index.php?rest_route=\/wp\/v2\/posts\/3886\/revisions"}],"predecessor-version":[{"id":3887,"href":"https:\/\/anatem.info\/index.php?rest_route=\/wp\/v2\/posts\/3886\/revisions\/3887"}],"wp:featuredmedia":[{"embeddable":true,"href":"https:\/\/anatem.info\/index.php?rest_route=\/wp\/v2\/media\/494"}],"wp:attachment":[{"href":"https:\/\/anatem.info\/index.php?rest_route=%2Fwp%2Fv2%2Fmedia&parent=3886"}],"wp:term":[{"taxonomy":"category","embeddable":true,"href":"https:\/\/anatem.info\/index.php?rest_route=%2Fwp%2Fv2%2Fcategories&post=3886"},{"taxonomy":"post_tag","embeddable":true,"href":"https:\/\/anatem.info\/index.php?rest_route=%2Fwp%2Fv2%2Ftags&post=3886"}],"curies":[{"name":"wp","href":"https:\/\/api.w.org\/{rel}","templated":true}]}}