{"id":3888,"date":"2019-09-30T18:26:14","date_gmt":"2019-09-30T18:26:14","guid":{"rendered":"http:\/\/anatem.info\/?p=3888"},"modified":"2019-09-30T18:26:14","modified_gmt":"2019-09-30T18:26:14","slug":"hommage-a-jacques-chirac-lhomme-simple-qui-savait-parler-aux-gens","status":"publish","type":"post","link":"https:\/\/anatem.info\/?p=3888","title":{"rendered":"Hommage \u00e0 Jacques Chirac, l\u2019homme simple qui savait parler aux gens"},"content":{"rendered":"\n<p>\nIl\n est une r\u00e9alit\u00e9 indiscutable celle que Feu Jacques Chirac aura marqu\u00e9 \nle monde entier, la France et la V\u00e8me R\u00e9publique, \u00e0 savoir celle d\u2019un \nma\u00eetre qui avait cette facult\u00e9\n \u00e0 s\u00e9duire politiquement ses interlocuteurs, notamment ses ennemis.<\/p>\n\n\n\n<p>\nFeu Jacques Chirac \u00e9tait un\npersonnage,\n un homme populaire, presque une marque. Il \u00e9tait en tout cas un \nsymbole, d\u00e9tourn\u00e9 et repris aujourd&rsquo;hui \u00e0 travers des produits d\u00e9riv\u00e9s. \nC&rsquo;est le cas dans une boutique \u00e0 Brive-la-Gaillarde,\n en Corr\u00e8ze.<\/p>\n\n\n\n<p>\nAussi,\n une vive \u00e9motion a saisi le paysage m\u00e9diatique fran\u00e7ais \u00e0 l\u2019annonce, le\n 26 septembre 2019, de la mort de l\u2019ancien Pr\u00e9sident de la R\u00e9publique\n Jacques Chirac \u00e0 l&rsquo;exception de quelques voix discordantes, qui se sont\n cependant \u00e9lev\u00e9es pour rappeler ses casseroles, notamment un certain \nsite d\u2019information fran\u00e7ais dont les r\u00e9ponses am\u00e8res \u00e0 ces r\u00e9actions ne \nse sont pas faites attendre.<\/p>\n\n\n\n<p>\nLe d\u00e9c\u00e8s de Jacques Chirac a suscit\u00e9 de vives \u00e9motions dans le monde et les Fran\u00e7ais\n ont afflu\u00e9 par milliers, le 29 septembre 2019, sous la pluie aux Invalides pour saluer la m\u00e9moire de Jacques Chirac\nlors d\u2019un large hommage populaire pour le plus populaire des Pr\u00e9sidents\n de la V\u00e8me R\u00e9publique.<\/p>\n\n\n\n<p>\nQuant \u00e0 la journ\u00e9e du 30 septembre 2019, jour de deuil national, elle a \u00e9t\u00e9 marqu\u00e9e par l\u2019Hommage militaire qui lui a \u00e9t\u00e9 rendu dans la Cours des Invalides.<\/p>\n\n\n\n<p>\nPar\n la suite, un service solennel s\u2019est d\u00e9roul\u00e9 en pr\u00e9sence du Pr\u00e9sident \nfran\u00e7ais, Monsieur Emmanuel Macron, en l\u2019Eglise Saint-Sulpice \u00e0 Paris en\n pr\u00e9sence des anciens Pr\u00e9sidents Fran\u00e7ois Hollande,\n Nicolas Sarkozy et Val\u00e9ry Giscard d\u2019Estaing, d\u2019une trentaine de Chefs \nd\u2019Etat, de nombreux Premiers Ministres \u00e9trangers ainsi que du Pr\u00e9sident \nde la Commission Europ\u00e9enne mais aussi des anciens\ndirigeants du temps de Jacques Chirac tels l\u2019ancien Pr\u00e9sident am\u00e9ricain Bill Clinton, l\u2019ancien Premier\n Ministre espagnol Jose Luis Rodriguez Zapatero et l\u2019ancien Pr\u00e9sident s\u00e9n\u00e9galais Abdou Diouf.<\/p>\n\n\n\n<p>\nLa\n classe politique fran\u00e7aise y \u00e9taient largement repr\u00e9sent\u00e9e except\u00e9e la \nPr\u00e9sidente du Rassemblement National, Marine Le Pen contre laquelle le\nclan Chirac avait fait savoir que sa venue \u00e0 la c\u00e9r\u00e9monie d&rsquo;hommage n&rsquo;\u00e9tait pas souhait\u00e9e.<\/p>\n\n\n\n<p>\nCette\n derni\u00e8re aurait d\u00fb savoir qu\u2019un hommage est tout d\u2019abord religieux, \nhumains et populaire et que donc sa pr\u00e9sence mais aussi celle de son \nparti ne sont pas du tout souhaitable d\u2019autant plus\n que Feu Jacques Chirac a toujours ex\u00e9cr\u00e9 Jean-Marie Le Pen, sa fille \nMarine Le Pen, sa petite fille Marion Le Pen et leurs affid\u00e9s, eux qui \naffectionnent des discours naus\u00e9abonds.\n<\/p>\n\n\n\n<p>\nS\u2019agissant de la pr\u00e9sence du Maroc \u00e0 cet hommage officiel, le\n Roi Mohammed VI a \u00e9t\u00e9 repr\u00e9sent\u00e9 aux obs\u00e8ques officielles du d\u00e9funt \nPr\u00e9sident Fran\u00e7ais par Son Altesse Royale le Prince H\u00e9ritier Moulay El \nHassan et ce, pour raison de sant\u00e9.<\/p>\n\n\n\n<p>\nLe\n Roi du Maroc avait pr\u00e9vu de se rendre en France, afin de pr\u00e9senter, \u00e0 \ntitre priv\u00e9, Ses condol\u00e9ances \u00e0 la famille\n et aux proches du d\u00e9funt Pr\u00e9sident Jacques Chirac, eu \u00e9gard aux fortes \net profondes relations qui ont toujours li\u00e9 les deux familles et \u00e0 \nl\u2019affection et consid\u00e9ration particuli\u00e8res port\u00e9es par le Souverain \nmarocain \u00e0 l\u2019endroit de ce grand ami du Maroc.<\/p>\n\n\n\n<p>\nA rappeler que le Souverain marocain\na\n adress\u00e9 des messages de condol\u00e9ances \u00e0 Madame Bernadette Chirac, son \n\u00e9pouse, et Madame Claude Chirac, sa\n fille, suite au d\u00e9c\u00e8s de l\u2019ancien Pr\u00e9sident de la R\u00e9publique fran\u00e7aise,\n Monsieur Jacques Chirac, dans lesquels le Roi du Maroc a salu\u00e9 \u00ab ce \ngrand homme aux qualit\u00e9s humaines exceptionnelles qui donnait \u00e0 l\u2019amiti\u00e9\n toute sa valeur et savait l\u2019exprimer en des\n gestes symboliques forts \u00bb.<\/p>\n\n\n\n<p>\nEnfin, Le Roi Mohammed VI\na \u00e9galement adress\u00e9 un message de condol\u00e9ances au Pr\u00e9sident \nfran\u00e7ais, Emmanuel Macron, suite au d\u00e9c\u00e8s de\n Jacques Chirac, dans lequel le Souverain marocain a notamment \u00ab&nbsp;salu\u00e9 \nla m\u00e9moire d\u2019un grand Homme d\u2019?tat qui d\u00e9dia sa vie \u00e0 la politique avec \nd\u00e9termination, noblesse et une pr\u00e9occupation constante du bien-\u00eatre de \nses concitoyens&nbsp;\u00bb.<\/p>\n\n\n\n<p>\nUne nouvelle page de l\u2019Histoire fran\u00e7aise vient de s\u2019inscrire en Lettres d\u2019Or et elle est \u00e0 la mesure de l\u2019afflux de messages parvenus du monde&nbsp;ainsi que de l\u2019\u00e9motion\n et des tr\u00e8s nombreux applaudissements \nau passage du cort\u00e8ge fun\u00e9raire jusqu\u2019\u00e0 la derni\u00e8re demeure de Feu \nJacques Chirac, aux c\u00f4t\u00e9s de sa fille a\u00een\u00e9e Laurence Chirac, au \ncimeti\u00e8re de Montparnasse \u00e0 Paris.<\/p>\n\n\n\n<p> Reposes en Paix, Jacques Chirac. <\/p>\n\n\n\n<p>Farid Mnebhi. <\/p>\n","protected":false},"excerpt":{"rendered":"<p>Il est une r\u00e9alit\u00e9 indiscutable celle que Feu Jacques Chirac aura marqu\u00e9 le monde entier, la France et la V\u00e8me<\/p>\n","protected":false},"author":2,"featured_media":3889,"comment_status":"closed","ping_status":"closed","sticky":false,"template":"","format":"standard","meta":{"footnotes":""},"categories":[3,62,5,7],"tags":[],"class_list":["post-3888","post","type-post","status-publish","format-standard","has-post-thumbnail","hentry","category-accueil","category-afrique","category-maghreb-news","category-presse-marocaine"],"_links":{"self":[{"href":"https:\/\/anatem.info\/index.php?rest_route=\/wp\/v2\/posts\/3888","targetHints":{"allow":["GET"]}}],"collection":[{"href":"https:\/\/anatem.info\/index.php?rest_route=\/wp\/v2\/posts"}],"about":[{"href":"https:\/\/anatem.info\/index.php?rest_route=\/wp\/v2\/types\/post"}],"author":[{"embeddable":true,"href":"https:\/\/anatem.info\/index.php?rest_route=\/wp\/v2\/users\/2"}],"replies":[{"embeddable":true,"href":"https:\/\/anatem.info\/index.php?rest_route=%2Fwp%2Fv2%2Fcomments&post=3888"}],"version-history":[{"count":1,"href":"https:\/\/anatem.info\/index.php?rest_route=\/wp\/v2\/posts\/3888\/revisions"}],"predecessor-version":[{"id":3890,"href":"https:\/\/anatem.info\/index.php?rest_route=\/wp\/v2\/posts\/3888\/revisions\/3890"}],"wp:featuredmedia":[{"embeddable":true,"href":"https:\/\/anatem.info\/index.php?rest_route=\/wp\/v2\/media\/3889"}],"wp:attachment":[{"href":"https:\/\/anatem.info\/index.php?rest_route=%2Fwp%2Fv2%2Fmedia&parent=3888"}],"wp:term":[{"taxonomy":"category","embeddable":true,"href":"https:\/\/anatem.info\/index.php?rest_route=%2Fwp%2Fv2%2Fcategories&post=3888"},{"taxonomy":"post_tag","embeddable":true,"href":"https:\/\/anatem.info\/index.php?rest_route=%2Fwp%2Fv2%2Ftags&post=3888"}],"curies":[{"name":"wp","href":"https:\/\/api.w.org\/{rel}","templated":true}]}}