{"id":3895,"date":"2019-10-08T14:29:49","date_gmt":"2019-10-08T14:29:49","guid":{"rendered":"http:\/\/anatem.info\/?p=3895"},"modified":"2019-10-08T14:29:49","modified_gmt":"2019-10-08T14:29:49","slug":"ag-de-lonu-soutien-renouvele-a-la-marocanite-du-sahara","status":"publish","type":"post","link":"https:\/\/anatem.info\/?p=3895","title":{"rendered":"AG de l\u2019ONU : Soutien renouvel\u00e9 \u00e0 la marocanit\u00e9 du Sahara"},"content":{"rendered":"\n<p>Le d\u00e9bat g\u00e9n\u00e9ral de la 74\u00e8 session de  l\u2019Assembl\u00e9e g\u00e9n\u00e9rale de l\u2019ONU, qui s\u2019est d\u00e9roul\u00e9 du 24 au 30 septembre \u00e0  New York, a \u00e9t\u00e9 l\u2019occasion pour plusieurs pays de renouveler leur  soutien \u00e0 la marocanit\u00e9 du Sahara et au processus politique exclusif des  Nations-Unies en vue de parvenir \u00e0 une solution politique n\u00e9goci\u00e9e \u00e0 ce  diff\u00e9rend artificiel.<\/p>\n\n\n\n<p>En effet, plusieurs Chefs d\u2019Etat et de gouvernement ou encore des \nministres des Affaires \u00e9trang\u00e8res, qui ont prononc\u00e9 des discours au nom \nde leurs pays du haut de la tribune de l\u2019Assembl\u00e9e g\u00e9n\u00e9rale, ont tenu \u00e0 \nr\u00e9it\u00e9rer clairement leur soutien au processus onusien exclusif visant \u00e0 \naboutir \u00e0 une solution politique n\u00e9goci\u00e9e et mutuellement acceptable \u00e0 \nla question du Sahara marocain.<\/p>\n\n\n\n<p>C\u2019est ainsi que le Pr\u00e9sident de l\u2019Union des Comores, M. Azali \nAssoumani, a donn\u00e9 le ton en r\u00e9affirmant l\u2019\u201dattachement ind\u00e9fectible\u201d de\n son pays \u00e0 la r\u00e9solution d\u00e9finitive de la question du Sahara marocain \nsous les auspices exclusifs des Nations-Unies.<\/p>\n\n\n\n<p>\u201cL\u2019Union des Comores voudrait (\u2026) r\u00e9affirmer son attachement \nind\u00e9fectible \u00e0 la r\u00e9solution d\u00e9finitive de la question du Sahara \nmarocain, sous les auspices de notre prestigieuse Organisation l\u2019ONU\u201d, a\n d\u00e9clar\u00e9 le Pr\u00e9sident Assoumani.<\/p>\n\n\n\n<p>\u201cNous faisons confiance au Conseil de s\u00e9curit\u00e9 pour activer la \nr\u00e9solution de ce dossier\u201d, a-t-il soulign\u00e9 dans un discours prononc\u00e9 \ndevant l\u2019Assembl\u00e9e g\u00e9n\u00e9rale.<\/p>\n\n\n\n<p>M\u00eame son de cloche chez son homologue burkinab\u00e9, M. Roch Marc \nChristian Kabor\u00e9, qui a r\u00e9it\u00e9r\u00e9 le soutien du Burkina Faso au processus \npolitique en cours \u201cmen\u00e9 sous les auspices exclusifs du Secr\u00e9taire \ng\u00e9n\u00e9ral des Nations-Unies en vue de parvenir \u00e0 une solution politique \nmutuellement acceptable et n\u00e9goci\u00e9e au diff\u00e9rend tel que recommand\u00e9 par \nle Conseil de S\u00e9curit\u00e9 depuis 2007, y compris par sa r\u00e9solution 2468 \nadopt\u00e9e le 30 avril 2019\u201d.<\/p>\n\n\n\n<p>Le Pr\u00e9sident burkinab\u00e9 a aussi appel\u00e9 l\u2019ensemble des parties \u201c\u00e0 \napporter leurs contributions au processus politique et \u00e0 renforcer leur \nparticipation au processus de n\u00e9gociation\u201d onusien.<\/p>\n\n\n\n<p>M. Kabor\u00e9 a ajout\u00e9, \u00e0 cet \u00e9gard, que son pays se f\u00e9licite de la tenue\n effective des deux tables rondes entre l\u2019Alg\u00e9rie, le Maroc, la \nMauritanie et le Polisario conform\u00e9ment aux r\u00e9solutions 2414 et 2440 du \nConseil de S\u00e9curit\u00e9, tout en saluant le travail accompli par l\u2019ancien \nenvoy\u00e9 sp\u00e9cial du Secr\u00e9taire g\u00e9n\u00e9ral des Nations-Unies durant son \nmandat.<\/p>\n\n\n\n<p>Pour sa part, le Pr\u00e9sident de Sao-Tom\u00e9-et-Principe, M. Evaristo Do \nEspirito Santo Carvalho, a tenu \u00e0 saluer, depuis la tribune de \nl\u2019Assembl\u00e9e g\u00e9n\u00e9rale, \u201cles efforts du Maroc visant \u00e0 aboutir \u00e0 un \nr\u00e8glement politique au diff\u00e9rend r\u00e9gional autour du Sahara sur la base \nde l\u2019initiative marocaine d\u2019autonomie\u201d.<\/p>\n\n\n\n<p>M. Santo Carvalho a \u00e9galement appel\u00e9 \u201cl\u2019ensemble des parties \u00e0 \ns\u2019engager dans le processus politique, sous les auspices des \nNations-Unies, jusqu\u2019\u00e0 son ach\u00e8vement\u201d.<\/p>\n\n\n\n<p>Du c\u00f4t\u00e9 europ\u00e9en, c\u2019est le Pr\u00e9sident du gouvernement espagnol en \nfonction, M. Pedro Sanchez, qui a marqu\u00e9 les esprits lors du d\u00e9bat \ng\u00e9n\u00e9ral de cette 74\u00e8 session en affirmant que la voie d\u2019une solution \n\u201cpolitique, juste, durable et mutuellement acceptable\u201d au conflit \nartificiel autour du Sahara marocain passe exclusivement par l\u2019ONU.<\/p>\n\n\n\n<p>\u201cLe gouvernement d\u2019Espagne d\u00e9fend la centralit\u00e9 des Nations-Unies et \nsouhaite contribuer aux efforts du Secr\u00e9taire g\u00e9n\u00e9ral de l\u2019ONU pour \nparvenir, en application des r\u00e9solutions du Conseil de s\u00e9curit\u00e9, \u00e0 une \nsolution politique juste, durable et mutuellement acceptable\u201d, \u00e0 la \nquestion du Sahara, a soulign\u00e9 M. Sanchez dans son discours devant les \nEtats membres.<\/p>\n\n\n\n<p>En d\u00e9fendant \u201cla centralit\u00e9\u201d des Nations-Unies dans le traitement de \ncette question, l\u2019Espagne n\u2019a aussi fait, aucune allusion \u00e0 la tenue \nd\u2019un quelconque r\u00e9f\u00e9rendum pour la r\u00e9solution de ce diff\u00e9rend.<\/p>\n\n\n\n<p>Du c\u00f4t\u00e9 du monde arabe, les Emirats Arabes Unis et le Bahre\u00efn ont \ntenu \u00e0 renouveler, \u00e0 l\u2019occasion du d\u00e9bat g\u00e9n\u00e9ral de cette 74\u00e8 session, \nleur soutien de longue date \u00e0 l\u2019int\u00e9grit\u00e9 territoriale du Royaume du \nMaroc et \u00e0 ses efforts visant \u00e0 trouver une solution politique \nd\u00e9finitive \u00e0 la question du Sahara marocain.<\/p>\n\n\n\n<p>\u201cNous saluons les efforts de nos fr\u00e8res au Royaume du Maroc visant \u00e0 \naboutir \u00e0 une solution politique \u00e0 cette question\u201d, a d\u00e9clar\u00e9 le \nministre \u00e9mirati des Affaires \u00e9trang\u00e8res et de la coop\u00e9ration \ninternationale, Cheikh Abdullah Bin Zayed Al Nahyan.<\/p>\n\n\n\n<p>\u201cMon pays estime que le processus politique est la meilleure voie \npour r\u00e9soudre les diff\u00e9rends dans la r\u00e9gion. Et nous appr\u00e9cions dans ce \ncadre les efforts des Nations-Unies, de la communaut\u00e9 internationale et \ndes pays amis, et accueillons favorablement le r\u00f4le du Secr\u00e9taire \ng\u00e9n\u00e9ral dans l\u2019appui du processus politique relatif \u00e0 la question du \nSahara marocain\u201d, a-t-il d\u00e9clar\u00e9 devant les autres pays membres.<\/p>\n\n\n\n<p>Lui embo\u00eetant le pas, le ministre bahre\u00efni des Affaires \u00e9trang\u00e8res, \nKhalid bin Ahmed Al Khalifa, a exprim\u00e9 le soutien du Bahre\u00efn aux efforts\n constants du Maroc visant \u00e0 trouver une solution politique \u00e0 la \nquestion du Sahara marocain conform\u00e9ment aux r\u00e9solutions de l\u2019ONU et \ndans le cadre de la souverainet\u00e9 du Royaume et de son int\u00e9grit\u00e9 \nterritoriale.<\/p>\n\n\n\n<p>Le Royaume de Bahre\u00efn \u201cr\u00e9affirme sa solidarit\u00e9 avec les efforts  constants du Royaume fr\u00e8re du Maroc visant \u00e0 trouver une solution  politique \u00e0 la question du Sahara marocain, conform\u00e9ment aux r\u00e9solutions  pertinentes du Conseil de s\u00e9curit\u00e9 et dans le cadre de la souverainet\u00e9  du Royaume et de son int\u00e9grit\u00e9 territoriale\u201d, a soulign\u00e9 le chef de la  diplomatie bahre\u00efni depuis la tribune de l\u2019Assembl\u00e9e g\u00e9n\u00e9rale.<\/p>\n\n\n\n<p>Par Naoufal Enhari (MAP)<\/p>\n","protected":false},"excerpt":{"rendered":"<p>Le d\u00e9bat g\u00e9n\u00e9ral de la 74\u00e8 session de l\u2019Assembl\u00e9e g\u00e9n\u00e9rale de l\u2019ONU, qui s\u2019est d\u00e9roul\u00e9 du 24 au 30 septembre<\/p>\n","protected":false},"author":2,"featured_media":494,"comment_status":"closed","ping_status":"closed","sticky":false,"template":"","format":"standard","meta":{"footnotes":""},"categories":[3,62,5,7,8],"tags":[],"class_list":["post-3895","post","type-post","status-publish","format-standard","has-post-thumbnail","hentry","category-accueil","category-afrique","category-maghreb-news","category-presse-marocaine","category-provinces-du-sud"],"_links":{"self":[{"href":"https:\/\/anatem.info\/index.php?rest_route=\/wp\/v2\/posts\/3895","targetHints":{"allow":["GET"]}}],"collection":[{"href":"https:\/\/anatem.info\/index.php?rest_route=\/wp\/v2\/posts"}],"about":[{"href":"https:\/\/anatem.info\/index.php?rest_route=\/wp\/v2\/types\/post"}],"author":[{"embeddable":true,"href":"https:\/\/anatem.info\/index.php?rest_route=\/wp\/v2\/users\/2"}],"replies":[{"embeddable":true,"href":"https:\/\/anatem.info\/index.php?rest_route=%2Fwp%2Fv2%2Fcomments&post=3895"}],"version-history":[{"count":1,"href":"https:\/\/anatem.info\/index.php?rest_route=\/wp\/v2\/posts\/3895\/revisions"}],"predecessor-version":[{"id":3896,"href":"https:\/\/anatem.info\/index.php?rest_route=\/wp\/v2\/posts\/3895\/revisions\/3896"}],"wp:featuredmedia":[{"embeddable":true,"href":"https:\/\/anatem.info\/index.php?rest_route=\/wp\/v2\/media\/494"}],"wp:attachment":[{"href":"https:\/\/anatem.info\/index.php?rest_route=%2Fwp%2Fv2%2Fmedia&parent=3895"}],"wp:term":[{"taxonomy":"category","embeddable":true,"href":"https:\/\/anatem.info\/index.php?rest_route=%2Fwp%2Fv2%2Fcategories&post=3895"},{"taxonomy":"post_tag","embeddable":true,"href":"https:\/\/anatem.info\/index.php?rest_route=%2Fwp%2Fv2%2Ftags&post=3895"}],"curies":[{"name":"wp","href":"https:\/\/api.w.org\/{rel}","templated":true}]}}