{"id":39,"date":"2012-12-28T21:48:16","date_gmt":"2012-12-28T21:48:16","guid":{"rendered":"http:\/\/anatem.info\/?p=39"},"modified":"2014-05-27T12:02:26","modified_gmt":"2014-05-27T12:02:26","slug":"un-ancien-ministre-algerien-appelle-a-louverture-de-la-frontiere-avec-le-maroc","status":"publish","type":"post","link":"https:\/\/anatem.info\/?p=39","title":{"rendered":"Un ancien ministre alg?rien appelle ? l&rsquo;ouverture de la fronti?re avec le Maroc"},"content":{"rendered":"<p>La fermeture prolong\u00e9e de la fronti\u00e8re alg\u00e9ro-marocaine est une \u00ab\u00a0grande perte\u00a0\u00bb pour le Maghreb, a d\u00e9clar\u00e9 la semaine derni\u00e8re l&rsquo;ancien ministre alg\u00e9rien des Affaires \u00e9trang\u00e8res Lakhdar Brahimi. Il a appel\u00e9 \u00e0 la r\u00e9-ouverture de cette fronti\u00e8re, ferm\u00e9e en 1994, insistant sur le fait qu&rsquo;il ne pourrait y avoir de Maghreb uni sans une am\u00e9lioration des relations entre les deux pays<br \/>\n<a href=\"http:\/\/anatem.info\/wp-content\/uploads\/2012\/12\/pdf\/Maroc-Algerie-frontiere.pdf\">Lire la suite<\/a><\/p>\n","protected":false},"excerpt":{"rendered":"<p>La fermeture prolong\u00e9e de la fronti\u00e8re alg\u00e9ro-marocaine est une \u00ab\u00a0grande perte\u00a0\u00bb pour le Maghreb, a d\u00e9clar\u00e9 la semaine derni\u00e8re l&rsquo;ancien<\/p>\n","protected":false},"author":1,"featured_media":0,"comment_status":"open","ping_status":"open","sticky":false,"template":"","format":"standard","meta":{"footnotes":""},"categories":[8],"tags":[],"class_list":["post-39","post","type-post","status-publish","format-standard","hentry","category-provinces-du-sud"],"_links":{"self":[{"href":"https:\/\/anatem.info\/index.php?rest_route=\/wp\/v2\/posts\/39","targetHints":{"allow":["GET"]}}],"collection":[{"href":"https:\/\/anatem.info\/index.php?rest_route=\/wp\/v2\/posts"}],"about":[{"href":"https:\/\/anatem.info\/index.php?rest_route=\/wp\/v2\/types\/post"}],"author":[{"embeddable":true,"href":"https:\/\/anatem.info\/index.php?rest_route=\/wp\/v2\/users\/1"}],"replies":[{"embeddable":true,"href":"https:\/\/anatem.info\/index.php?rest_route=%2Fwp%2Fv2%2Fcomments&post=39"}],"version-history":[{"count":4,"href":"https:\/\/anatem.info\/index.php?rest_route=\/wp\/v2\/posts\/39\/revisions"}],"predecessor-version":[{"id":1202,"href":"https:\/\/anatem.info\/index.php?rest_route=\/wp\/v2\/posts\/39\/revisions\/1202"}],"wp:attachment":[{"href":"https:\/\/anatem.info\/index.php?rest_route=%2Fwp%2Fv2%2Fmedia&parent=39"}],"wp:term":[{"taxonomy":"category","embeddable":true,"href":"https:\/\/anatem.info\/index.php?rest_route=%2Fwp%2Fv2%2Fcategories&post=39"},{"taxonomy":"post_tag","embeddable":true,"href":"https:\/\/anatem.info\/index.php?rest_route=%2Fwp%2Fv2%2Ftags&post=39"}],"curies":[{"name":"wp","href":"https:\/\/api.w.org\/{rel}","templated":true}]}}