{"id":430,"date":"2013-08-05T08:16:25","date_gmt":"2013-08-05T08:16:25","guid":{"rendered":"http:\/\/anatem.info\/?p=430"},"modified":"2013-12-12T06:47:38","modified_gmt":"2013-12-12T06:47:38","slug":"sm-le-roi-decide-de-retirer-la-grace-accordee-au-denomme-daniel-galvan-fina","status":"publish","type":"post","link":"https:\/\/anatem.info\/?p=430","title":{"rendered":"SM le Roi d?cide de retirer la gr?ce accord?e au d?nomm? Daniel Galvan Fina"},"content":{"rendered":"<div>\n<div>\n<div>Rabat\u00a0 &#8211;\u00a0 4\/08\/2013 &#8211; MAP- Sa Majest\u00e9 le Roi Mohammed VI, que Dieu L&rsquo;assiste, a d\u00e9cid\u00e9 de proc\u00e9der au retrait de la gr\u00e2ce pr\u00e9c\u00e9demment accord\u00e9e au d\u00e9nomm\u00e9 Daniel Galvan Fina de nationalit\u00e9 espagnole, a annonc\u00e9 le Cabinet Royal dans un communiqu\u00e9 dont voici le texte :<\/div>\n<\/div>\n<div>\n<p>\u00ab\u00a0Sa Majest\u00e9 le Roi Mohammed VI, que Dieu L&rsquo;assiste, a d\u00e9cid\u00e9 de proc\u00e9der au retrait de la gr\u00e2ce pr\u00e9c\u00e9demment accord\u00e9e au d\u00e9nomm\u00e9 Daniel Galvan Fina de nationalit\u00e9 espagnole.<\/p>\n<p>Ce retrait \u00e0 caract\u00e8re exceptionnel est d\u00e9cid\u00e9 par Sa Majest\u00e9 le Roi, Que Dieu l&rsquo;assiste, en consid\u00e9ration des d\u00e9faillances qui ont marqu\u00e9 la proc\u00e9dure, de la gravit\u00e9 des crimes commis et du respect du droit des victimes.<\/p>\n<p>En cons\u00e9quence de cette d\u00e9cision, le Souverain a donn\u00e9 ses Hautes instructions au ministre de la justice \u00e0 l&rsquo;effet d&rsquo;examiner avec son homologue Espagnol les suites \u00e0 donner au retrait de cette gr\u00e2ce\u00a0\u00bb.<\/p>\n<p>Il est \u00e0 rappeler que, sur instructions formelles de Sa Majest\u00e9 le Roi, une enqu\u00eate approfondie est en cours, visant \u00e0 d\u00e9terminer les responsabilit\u00e9s et les points de d\u00e9faillance qui ont pu mener \u00e0 cette regrettable lib\u00e9ration et d&rsquo;identifier le ou les responsables de cette n\u00e9gligence.<\/p>\n<\/div>\n<\/div>\n","protected":false},"excerpt":{"rendered":"<p>Rabat\u00a0 &#8211;\u00a0 4\/08\/2013 &#8211; MAP- Sa Majest\u00e9 le Roi Mohammed VI, que Dieu L&rsquo;assiste, a d\u00e9cid\u00e9 de proc\u00e9der au retrait<\/p>\n","protected":false},"author":2,"featured_media":431,"comment_status":"open","ping_status":"open","sticky":false,"template":"","format":"standard","meta":{"footnotes":""},"categories":[3,5],"tags":[36],"class_list":["post-430","post","type-post","status-publish","format-standard","has-post-thumbnail","hentry","category-accueil","category-maghreb-news","tag-daniel-galvan-fina"],"_links":{"self":[{"href":"https:\/\/anatem.info\/index.php?rest_route=\/wp\/v2\/posts\/430","targetHints":{"allow":["GET"]}}],"collection":[{"href":"https:\/\/anatem.info\/index.php?rest_route=\/wp\/v2\/posts"}],"about":[{"href":"https:\/\/anatem.info\/index.php?rest_route=\/wp\/v2\/types\/post"}],"author":[{"embeddable":true,"href":"https:\/\/anatem.info\/index.php?rest_route=\/wp\/v2\/users\/2"}],"replies":[{"embeddable":true,"href":"https:\/\/anatem.info\/index.php?rest_route=%2Fwp%2Fv2%2Fcomments&post=430"}],"version-history":[{"count":3,"href":"https:\/\/anatem.info\/index.php?rest_route=\/wp\/v2\/posts\/430\/revisions"}],"predecessor-version":[{"id":672,"href":"https:\/\/anatem.info\/index.php?rest_route=\/wp\/v2\/posts\/430\/revisions\/672"}],"wp:featuredmedia":[{"embeddable":true,"href":"https:\/\/anatem.info\/index.php?rest_route=\/wp\/v2\/media\/431"}],"wp:attachment":[{"href":"https:\/\/anatem.info\/index.php?rest_route=%2Fwp%2Fv2%2Fmedia&parent=430"}],"wp:term":[{"taxonomy":"category","embeddable":true,"href":"https:\/\/anatem.info\/index.php?rest_route=%2Fwp%2Fv2%2Fcategories&post=430"},{"taxonomy":"post_tag","embeddable":true,"href":"https:\/\/anatem.info\/index.php?rest_route=%2Fwp%2Fv2%2Ftags&post=430"}],"curies":[{"name":"wp","href":"https:\/\/api.w.org\/{rel}","templated":true}]}}