{"id":433,"date":"2013-08-06T13:42:45","date_gmt":"2013-08-06T13:42:45","guid":{"rendered":"http:\/\/anatem.info\/?p=433"},"modified":"2013-12-12T06:48:26","modified_gmt":"2013-12-12T06:48:26","slug":"433","status":"publish","type":"post","link":"https:\/\/anatem.info\/?p=433","title":{"rendered":"Au sujet des deux communiqu?s du Palais Royal."},"content":{"rendered":"<p>Il ressort des deux communiqu\u00e9s royaux ci-mentionn\u00e9s ce qui suit :<\/p>\n<ol>\n<li>Le (premier) communiqu\u00e9 Royal aff\u00e9rent \u00e0 l\u2019affaire du p\u00e9dophile espagnol graci\u00e9 est venu \u00e0 point nomm\u00e9 pour clarifier les arri\u00e8re-plans de cette mesure qui s\u2019inscrit dans le cadre des proc\u00e9dures normales adopt\u00e9es en l\u2019esp\u00e8ce. Ainsi, dans la liste pr\u00e9sent\u00e9e \u00e0 Sa Majest\u00e9 le Roi, que Dieu L\u2019assiste, les crimes dont le criminel espagnol a \u00e9t\u00e9 reconnu coupable n\u2019ont pas \u00e9t\u00e9 port\u00e9s, de quelque mani\u00e8re que ce soit, \u00e0 la Tr\u00e8s Haute Connaissance deSa Majest\u00e9 le Roi\u00a0, que Dieu L\u2019assiste. Autrement dit, si de tels faits avaient \u00e9t\u00e9 port\u00e9s \u00e0 la Tr\u00e8s Haute Connaissance Royale, le mis en cause n\u2019aurait jamais b\u00e9n\u00e9fici\u00e9 d\u2019une telle mesure, compte tenu du fait que\u00a0Sa Majest\u00e9 le Roi, que Dieu L\u2019assiste, est le principal garant des droits des citoyens et de l\u2019\u00e9quit\u00e9 de la justice.<\/li>\n<li>Il est \u00e0 rappeler que la gr\u00e2ce Royale ne concernait pas le seul odieux criminel. L\u2019int\u00e9ress\u00e9 faisait partie d\u2019une liste globale de 48 ressortissants espagnols condamn\u00e9s pour des crimes et d\u00e9lits divers commis au Maroc.<\/li>\n<li>En prenant la d\u00e9cision supr\u00eame de d\u00e9cr\u00e9ter une enqu\u00eate afin de d\u00e9terminer les responsabilit\u00e9s et dans le but de sanctionner les responsables de cette d\u00e9faillance, Sa Majest\u00e9 le Roi, que Dieu L\u2019assiste, conform\u00e9ment \u00e0 ses principes immuables en mati\u00e8re de d\u00e9fense des valeurs morales et de la justice, \u00e0 commencer par les droits des enfants et de la femme, a adopt\u00e9 une position ferme, en vertu de laquelle, Il entend signifier que nul n\u2019est au dessus de la loi au Royaume et t\u00e9moigner, en m\u00eame temps, de sa compassion avec les familles des victimes de ces actes odieux.<\/li>\n<li>De m\u00eame, en d\u00e9cr\u00e9tant le retrait de la gr\u00e2ce pr\u00e9c\u00e9demment accord\u00e9e au ressortissant espagnol en question et en ordonnant au Ministre de la Justice d\u2019examiner avec son homologue espagnol les suites judiciaires \u00e0 donner au retrait de la gr\u00e2ce, Sa Majest\u00e9 le Roi\u00a0, que Dieu L\u2019assiste, a voulu signifier que le Royaume n\u2019entend pas abandonner les poursuites judiciaires contre ce dangereux criminel au nom des principes universels du Droit et de la justice.<\/li>\n<li>En outre, la Tr\u00e8s Haute D\u00e9cision Royale d\u2019entamer une r\u00e9flexion sur les conditions d\u2019octroi de la gr\u00e2ce \u00e0 ses diff\u00e9rentes \u00e9tapes, survient dans le contexte d\u2019un vaste chantier de r\u00e9formes de la justice au Royaume, initi\u00e9 sous la conduite \u00e9clair\u00e9e de <b>Sa Majest\u00e9 le Roi\u00a0I<\/b>, que Dieu L\u2019assiste, \u00e0 l\u2019image de la Haute Commission Charg\u00e9e du Dialogue National sur la R\u00e9forme de la Justice. Des r\u00e9formes qui visent \u00e0 renforcer l\u2019Etat de Droit, de la justice et des valeurs morales au Royaume.<\/li>\n<li>Hormis les r\u00e9actions indign\u00e9es et l\u00e9gitimes d\u2019un nombre de citoyens marocains qui ont eu le m\u00e9rite d\u2019attirer l\u2019attention sur cette d\u00e9faillance, certains milieux malintentionn\u00e9s ont cherch\u00e9 insidieusement \u00e0 instrumentaliser cette affaire pour concr\u00e9tiser des objectifs vils n\u2019ayant aucun rapport avec la mesure de gr\u00e2ce en faveur de ce criminel. Leurs slogans en disent long sur leurs v\u00e9ritables intentions. Ces m\u00eames milieux qui se sont vus rejet\u00e9s par le peuple marocain qui n\u2019a jamais adh\u00e9r\u00e9 \u00e0 leurs principes subversifs, ont \u00e9t\u00e9 les premiers \u00e0 tenter sans succ\u00e8s de torpiller les r\u00e9formes constitutionnelles qui ont consolid\u00e9 l\u2019Etat de Droit au Maroc et fait de ce pays un exemple \u00e0 suivre dans un monde arabe, jusqu\u2019ici secou\u00e9 par des r\u00e9voltes populaires.<\/li>\n<li>D\u2019autres milieux \u00e9trangers hostiles, entre autres, en Espagne et en Alg\u00e9rie, ainsi que certains m\u00e9dias r\u00e9put\u00e9s pour leur propension \u00e0 s\u2019attaquer au Royaume \u00e0 la moindre occasion, ont \u00e9galement tent\u00e9 de mettre \u00e0 profit cette affaire pour essayer de porter pr\u00e9judice aux relations exemplaires qui lient les Royaumes d\u2019Espagne et du Maroc, compte tenu du fait que c\u2019est le souverain espagnol qui avait sollicit\u00e9 la gr\u00e2ce en faveur de ses citoyens d\u00e9tenus au Royaume \u00e0 l\u2019issue d\u2019une visite exceptionnelle qui a consacr\u00e9 les liens s\u00e9culaires qui unissent les deux pays.<\/li>\n<li>En somme, en d\u00e9cr\u00e9tant une s\u00e9rie de mesures courageuses et ambitieuses dans le sillage de cette affaire, Sa Majest\u00e9 le Roi\u00a0, que Dieu L\u2019assiste, a prouv\u00e9 avec humilit\u00e9 qu\u2019Il est toujours \u00e0 l\u2019\u00e9coute de ses concitoyens et qu\u2019il demeure le principal rempart contre toutes les formes d\u2019injustice, ainsi que le principal garant des droits de la justice et de l\u2019\u00e9quit\u00e9 et des valeurs morales.<\/li>\n<\/ol>\n","protected":false},"excerpt":{"rendered":"<p>Il ressort des deux communiqu\u00e9s royaux ci-mentionn\u00e9s ce qui suit : Le (premier) communiqu\u00e9 Royal aff\u00e9rent \u00e0 l\u2019affaire du p\u00e9dophile<\/p>\n","protected":false},"author":2,"featured_media":429,"comment_status":"open","ping_status":"open","sticky":false,"template":"","format":"standard","meta":{"footnotes":""},"categories":[3,5],"tags":[],"class_list":["post-433","post","type-post","status-publish","format-standard","has-post-thumbnail","hentry","category-accueil","category-maghreb-news"],"_links":{"self":[{"href":"https:\/\/anatem.info\/index.php?rest_route=\/wp\/v2\/posts\/433","targetHints":{"allow":["GET"]}}],"collection":[{"href":"https:\/\/anatem.info\/index.php?rest_route=\/wp\/v2\/posts"}],"about":[{"href":"https:\/\/anatem.info\/index.php?rest_route=\/wp\/v2\/types\/post"}],"author":[{"embeddable":true,"href":"https:\/\/anatem.info\/index.php?rest_route=\/wp\/v2\/users\/2"}],"replies":[{"embeddable":true,"href":"https:\/\/anatem.info\/index.php?rest_route=%2Fwp%2Fv2%2Fcomments&post=433"}],"version-history":[{"count":4,"href":"https:\/\/anatem.info\/index.php?rest_route=\/wp\/v2\/posts\/433\/revisions"}],"predecessor-version":[{"id":681,"href":"https:\/\/anatem.info\/index.php?rest_route=\/wp\/v2\/posts\/433\/revisions\/681"}],"wp:featuredmedia":[{"embeddable":true,"href":"https:\/\/anatem.info\/index.php?rest_route=\/wp\/v2\/media\/429"}],"wp:attachment":[{"href":"https:\/\/anatem.info\/index.php?rest_route=%2Fwp%2Fv2%2Fmedia&parent=433"}],"wp:term":[{"taxonomy":"category","embeddable":true,"href":"https:\/\/anatem.info\/index.php?rest_route=%2Fwp%2Fv2%2Fcategories&post=433"},{"taxonomy":"post_tag","embeddable":true,"href":"https:\/\/anatem.info\/index.php?rest_route=%2Fwp%2Fv2%2Ftags&post=433"}],"curies":[{"name":"wp","href":"https:\/\/api.w.org\/{rel}","templated":true}]}}