{"id":436,"date":"2013-08-06T13:47:49","date_gmt":"2013-08-06T13:47:49","guid":{"rendered":"http:\/\/anatem.info\/?p=436"},"modified":"2013-12-12T06:47:49","modified_gmt":"2013-12-12T06:47:49","slug":"lenquete-ordonnee-par-sm-le-roi-a-permis-de-localiser-la-defaillance-au-niveau-de-la-delegation-generale-de-ladministration-penitentiaire-et-de-la-reinsertion-communique","status":"publish","type":"post","link":"https:\/\/anatem.info\/?p=436","title":{"rendered":"L&rsquo;enqu?te ordonn?e par SM le Roi a permis de localiser la d?faillance au niveau de la D?l?gation g?n?rale de l&rsquo;administration p?nitentiaire et de la r?insertion (Communiqu"},"content":{"rendered":"<p><!--[if gte mso 9]&gt;--><\/p>\n<p class=\"MsoNormal\" style=\"text-align: justify;line-height: normal\"><span lang=\"FR\" style=\"font-size: 14.0pt;font-family: 'Times New Roman','serif'\">MAP- 05\/08\/2013 &#8211; L&rsquo;enqu\u00eate ordonn\u00e9e par SM le Roi au sujet de la proc\u00e9dure de lib\u00e9ration du d\u00e9nomm\u00e9 Daniel Galvan Fina, a permis de localiser la d\u00e9faillance au niveau de la D\u00e9l\u00e9gation g\u00e9n\u00e9rale de l&rsquo;administration p\u00e9nitentiaire et de la r\u00e9insertion et de retenir son enti\u00e8re responsabilit\u00e9, indique lundi un communiqu\u00e9 du Cabinet royal dont voici le texte :<\/span><\/p>\n<p class=\"MsoNormal\" style=\"text-align: justify;line-height: normal\"><span lang=\"FR\" style=\"font-size: 14.0pt;font-family: 'Times New Roman','serif'\">\u00ab\u00a0D\u00e8s le moment o\u00f9 il a pris connaissance des erreurs qui ont entach\u00e9 la proc\u00e9dure de lib\u00e9ration du d\u00e9nomm\u00e9 Daniel Galvan Fina, Sa Majest\u00e9 le Roi, que Dieu L&rsquo;assiste, a ordonn\u00e9 qu&rsquo;une enqu\u00eate approfondie soit diligent\u00e9e et a confi\u00e9 les investigations \u00e0 une commission pr\u00e9sid\u00e9e conjointement par le Ministre de l&rsquo;Int\u00e9rieur et le Procureur g\u00e9n\u00e9ral pr\u00e8s la Cour de cassation.<\/span><\/p>\n<p class=\"MsoNormal\" style=\"text-align: justify;line-height: normal\"><span lang=\"FR\" style=\"font-size: 14.0pt;font-family: 'Times New Roman','serif'\">\u00a0Conform\u00e9ment aux Hautes directives Royales, l&rsquo;enqu\u00eate portait sur la d\u00e9termination des responsabilit\u00e9s et des points de d\u00e9faillance qui ont conduit \u00e0 cette lib\u00e9ration.<\/span><\/p>\n<p class=\"MsoNormal\" style=\"text-align: justify;line-height: normal\"><span lang=\"FR\" style=\"font-size: 14.0pt;font-family: 'Times New Roman','serif'\">\u00a0Cette enqu\u00eate a ainsi permis de localiser la d\u00e9faillance au niveau de la D\u00e9l\u00e9gation g\u00e9n\u00e9rale de l&rsquo;administration p\u00e9nitentiaire et de la r\u00e9insertion et de retenir son enti\u00e8re responsabilit\u00e9.<\/span><\/p>\n<p class=\"MsoNormal\" style=\"text-align: justify;line-height: normal\"><span lang=\"FR\" style=\"font-size: 14.0pt;font-family: 'Times New Roman','serif'\">\u00a0L&rsquo;enqu\u00eate a conclu que ladite administration, lorsqu&rsquo;elle a \u00e9t\u00e9 sollicit\u00e9e par le Cabinet Royal, a transmis par inadvertance des informations erron\u00e9es de la situation p\u00e9nale de l&rsquo;int\u00e9ress\u00e9, qui faisait partie d&rsquo;une liste de 48 d\u00e9tenus de nationalit\u00e9 Espagnole.<\/span><\/p>\n<p class=\"MsoNormal\" style=\"text-align: justify;line-height: normal\"><span lang=\"FR\" style=\"font-size: 14.0pt;font-family: 'Times New Roman','serif'\">\u00a0En cons\u00e9quence Sa Majest\u00e9 le Roi a donn\u00e9 Ses Hautes Instructions \u00e0 l&rsquo;effet de proc\u00e9der \u00e0 la r\u00e9vocation du d\u00e9l\u00e9gu\u00e9 g\u00e9n\u00e9ral \u00e0 l&rsquo;administration p\u00e9nitentiaire et \u00e0 la r\u00e9insertion.<\/span><\/p>\n<p class=\"MsoNormal\" style=\"text-align: justify;line-height: normal\"><span lang=\"FR\" style=\"font-size: 14.0pt;font-family: 'Times New Roman','serif'\">Sa Majest\u00e9 Le Roi que Dieu L&rsquo;assiste r\u00e9affirme son constant et in\u00e9branlable engagement en faveur de la protection de l&rsquo;enfance et du plein respect des dispositifs de l&rsquo;Etat de droit\u00a0\u00bb.<\/span><\/p>\n","protected":false},"excerpt":{"rendered":"<p>MAP- 05\/08\/2013 &#8211; L&rsquo;enqu\u00eate ordonn\u00e9e par SM le Roi au sujet de la proc\u00e9dure de lib\u00e9ration du d\u00e9nomm\u00e9 Daniel Galvan<\/p>\n","protected":false},"author":2,"featured_media":437,"comment_status":"open","ping_status":"open","sticky":false,"template":"","format":"standard","meta":{"footnotes":""},"categories":[3,5],"tags":[37,35],"class_list":["post-436","post","type-post","status-publish","format-standard","has-post-thumbnail","hentry","category-accueil","category-maghreb-news","tag-ben-hachem","tag-daniel-galvan"],"_links":{"self":[{"href":"https:\/\/anatem.info\/index.php?rest_route=\/wp\/v2\/posts\/436","targetHints":{"allow":["GET"]}}],"collection":[{"href":"https:\/\/anatem.info\/index.php?rest_route=\/wp\/v2\/posts"}],"about":[{"href":"https:\/\/anatem.info\/index.php?rest_route=\/wp\/v2\/types\/post"}],"author":[{"embeddable":true,"href":"https:\/\/anatem.info\/index.php?rest_route=\/wp\/v2\/users\/2"}],"replies":[{"embeddable":true,"href":"https:\/\/anatem.info\/index.php?rest_route=%2Fwp%2Fv2%2Fcomments&post=436"}],"version-history":[{"count":5,"href":"https:\/\/anatem.info\/index.php?rest_route=\/wp\/v2\/posts\/436\/revisions"}],"predecessor-version":[{"id":674,"href":"https:\/\/anatem.info\/index.php?rest_route=\/wp\/v2\/posts\/436\/revisions\/674"}],"wp:featuredmedia":[{"embeddable":true,"href":"https:\/\/anatem.info\/index.php?rest_route=\/wp\/v2\/media\/437"}],"wp:attachment":[{"href":"https:\/\/anatem.info\/index.php?rest_route=%2Fwp%2Fv2%2Fmedia&parent=436"}],"wp:term":[{"taxonomy":"category","embeddable":true,"href":"https:\/\/anatem.info\/index.php?rest_route=%2Fwp%2Fv2%2Fcategories&post=436"},{"taxonomy":"post_tag","embeddable":true,"href":"https:\/\/anatem.info\/index.php?rest_route=%2Fwp%2Fv2%2Ftags&post=436"}],"curies":[{"name":"wp","href":"https:\/\/api.w.org\/{rel}","templated":true}]}}