{"id":472,"date":"2013-09-10T16:49:03","date_gmt":"2013-09-10T16:49:03","guid":{"rendered":"http:\/\/anatem.info\/?p=472"},"modified":"2013-09-10T16:49:03","modified_gmt":"2013-09-10T16:49:03","slug":"sm-le-roi-prend-connaissance-du-rapport-thematique-du-cndh-relatif-a-la-situation-des-migrants-et-des-refugies-au-maroc-cabinet-royal","status":"publish","type":"post","link":"https:\/\/anatem.info\/?p=472","title":{"rendered":"SM le Roi prend connaissance du rapport th\u00e9matique du CNDH relatif \u00e0 la situation des migrants et des r\u00e9fugi\u00e9s au Maroc (Cabinet Royal)"},"content":{"rendered":"<p>Rabat, 09 sept. 2013 (MAP) &#8211; Sa Majest\u00e9 le Roi Mohammed VI, que Dieu l&rsquo;Assiste, a pris connaissance du rapport th\u00e9matique relatif \u00e0 la situation des migrants et des r\u00e9fugi\u00e9s au Maroc, soumis \u00e0 la Haute Appr\u00e9ciation de Sa Majest\u00e9<br \/>\npar le Conseil National des Droits de l&rsquo;Homme, en vertu de l&rsquo;article 24 du Dahir portant cr\u00e9ation de ce Conseil et conform\u00e9ment \u00e0 ses pr\u00e9rogatives, telles que d\u00e9finies dans les articles 13 \u00e0 17, indique lundi un communiqu\u00e9 du Cabinet Royal.<\/p>\n<p>\u00ab Tout en rappelant que le Royaume du Maroc a toujours \u00e9t\u00e9 un pays d&rsquo;\u00e9migration et une terre d&rsquo;immigration, le rapport du CNDH souligne la longue tradition d&rsquo;immigration et d&rsquo;accueil du Maroc, dues notamment \u00e0 ses relations s\u00e9culaires avec l&rsquo;Afrique sub-saharienne, explique le cadre juridique national et international qui r\u00e9git les \u00e9trangers au Maroc et en particulier la Constitution qui garantit le principe de non discrimination, le droit d&rsquo;asile et l&rsquo;\u00e9galit\u00e9 de droits entre nationaux et \u00e9trangers et pr\u00e9sente enfin des recommandations, apr\u00e8s avoir analys\u00e9 les mutations en cours relatives aux migrants et aux r\u00e9fugi\u00e9s \u00bb, ajoute le communiqu\u00e9.<\/p>\n<p>\u00ab Le Souverain a pris note des recommandations pertinentes du CNDH et a r\u00e9it\u00e9r\u00e9 sa conviction que la probl\u00e9matique migratoire, objet de pr\u00e9occupations l\u00e9gitimes et parfois sujet de pol\u00e9miques, doit \u00eatre approch\u00e9e de mani\u00e8re globale et<br \/>\nhumaniste, conform\u00e9ment au droit international et dans le cadre d&rsquo;une coop\u00e9ration multilat\u00e9rale r\u00e9nov\u00e9e \u00bb, conclut le communiqu\u00e9 du Cabinet Royal.<\/p>\n","protected":false},"excerpt":{"rendered":"<p>Rabat, 09 sept. 2013 (MAP) &#8211; Sa Majest\u00e9 le Roi Mohammed VI, que Dieu l&rsquo;Assiste, a pris connaissance du rapport<\/p>\n","protected":false},"author":2,"featured_media":429,"comment_status":"open","ping_status":"open","sticky":false,"template":"","format":"standard","meta":{"footnotes":""},"categories":[3,5],"tags":[44,13,43],"class_list":["post-472","post","type-post","status-publish","format-standard","has-post-thumbnail","hentry","category-accueil","category-maghreb-news","tag-cndh","tag-maroc","tag-migrants-refugies"],"_links":{"self":[{"href":"https:\/\/anatem.info\/index.php?rest_route=\/wp\/v2\/posts\/472","targetHints":{"allow":["GET"]}}],"collection":[{"href":"https:\/\/anatem.info\/index.php?rest_route=\/wp\/v2\/posts"}],"about":[{"href":"https:\/\/anatem.info\/index.php?rest_route=\/wp\/v2\/types\/post"}],"author":[{"embeddable":true,"href":"https:\/\/anatem.info\/index.php?rest_route=\/wp\/v2\/users\/2"}],"replies":[{"embeddable":true,"href":"https:\/\/anatem.info\/index.php?rest_route=%2Fwp%2Fv2%2Fcomments&post=472"}],"version-history":[{"count":1,"href":"https:\/\/anatem.info\/index.php?rest_route=\/wp\/v2\/posts\/472\/revisions"}],"predecessor-version":[{"id":473,"href":"https:\/\/anatem.info\/index.php?rest_route=\/wp\/v2\/posts\/472\/revisions\/473"}],"wp:featuredmedia":[{"embeddable":true,"href":"https:\/\/anatem.info\/index.php?rest_route=\/wp\/v2\/media\/429"}],"wp:attachment":[{"href":"https:\/\/anatem.info\/index.php?rest_route=%2Fwp%2Fv2%2Fmedia&parent=472"}],"wp:term":[{"taxonomy":"category","embeddable":true,"href":"https:\/\/anatem.info\/index.php?rest_route=%2Fwp%2Fv2%2Fcategories&post=472"},{"taxonomy":"post_tag","embeddable":true,"href":"https:\/\/anatem.info\/index.php?rest_route=%2Fwp%2Fv2%2Ftags&post=472"}],"curies":[{"name":"wp","href":"https:\/\/api.w.org\/{rel}","templated":true}]}}