{"id":501,"date":"2013-09-18T15:47:48","date_gmt":"2013-09-18T15:47:48","guid":{"rendered":"http:\/\/anatem.info\/?p=501"},"modified":"2013-09-18T15:47:48","modified_gmt":"2013-09-18T15:47:48","slug":"maroc-senegal-convergence-de-points-de-vue-sur-la-question-migratoire","status":"publish","type":"post","link":"https:\/\/anatem.info\/?p=501","title":{"rendered":"Maroc \/ S\u00e9n\u00e9gal : Convergence de points de vue sur la question migratoire"},"content":{"rendered":"<p>Rabat, 17 sept 2013 (MAP) &#8211; Sa Majest\u00e9 le Roi Mohammed VI, que Dieu l&rsquo;assiste, a re\u00e7u, le 17\/09\/2013,\u00a0 un appel t\u00e9l\u00e9phonique de la part de Son Excellence Macky Sali, Pr\u00e9sident de la R\u00e9publique du S\u00e9n\u00e9gal, indique mardi un communiqu\u00e9 du Cabinet Royal.<\/p>\n<p>Le Pr\u00e9sident Macky Sali a t\u00e9moign\u00e9, lors de cet entretien, \u00e0 SM Le Roi la pleine adh\u00e9sion du S\u00e9n\u00e9gal \u00e0 la dynamique qu\u2019entend engager le Maroc dans le domaine de la gestion des flux migratoires, politique qui s\u2019inscrit r\u00e9solument dans les acquis qu\u2019a engrang\u00e9s le Maroc en mati\u00e8re de droits de l\u2019homme.<\/p>\n<p>M. Sali a exprim\u00e9 sa foi dans la n\u00e9cessit\u00e9 pour les Etats africains de s\u2019engager sur la question, en pla\u00e7ant les questions de l\u2019immigration comme l\u2019une des priorit\u00e9s nationales et continentales.<\/p>\n<p>SM le Roi et le pr\u00e9sident du S\u00e9n\u00e9gal ont convenu, lors de cet entretien, d\u2019aller de l\u2019avant sur cette question \u00e0 travers des consultations r\u00e9guli\u00e8res et des r\u00e9flexions communes, ajoute le communiqu\u00e9.<\/p>\n","protected":false},"excerpt":{"rendered":"<p>Rabat, 17 sept 2013 (MAP) &#8211; Sa Majest\u00e9 le Roi Mohammed VI, que Dieu l&rsquo;assiste, a re\u00e7u, le 17\/09\/2013,\u00a0 un<\/p>\n","protected":false},"author":2,"featured_media":0,"comment_status":"open","ping_status":"open","sticky":false,"template":"","format":"standard","meta":{"footnotes":""},"categories":[3,5],"tags":[],"class_list":["post-501","post","type-post","status-publish","format-standard","hentry","category-accueil","category-maghreb-news"],"_links":{"self":[{"href":"https:\/\/anatem.info\/index.php?rest_route=\/wp\/v2\/posts\/501","targetHints":{"allow":["GET"]}}],"collection":[{"href":"https:\/\/anatem.info\/index.php?rest_route=\/wp\/v2\/posts"}],"about":[{"href":"https:\/\/anatem.info\/index.php?rest_route=\/wp\/v2\/types\/post"}],"author":[{"embeddable":true,"href":"https:\/\/anatem.info\/index.php?rest_route=\/wp\/v2\/users\/2"}],"replies":[{"embeddable":true,"href":"https:\/\/anatem.info\/index.php?rest_route=%2Fwp%2Fv2%2Fcomments&post=501"}],"version-history":[{"count":1,"href":"https:\/\/anatem.info\/index.php?rest_route=\/wp\/v2\/posts\/501\/revisions"}],"predecessor-version":[{"id":503,"href":"https:\/\/anatem.info\/index.php?rest_route=\/wp\/v2\/posts\/501\/revisions\/503"}],"wp:attachment":[{"href":"https:\/\/anatem.info\/index.php?rest_route=%2Fwp%2Fv2%2Fmedia&parent=501"}],"wp:term":[{"taxonomy":"category","embeddable":true,"href":"https:\/\/anatem.info\/index.php?rest_route=%2Fwp%2Fv2%2Fcategories&post=501"},{"taxonomy":"post_tag","embeddable":true,"href":"https:\/\/anatem.info\/index.php?rest_route=%2Fwp%2Fv2%2Ftags&post=501"}],"curies":[{"name":"wp","href":"https:\/\/api.w.org\/{rel}","templated":true}]}}