{"id":504,"date":"2013-09-20T14:33:38","date_gmt":"2013-09-20T14:33:38","guid":{"rendered":"http:\/\/anatem.info\/?p=504"},"modified":"2013-09-20T14:33:39","modified_gmt":"2013-09-20T14:33:39","slug":"le-president-ibrahim-boubacar-keita-rend-un-vibrant-hommage-a-sm-le-roi","status":"publish","type":"post","link":"https:\/\/anatem.info\/?p=504","title":{"rendered":"Le Pr\u00e9sident Ibrahim Boubacar Keita rend un vibrant hommage \u00e0 SM le Roi"},"content":{"rendered":"<p>Bamako, 19 sept. 2013 (MAP) \u2013 Le nouveau pr\u00e9sident malien, Ibrahim Boubacar Keita, a rendu un vibrant hommage \u00e0 SM le Roi Mohammed VI, notamment pour Son engagement en faveur de l&rsquo;Homme.<\/p>\n<p>Dans son discours lors de la c\u00e9r\u00e9monie de son investiture solennelle, jeudi \u00e0 Bamako, le pr\u00e9sident malien a tenu \u00e0 remercier le Souverain dont \u00ab\u00a0\u00a0\u00bbl&rsquo;Auguste pr\u00e9sence, ce jour, constitue un incommensurable et insigne honneur pour le peuple malien\u00a0\u00bb\u00a0\u00bb.<\/p>\n<p>\u00ab\u00a0\u00a0\u00bbMerci, grand merci \u00e0 Vous, Majest\u00e9, pour l&rsquo;incommensurable et insigne honneur que Vous faites \u00e0 notre peuple et \u00e0 notre modeste personne par Votre pr\u00e9sence auguste ici, aujourd&rsquo;hui\u00a0\u00bb\u00a0\u00bb, a dit M. Keita devant un parterre de plus d&rsquo;une vingtaine de chefs d&rsquo;Etat et de gouvernement.<\/p>\n<p>\u00ab\u00a0\u00a0\u00bbSire, Votre pr\u00e9sence, ici aujourd&rsquo;hui, est un signe incontestable d&rsquo;estime et d&rsquo;amiti\u00e9 dont nous Vous saurons \u00e9ternellement gr\u00e9\u00a0\u00bb\u00a0\u00bb, a-t-il ajout\u00e9.<\/p>\n<p>Le Chef de l&rsquo;Etat malien a \u00e9galement tenu \u00e0 rappeler que la participation de SM le Roi \u00e0 \u00ab\u00a0\u00a0\u00bbnotre d\u00e9but de mandat\u00a0\u00bb\u00a0\u00bb, intervient \u00ab\u00a0\u00a0\u00bbcinquante ans apr\u00e8s que celui qui a incarn\u00e9 au plus haut point la dignit\u00e9 et l&rsquo;honneur du Mali (pr\u00e9sident Modibo Keita), ait re\u00e7u le tr\u00e8s auguste et tr\u00e8s v\u00e9n\u00e9r\u00e9, Feu SM Hassan II\u00a0\u00bb\u00a0\u00bb.<\/p>\n<p>Il a, de m\u00eame, affirm\u00e9 que l&rsquo;action r\u00e9cente de SM le Roi en faveur des immigr\u00e9s \u00ab\u00a0\u00a0\u00bbest une \u00e9loquente illustration de Votre engagement pour l&rsquo;Homme\u00a0\u00bb\u00a0\u00bb.<\/p>\n<p>Mettant en avant les rapports, qui ont de tout temps, li\u00e9 le Maroc et le Mali, \u00ab\u00a0\u00a0\u00bbdes rapports, tiss\u00e9s au long des si\u00e8cles, f\u00e9cond\u00e9s par Ahmad Babar El Soudani et d&rsquo;autres \u00e9minents jurisconsultes ( )\u00a0\u00bb\u00a0\u00bb, le pr\u00e9sident malien a souhait\u00e9 \u00e0 SM le Roi la bienvenue au Mali \u00ab\u00a0\u00a0\u00bbune terre o\u00f9 Votre Majest\u00e9 n&rsquo;est point \u00e9trang\u00e8re\u00a0\u00bb\u00a0\u00bb.<\/p>\n<p>Le pr\u00e9sident Ibrahim Boubacar Keita a \u00e9t\u00e9 install\u00e9, ce jeudi lors d&rsquo;une c\u00e9r\u00e9monie solennelle, dans ses nouvelles fonctions de Chef de l&rsquo;Etat, en pr\u00e9sence de plus d&rsquo;une vingtaine de chefs d&rsquo;Etat de gouvernement, dont 14 venant des pays de la CEDEAO. (MAP).<\/p>\n","protected":false},"excerpt":{"rendered":"<p>Bamako, 19 sept. 2013 (MAP) \u2013 Le nouveau pr\u00e9sident malien, Ibrahim Boubacar Keita, a rendu un vibrant hommage \u00e0 SM<\/p>\n","protected":false},"author":2,"featured_media":505,"comment_status":"open","ping_status":"open","sticky":false,"template":"","format":"standard","meta":{"footnotes":""},"categories":[3,5],"tags":[],"class_list":["post-504","post","type-post","status-publish","format-standard","has-post-thumbnail","hentry","category-accueil","category-maghreb-news"],"_links":{"self":[{"href":"https:\/\/anatem.info\/index.php?rest_route=\/wp\/v2\/posts\/504","targetHints":{"allow":["GET"]}}],"collection":[{"href":"https:\/\/anatem.info\/index.php?rest_route=\/wp\/v2\/posts"}],"about":[{"href":"https:\/\/anatem.info\/index.php?rest_route=\/wp\/v2\/types\/post"}],"author":[{"embeddable":true,"href":"https:\/\/anatem.info\/index.php?rest_route=\/wp\/v2\/users\/2"}],"replies":[{"embeddable":true,"href":"https:\/\/anatem.info\/index.php?rest_route=%2Fwp%2Fv2%2Fcomments&post=504"}],"version-history":[{"count":1,"href":"https:\/\/anatem.info\/index.php?rest_route=\/wp\/v2\/posts\/504\/revisions"}],"predecessor-version":[{"id":506,"href":"https:\/\/anatem.info\/index.php?rest_route=\/wp\/v2\/posts\/504\/revisions\/506"}],"wp:featuredmedia":[{"embeddable":true,"href":"https:\/\/anatem.info\/index.php?rest_route=\/wp\/v2\/media\/505"}],"wp:attachment":[{"href":"https:\/\/anatem.info\/index.php?rest_route=%2Fwp%2Fv2%2Fmedia&parent=504"}],"wp:term":[{"taxonomy":"category","embeddable":true,"href":"https:\/\/anatem.info\/index.php?rest_route=%2Fwp%2Fv2%2Fcategories&post=504"},{"taxonomy":"post_tag","embeddable":true,"href":"https:\/\/anatem.info\/index.php?rest_route=%2Fwp%2Fv2%2Ftags&post=504"}],"curies":[{"name":"wp","href":"https:\/\/api.w.org\/{rel}","templated":true}]}}