{"id":5057,"date":"2021-09-22T15:07:00","date_gmt":"2021-09-22T15:07:00","guid":{"rendered":"https:\/\/anatem.info\/?p=5057"},"modified":"2021-09-23T15:11:43","modified_gmt":"2021-09-23T15:11:43","slug":"geneve-une-ong-sahraouie-denonce-les-disparitions-forcees-dans-les-camps-de-tindouf","status":"publish","type":"post","link":"https:\/\/anatem.info\/?p=5057","title":{"rendered":"Gen\u00e8ve : Une ONG sahraouie d\u00e9nonce les disparitions forc\u00e9es dans les camps de Tindouf"},"content":{"rendered":"\n<p>Gen\u00e8ve, le 21 septembre 2021 (MAP) \u2013 La pr\u00e9sidente de l\u2019association sahraouie contre l\u2019impunit\u00e9 aux camps de Tindouf, Lemaadla Mohamed Salem El-Koury a d\u00e9nonc\u00e9, mardi \u00e0 Gen\u00e8ve, les disparitions forc\u00e9es et les violations commises par les milices arm\u00e9es du polisario dans lesdits camps, soulignant la responsabilit\u00e9 enti\u00e8re de l\u2019Etat alg\u00e9rien dans tous ces crimes perp\u00e9tr\u00e9s sur son territoire.<\/p>\n\n\n\n<p>S\u2019exprimant lors du dialogue interactif avec le groupe de travail sur les disparitions forc\u00e9es et involontaires ((GTDFI) dans le cadre de la 48\u00e8me session du Conseil des Droits de l\u2019homme, Mme Lemaadla El Khoury, elle-m\u00eame fille de l\u2019une des victimes de la disparition forc\u00e9e dans les camps de Tindouf au sud de l\u2019Alg\u00e9rie, a d\u00e9nonc\u00e9 l\u2019impunit\u00e9 dont jouissent les tortionnaires et les auteurs des graves violations des droits de l\u2019homme et des actes de kidnapping dans les camps des s\u00e9paratistes du polisario.<\/p>\n\n\n\n<p>Elle a indiqu\u00e9 que son association a recens\u00e9 et identifi\u00e9 jusqu\u2019\u00e0 pr\u00e9sent 134 cas de personnes port\u00e9es disparues parmi les centaines de Sahraouis qui ont \u00e9t\u00e9 enlev\u00e9s et tortur\u00e9s jusqu\u2019\u00e0 la mort par les dirigeants du polisario en connivence avec les services de renseignement alg\u00e9riens dans des centres de d\u00e9tention secrets, en particulier dans les prisons d\u2019Erraachid et de Dhaybiya pr\u00e8s des camps de Tindouf.<\/p>\n\n\n\n<p>\u00ab Malgr\u00e9 nos efforts pour d\u00e9voiler le sort de nos proches, y compris \u00e0 travers le recours aux m\u00e9canismes internationaux, l\u2019Etat alg\u00e9rien, qui porte la responsabilit\u00e9 des crimes commis sur son territoire conform\u00e9ment au droit international et des trait\u00e9s qu\u2019il a sign\u00e9s, refuse toujours de traiter ce dossier et prive les familles des victimes de tout recours \u00e0 la justice \u00bb, a-t-elle fait observer.<\/p>\n\n\n\n<p>Cette attitude des autorit\u00e9s alg\u00e9riennes, a-t-elle poursuivi, offre ainsi aux tortionnaires dans les camps de Tindouf une protection absolue contre toute poursuite judiciaire, tout en les encourageant \u00e0 persister dans les pratiques d\u2019enl\u00e8vement, de disparition forc\u00e9e et de r\u00e9pression du droit \u00e0 la libert\u00e9 d\u2019opinion, d\u2019expression et de manifestation contre les graves violences commises par l\u2019arm\u00e9e alg\u00e9rienne et les milices des s\u00e9paratises \u00e0 l\u2019encontre des populations desdits camps.<\/p>\n\n\n\n<p>Elle a invit\u00e9 le Groupe de travail onusien \u00e0 \u00ab accorder l\u2019attention n\u00e9cessaire \u00e0 la question de la disparition de nos proches dans les camps de Tindouf \u00bb, et \u00e0 faire pression sur le gouvernement alg\u00e9rien pour \u00ab d\u00e9voiler le sort des personnes disparues, et r\u00e9cup\u00e9rer les d\u00e9pouilles ou les restes humains des personnes d\u00e9c\u00e9d\u00e9es parmi elles, pour leur offrir une s\u00e9pulture digne \u00bb.<\/p>\n","protected":false},"excerpt":{"rendered":"<p>Gen\u00e8ve, le 21 septembre 2021 (MAP) \u2013 La pr\u00e9sidente de l\u2019association sahraouie contre l\u2019impunit\u00e9 aux camps de Tindouf, Lemaadla Mohamed<\/p>\n","protected":false},"author":2,"featured_media":4285,"comment_status":"closed","ping_status":"closed","sticky":false,"template":"","format":"standard","meta":{"footnotes":""},"categories":[3,62],"tags":[],"class_list":["post-5057","post","type-post","status-publish","format-standard","has-post-thumbnail","hentry","category-accueil","category-afrique"],"_links":{"self":[{"href":"https:\/\/anatem.info\/index.php?rest_route=\/wp\/v2\/posts\/5057","targetHints":{"allow":["GET"]}}],"collection":[{"href":"https:\/\/anatem.info\/index.php?rest_route=\/wp\/v2\/posts"}],"about":[{"href":"https:\/\/anatem.info\/index.php?rest_route=\/wp\/v2\/types\/post"}],"author":[{"embeddable":true,"href":"https:\/\/anatem.info\/index.php?rest_route=\/wp\/v2\/users\/2"}],"replies":[{"embeddable":true,"href":"https:\/\/anatem.info\/index.php?rest_route=%2Fwp%2Fv2%2Fcomments&post=5057"}],"version-history":[{"count":1,"href":"https:\/\/anatem.info\/index.php?rest_route=\/wp\/v2\/posts\/5057\/revisions"}],"predecessor-version":[{"id":5058,"href":"https:\/\/anatem.info\/index.php?rest_route=\/wp\/v2\/posts\/5057\/revisions\/5058"}],"wp:featuredmedia":[{"embeddable":true,"href":"https:\/\/anatem.info\/index.php?rest_route=\/wp\/v2\/media\/4285"}],"wp:attachment":[{"href":"https:\/\/anatem.info\/index.php?rest_route=%2Fwp%2Fv2%2Fmedia&parent=5057"}],"wp:term":[{"taxonomy":"category","embeddable":true,"href":"https:\/\/anatem.info\/index.php?rest_route=%2Fwp%2Fv2%2Fcategories&post=5057"},{"taxonomy":"post_tag","embeddable":true,"href":"https:\/\/anatem.info\/index.php?rest_route=%2Fwp%2Fv2%2Ftags&post=5057"}],"curies":[{"name":"wp","href":"https:\/\/api.w.org\/{rel}","templated":true}]}}